{"id":4589,"date":"2019-11-03T19:07:20","date_gmt":"2019-11-03T18:07:20","guid":{"rendered":"http:\/\/www.gsgrebenstein.net\/wordpress\/?p=4589"},"modified":"2020-12-28T18:57:15","modified_gmt":"2020-12-28T17:57:15","slug":"32-cafe-beruf","status":"publish","type":"post","link":"https:\/\/altgsgrebenstein.de\/?p=4589","title":{"rendered":"32. Caf\u00e9 Beruf"},"content":{"rendered":"\r\n<p>Am 1. November fand von 17-19 Uhr das mittlerweile 32. Caf\u00e9 Beruf an der HGS statt.<\/p>\r\n<p>Zu Gast waren dieses Mal die Firma <strong>BODE Schaltbau<\/strong> aus Kassel (Fahrzeugt\u00fcrsysteme), die Firma<strong> Hackl\u00e4nder<\/strong> aus Kassel\u00a0 (Stahlhandel- und Verarbeitung), die Firma <strong>Promundius <\/strong>aus Calden (Arbeitssicherheit, Sicherheitstechnik) und die <strong>Agentur f\u00fcr Arbeit Kassel <\/strong>in Form von Herrn Langenegger, der das Berufswahlb\u00fcro der HGS betreut und \u00fcber verschiedene Wege nach der Schule informierte.<\/p>\r\n<p><a href=\"http:\/\/altgsgrebenstein.de\/wp-content\/uploads\/2019\/11\/20191101_174217-1-scaled.jpg\"><img decoding=\"async\" class=\"aligncenter size-medium wp-image-12734\" src=\"http:\/\/altgsgrebenstein.de\/wp-content\/uploads\/2019\/11\/20191101_174217-1-300x225.jpg\" alt=\"\" width=\"300\" height=\"225\" srcset=\"https:\/\/altgsgrebenstein.de\/wp-content\/uploads\/2019\/11\/20191101_174217-1-300x225.jpg 300w, https:\/\/altgsgrebenstein.de\/wp-content\/uploads\/2019\/11\/20191101_174217-1-1024x768.jpg 1024w, https:\/\/altgsgrebenstein.de\/wp-content\/uploads\/2019\/11\/20191101_174217-1-768x576.jpg 768w, https:\/\/altgsgrebenstein.de\/wp-content\/uploads\/2019\/11\/20191101_174217-1-1536x1152.jpg 1536w, https:\/\/altgsgrebenstein.de\/wp-content\/uploads\/2019\/11\/20191101_174217-1-2048x1536.jpg 2048w\" sizes=\"(max-width: 300px) 100vw, 300px\" \/><\/a><\/p>\r\n<p>Die vielf\u00e4ltigen Angebote boten der Sch\u00fclerschaft wieder interessante Einblicke in die Berufswelt, auch einige Eltern besuchten die Angebote gemeinsam mit ihren Kindern und rundeten die gut besuchte Veranstaltung mit ihrer Anwesenheit ab. So konnte man bei der Firma Hackl\u00e4nder beispielsweise praktische Arbeiten ausprobieren, bei den Firmen Promundius und Bode ehemaligen HGS-Sch\u00fclern Fragen zu ihrer Ausbildung stellen sowie\u00a0 sich von Herrn Langenegger im Gespr\u00e4ch vielf\u00e4ltige M\u00f6glichkeiten nach der 9. oder 10. Klasse aufzeigen lassen, die manchem sicher den eigenen Horizont erweitern konnten.<\/p>\r\n<p>Insgesamt war das 32. Caf\u00e9 Beruf wieder eine lebendige und informative BSO-Veranstaltung, die sowohl von den Firmenvertretern als auch Sch\u00fclern und Eltern positiv aufgenommen und gelobt wurde. Somit blicken wir schon in Richtung Mai 2020, in dem das 33. Caf\u00e9 Beruf wieder mit neuen Firmen aufwartet, die sich gemeinsam mit den Sch\u00fclerInnen und Eltern \u00fcber Berufsbilder, Betriebsabl\u00e4ufe, Einstellungsvoraussetzungen und viele weitere Themen austauschen werden.<\/p>\r\n<p><a href=\"http:\/\/altgsgrebenstein.de\/wp-content\/uploads\/2019\/11\/20191101_190700-1-scaled.jpg\"><img decoding=\"async\" class=\"aligncenter size-medium wp-image-12735\" src=\"http:\/\/altgsgrebenstein.de\/wp-content\/uploads\/2019\/11\/20191101_190700-1-300x225.jpg\" alt=\"\" width=\"300\" height=\"225\" srcset=\"https:\/\/altgsgrebenstein.de\/wp-content\/uploads\/2019\/11\/20191101_190700-1-300x225.jpg 300w, https:\/\/altgsgrebenstein.de\/wp-content\/uploads\/2019\/11\/20191101_190700-1-1024x768.jpg 1024w, https:\/\/altgsgrebenstein.de\/wp-content\/uploads\/2019\/11\/20191101_190700-1-768x576.jpg 768w, https:\/\/altgsgrebenstein.de\/wp-content\/uploads\/2019\/11\/20191101_190700-1-1536x1152.jpg 1536w, https:\/\/altgsgrebenstein.de\/wp-content\/uploads\/2019\/11\/20191101_190700-1-2048x1536.jpg 2048w\" sizes=\"(max-width: 300px) 100vw, 300px\" \/><\/a><\/p>\r\n<p>&nbsp;<\/p>\r\n","protected":false},"excerpt":{"rendered":"<p>Am 1. November fand von 17-19 Uhr das mittlerweile 32. Caf\u00e9 Beruf an der HGS statt. Zu Gast waren dieses Mal die Firma BODE Schaltbau aus Kassel (Fahrzeugt\u00fcrsysteme), die Firma Hackl\u00e4nder aus Kassel\u00a0 (Stahlhandel- und Verarbeitung), die Firma Promundius aus Calden (Arbeitssicherheit, Sicherheitstechnik) und die Agentur f\u00fcr Arbeit Kassel in Form von Herrn Langenegger, der &hellip; <a href=\"https:\/\/altgsgrebenstein.de\/?p=4589\" class=\"more-link\"><span class=\"screen-reader-text\">32. Caf\u00e9 Beruf<\/span> weiterlesen <span class=\"meta-nav\">&rarr;<\/span><\/a><\/p>\n","protected":false},"author":28,"featured_media":0,"comment_status":"closed","ping_status":"closed","sticky":false,"template":"","format":"standard","meta":{"saved_in_kubio":false,"footnotes":""},"categories":[33,34,36],"tags":[],"class_list":["post-4589","post","type-post","status-publish","format-standard","hentry","category-archiv","category-berufsorientierung","category-cafe-beruf"],"_links":{"self":[{"href":"https:\/\/altgsgrebenstein.de\/index.php?rest_route=\/wp\/v2\/posts\/4589","targetHints":{"allow":["GET"]}}],"collection":[{"href":"https:\/\/altgsgrebenstein.de\/index.php?rest_route=\/wp\/v2\/posts"}],"about":[{"href":"https:\/\/altgsgrebenstein.de\/index.php?rest_route=\/wp\/v2\/types\/post"}],"author":[{"embeddable":true,"href":"https:\/\/altgsgrebenstein.de\/index.php?rest_route=\/wp\/v2\/users\/28"}],"replies":[{"embeddable":true,"href":"https:\/\/altgsgrebenstein.de\/index.php?rest_route=%2Fwp%2Fv2%2Fcomments&post=4589"}],"version-history":[{"count":3,"href":"https:\/\/altgsgrebenstein.de\/index.php?rest_route=\/wp\/v2\/posts\/4589\/revisions"}],"predecessor-version":[{"id":12736,"href":"https:\/\/altgsgrebenstein.de\/index.php?rest_route=\/wp\/v2\/posts\/4589\/revisions\/12736"}],"wp:attachment":[{"href":"https:\/\/altgsgrebenstein.de\/index.php?rest_route=%2Fwp%2Fv2%2Fmedia&parent=4589"}],"wp:term":[{"taxonomy":"category","embeddable":true,"href":"https:\/\/altgsgrebenstein.de\/index.php?rest_route=%2Fwp%2Fv2%2Fcategories&post=4589"},{"taxonomy":"post_tag","embeddable":true,"href":"https:\/\/altgsgrebenstein.de\/index.php?rest_route=%2Fwp%2Fv2%2Ftags&post=4589"}],"curies":[{"name":"wp","href":"https:\/\/api.w.org\/{rel}","templated":true}]}}