{"id":3878,"date":"2019-04-04T17:37:34","date_gmt":"2019-04-04T16:37:34","guid":{"rendered":"http:\/\/www.gsgrebenstein.net\/wordpress\/?p=3878"},"modified":"2020-12-30T08:01:53","modified_gmt":"2020-12-30T07:01:53","slug":"schulsozialprojekt-osterbasteln-2019","status":"publish","type":"post","link":"https:\/\/altgsgrebenstein.de\/?p=3878","title":{"rendered":"Schulsozialprojekt &#8211; Osterbasteln 2019"},"content":{"rendered":"\r\n<figure class=\"wp-block-image\"><a href=\"http:\/\/altgsgrebenstein.de\/wp-content\/uploads\/2019\/04\/Osterbasteln-9-1.jpg\"><img decoding=\"async\" class=\"aligncenter wp-image-12753 size-medium\" src=\"http:\/\/altgsgrebenstein.de\/wp-content\/uploads\/2019\/04\/Osterbasteln-9-1-300x225.jpg\" alt=\"\" width=\"300\" height=\"225\" srcset=\"https:\/\/altgsgrebenstein.de\/wp-content\/uploads\/2019\/04\/Osterbasteln-9-1-300x225.jpg 300w, https:\/\/altgsgrebenstein.de\/wp-content\/uploads\/2019\/04\/Osterbasteln-9-1.jpg 768w\" sizes=\"(max-width: 300px) 100vw, 300px\" \/><\/a><\/figure>\r\n\r\n\r\n\r\n<p>Auch in diesem Schuljahr haben sich <strong>7 Sch\u00fcler\/innen aus 5 verschiedenen Klassen <\/strong>(F6a, R7a, R7b, H7, G7a) gefunden, um gemeinsam mit Seniorinnen im Caf\u00e9 am See diverse Osterkreationen zu basteln.<\/p>\r\n\r\n\r\n\r\n<figure class=\"wp-block-image\"><a href=\"http:\/\/altgsgrebenstein.de\/wp-content\/uploads\/2019\/04\/Osterbasteln-3-1.jpg\"><img decoding=\"async\" class=\"aligncenter size-medium wp-image-12754\" src=\"http:\/\/altgsgrebenstein.de\/wp-content\/uploads\/2019\/04\/Osterbasteln-3-1-300x225.jpg\" alt=\"\" width=\"300\" height=\"225\" srcset=\"https:\/\/altgsgrebenstein.de\/wp-content\/uploads\/2019\/04\/Osterbasteln-3-1-300x225.jpg 300w, https:\/\/altgsgrebenstein.de\/wp-content\/uploads\/2019\/04\/Osterbasteln-3-1.jpg 768w\" sizes=\"(max-width: 300px) 100vw, 300px\" \/><\/a><\/figure>\r\n\r\n\r\n\r\n<p>In Kooperation mit der mittendrin leben WerkHilfe e.V. fand am Dienstag, 02. M\u00e4rz, das diesj\u00e4hrige &#8222;Osterbasteln&#8220; statt. Mit einem Fahrdienst ging es zun\u00e4chst von der HGS nach Calden. Im Caf\u00e9 am See angekommen, unterst\u00fctzten die Sch\u00fclerinnen und Sch\u00fcler die Senioren bei der Arbeit und gaben ab und zu Hilfestellung, beispielsweise im Umgang mit der Hei\u00dfklebepistole. Die Ergebnisse k\u00f6nnen sich sehen lassen. Im Anschluss stand erneut der Kleinbus der Werkhilfe samt Fahrer zur Verf\u00fcgung um uns zur\u00fcck nach Grebenstein zu bef\u00f6rdern. <strong>Vorank\u00fcndigung:<\/strong> Im Sommer findet die allj\u00e4hrliche <strong>Boule-Meisterschaft<\/strong> statt, im Herbst soll ein <strong>Computerangebot<\/strong> (Umgang mit dem Tablet) folgen.<\/p>\r\n\r\n\r\n\r\n<figure class=\"wp-block-image\"><a href=\"http:\/\/altgsgrebenstein.de\/wp-content\/uploads\/2019\/04\/Osterbasteln-8-1.jpg\"><img decoding=\"async\" class=\"aligncenter size-medium wp-image-12755\" src=\"http:\/\/altgsgrebenstein.de\/wp-content\/uploads\/2019\/04\/Osterbasteln-8-1-300x225.jpg\" alt=\"\" width=\"300\" height=\"225\" srcset=\"https:\/\/altgsgrebenstein.de\/wp-content\/uploads\/2019\/04\/Osterbasteln-8-1-300x225.jpg 300w, https:\/\/altgsgrebenstein.de\/wp-content\/uploads\/2019\/04\/Osterbasteln-8-1.jpg 768w\" sizes=\"(max-width: 300px) 100vw, 300px\" \/><\/a><\/figure>\r\n\r\n\r\n\r\n<p>&nbsp;<\/p>\r\n\r\n\r\n\r\n<p>&nbsp;<\/p>\r\n","protected":false},"excerpt":{"rendered":"<p>Auch in diesem Schuljahr haben sich 7 Sch\u00fcler\/innen aus 5 verschiedenen Klassen (F6a, R7a, R7b, H7, G7a) gefunden, um gemeinsam mit Seniorinnen im Caf\u00e9 am See diverse Osterkreationen zu basteln. In Kooperation mit der mittendrin leben WerkHilfe e.V. fand am Dienstag, 02. M\u00e4rz, das diesj\u00e4hrige &#8222;Osterbasteln&#8220; statt. Mit einem Fahrdienst ging es zun\u00e4chst von der &hellip; <a href=\"https:\/\/altgsgrebenstein.de\/?p=3878\" class=\"more-link\"><span class=\"screen-reader-text\">Schulsozialprojekt &#8211; Osterbasteln 2019<\/span> weiterlesen <span class=\"meta-nav\">&rarr;<\/span><\/a><\/p>\n","protected":false},"author":10,"featured_media":0,"comment_status":"closed","ping_status":"closed","sticky":false,"template":"","format":"standard","meta":{"saved_in_kubio":false,"footnotes":""},"categories":[33,34],"tags":[],"class_list":["post-3878","post","type-post","status-publish","format-standard","hentry","category-archiv","category-berufsorientierung"],"_links":{"self":[{"href":"https:\/\/altgsgrebenstein.de\/index.php?rest_route=\/wp\/v2\/posts\/3878","targetHints":{"allow":["GET"]}}],"collection":[{"href":"https:\/\/altgsgrebenstein.de\/index.php?rest_route=\/wp\/v2\/posts"}],"about":[{"href":"https:\/\/altgsgrebenstein.de\/index.php?rest_route=\/wp\/v2\/types\/post"}],"author":[{"embeddable":true,"href":"https:\/\/altgsgrebenstein.de\/index.php?rest_route=\/wp\/v2\/users\/10"}],"replies":[{"embeddable":true,"href":"https:\/\/altgsgrebenstein.de\/index.php?rest_route=%2Fwp%2Fv2%2Fcomments&post=3878"}],"version-history":[{"count":3,"href":"https:\/\/altgsgrebenstein.de\/index.php?rest_route=\/wp\/v2\/posts\/3878\/revisions"}],"predecessor-version":[{"id":12756,"href":"https:\/\/altgsgrebenstein.de\/index.php?rest_route=\/wp\/v2\/posts\/3878\/revisions\/12756"}],"wp:attachment":[{"href":"https:\/\/altgsgrebenstein.de\/index.php?rest_route=%2Fwp%2Fv2%2Fmedia&parent=3878"}],"wp:term":[{"taxonomy":"category","embeddable":true,"href":"https:\/\/altgsgrebenstein.de\/index.php?rest_route=%2Fwp%2Fv2%2Fcategories&post=3878"},{"taxonomy":"post_tag","embeddable":true,"href":"https:\/\/altgsgrebenstein.de\/index.php?rest_route=%2Fwp%2Fv2%2Ftags&post=3878"}],"curies":[{"name":"wp","href":"https:\/\/api.w.org\/{rel}","templated":true}]}}