{"id":3336,"date":"2018-11-16T20:02:49","date_gmt":"2018-11-16T19:02:49","guid":{"rendered":"http:\/\/www.gsgrebenstein.net\/wordpress\/?p=3336"},"modified":"2020-12-30T08:04:18","modified_gmt":"2020-12-30T07:04:18","slug":"schulsozialprojekt-herbstbasteln-mit-neuheit","status":"publish","type":"post","link":"https:\/\/altgsgrebenstein.de\/?p=3336","title":{"rendered":"Schulsozialprojekt &#8211; Herbstbasteln mit 70 Meter Wellpappe"},"content":{"rendered":"<table style=\"border-collapse: collapse; width: 100%;\" border=\"1\">\n<tbody>\n<tr>\n<td style=\"width: 50%;\"><a href=\"http:\/\/altgsgrebenstein.de\/wp-content\/uploads\/2018\/11\/Herbstbasteln-18-1-1-1.png\"><img decoding=\"async\" class=\"aligncenter size-medium wp-image-12758\" src=\"http:\/\/altgsgrebenstein.de\/wp-content\/uploads\/2018\/11\/Herbstbasteln-18-1-1-1-300x225.png\" alt=\"\" width=\"300\" height=\"225\" srcset=\"https:\/\/altgsgrebenstein.de\/wp-content\/uploads\/2018\/11\/Herbstbasteln-18-1-1-1-300x225.png 300w, https:\/\/altgsgrebenstein.de\/wp-content\/uploads\/2018\/11\/Herbstbasteln-18-1-1-1.png 512w\" sizes=\"(max-width: 300px) 100vw, 300px\" \/><\/a><\/td>\n<td style=\"width: 50%;\"><a href=\"http:\/\/altgsgrebenstein.de\/wp-content\/uploads\/2018\/11\/Herbstbasteln-18-9-1-1.jpg\"><img decoding=\"async\" class=\"aligncenter size-medium wp-image-12759\" src=\"http:\/\/altgsgrebenstein.de\/wp-content\/uploads\/2018\/11\/Herbstbasteln-18-9-1-1-300x225.jpg\" alt=\"\" width=\"300\" height=\"225\" srcset=\"https:\/\/altgsgrebenstein.de\/wp-content\/uploads\/2018\/11\/Herbstbasteln-18-9-1-1-300x225.jpg 300w, https:\/\/altgsgrebenstein.de\/wp-content\/uploads\/2018\/11\/Herbstbasteln-18-9-1-1.jpg 512w\" sizes=\"(max-width: 300px) 100vw, 300px\" \/><\/a><\/td>\n<\/tr>\n<\/tbody>\n<\/table>\n<p>Am 15. November \u00a0\u2013 nach der 8. Stunde \u2013 stand wieder einmal ein <strong>Bastelnachmittag f\u00fcr die mittendrin leben WerkHilfe e.V. <\/strong>in Calden auf dem Programm. Mit dabei waren insgesamt <strong>7<\/strong> Sch\u00fclerInnen der Klassen <strong>R8a &amp; R9b<\/strong>.<\/p>\n<p>Erstmalig war diese Veranstaltung mit einer gr\u00f6\u00dferen Ver\u00e4nderung verbunden. Kamen bislang die Seniorinnen und Senioren mit dem Fahrdienst zur HGS nach Grebenstein, wurde diesmal der Spie\u00df umgedreht. Die Sch\u00fclerinnen und Sch\u00fcler wurden von Herrn Wiedemann an der Schule abgeholt und nach Calden chauffiert. Der Grund daf\u00fcr ist der, dass die Bewohnerinnen und Bewohner der Integrativen Wohnanlage im Lauf der schulischen Kooperation \u2013 die nunmehr seit 10 Jahren besteht \u2013 gleichfalls \u00e4lter geworden sind und nun mitunter nicht mehr so mobil sind. Frau Langer beispielsweise wohnt seit 6 Jahren in der Wohnanlage und nimmt an den Sch\u00fcleraktivit\u00e4ten von Beginn an teil.<\/p>\n<p>Dieses Jahr lag der Schwerpunkt auf Eulen (&#8230;) <!--more--><\/p>\n<p>\u2013 Eulen aus Wellpappe, Tonpapier, Kn\u00f6pfen und Holzscheibchen. Die Wellpappe stammt aus alten gro\u00dfformatigen Kartons, die von der Lehrkraft (aus Sicherheitsgr\u00fcnden) im Vorfeld mit dem Cuttermesser und einem Richtscheit (Richtlatte) auf einer Sperrholzplatte exakt zugeschnitten wurden. 1,50 Meter lang und 1 cm dick \u2013 das war die Vorgabe und das 50 Mal \u2013 somit also insgesamt \u00fcber 70 Meter Wellpappenstreifen \u2013 das dauert und man merkt den Schneidevorgang tags darauf in den Fingern.<\/p>\n<p>Ein Nachteil des Ortswechsels ist der hohe Aufwand f\u00fcr den Transport der vielf\u00e4ltigen Bastelmaterialien \u2013 von Abdecklaken zum Schutz der Tische \u00fcber Tannenzapfen, Tonpapier, Scheren, Hei\u00dfklebepistolen, Kabeltrommeln &amp; Dreierstecker bis hin zum Akkuschrauber. Zum Gl\u00fcck f\u00e4hrt man einen Audi Avant mit gro\u00dfem Stauraum (s. Foto).<\/p>\n<p>Die vorbereiteten Wellpappenstreifen werden dann \u201elediglich\u201c aufgerollt und mit Hei\u00dfkleber am Ende fixiert (wozu allerdings gewisse motorische Grundf\u00e4higkeiten unabdingbar sind). Man ben\u00f6tigt neben dem volumin\u00f6sen Eulenk\u00f6per zumeist auch zwei gro\u00dfe Augen (s. Fotos). Zur Verbesserung der Standfestigkeit wird die Eule noch auf zwei Holzscheiben als Fu\u00dfersatz geklebt. Augenbrauen und ein Schnabel aus Tonpapier runden das Ergebnis ab machen das Eulengesicht perfekt.<\/p>\n<p>Einzelne Teilnehmerinnen haben dar\u00fcber hinaus weihnachtliche Gru\u00dfkarten oder individuelle Tischdekorationen kreiert. Das Ergebnis konnte sich jedenfalls sehen lassen. Sowohl die Sch\u00fclerinnen und Sch\u00fcler als auch die Teilnehmerinnen und Teilnehmer waren mit dem Bastelnachmittag sehr zufrieden. <strong>Im Fr\u00fchjahr<\/strong> folgt am gleichen Ort ein <strong>\u201eOsterbasteln\u201c<\/strong>. Auch daf\u00fcr werden <strong>Freiwillige<\/strong> gesucht, Anmeldung bei Herrn Feuring.<\/p>\n","protected":false},"excerpt":{"rendered":"<p>Am 15. November \u00a0\u2013 nach der 8. Stunde \u2013 stand wieder einmal ein Bastelnachmittag f\u00fcr die mittendrin leben WerkHilfe e.V. in Calden auf dem Programm. Mit dabei waren insgesamt 7 Sch\u00fclerInnen der Klassen R8a &amp; R9b. Erstmalig war diese Veranstaltung mit einer gr\u00f6\u00dferen Ver\u00e4nderung verbunden. Kamen bislang die Seniorinnen und Senioren mit dem Fahrdienst zur &hellip; <a href=\"https:\/\/altgsgrebenstein.de\/?p=3336\" class=\"more-link\"><span class=\"screen-reader-text\">Schulsozialprojekt &#8211; Herbstbasteln mit 70 Meter Wellpappe<\/span> weiterlesen <span class=\"meta-nav\">&rarr;<\/span><\/a><\/p>\n","protected":false},"author":10,"featured_media":0,"comment_status":"closed","ping_status":"closed","sticky":false,"template":"","format":"standard","meta":{"saved_in_kubio":false,"footnotes":""},"categories":[33,34],"tags":[],"class_list":["post-3336","post","type-post","status-publish","format-standard","hentry","category-archiv","category-berufsorientierung"],"_links":{"self":[{"href":"https:\/\/altgsgrebenstein.de\/index.php?rest_route=\/wp\/v2\/posts\/3336","targetHints":{"allow":["GET"]}}],"collection":[{"href":"https:\/\/altgsgrebenstein.de\/index.php?rest_route=\/wp\/v2\/posts"}],"about":[{"href":"https:\/\/altgsgrebenstein.de\/index.php?rest_route=\/wp\/v2\/types\/post"}],"author":[{"embeddable":true,"href":"https:\/\/altgsgrebenstein.de\/index.php?rest_route=\/wp\/v2\/users\/10"}],"replies":[{"embeddable":true,"href":"https:\/\/altgsgrebenstein.de\/index.php?rest_route=%2Fwp%2Fv2%2Fcomments&post=3336"}],"version-history":[{"count":3,"href":"https:\/\/altgsgrebenstein.de\/index.php?rest_route=\/wp\/v2\/posts\/3336\/revisions"}],"predecessor-version":[{"id":12760,"href":"https:\/\/altgsgrebenstein.de\/index.php?rest_route=\/wp\/v2\/posts\/3336\/revisions\/12760"}],"wp:attachment":[{"href":"https:\/\/altgsgrebenstein.de\/index.php?rest_route=%2Fwp%2Fv2%2Fmedia&parent=3336"}],"wp:term":[{"taxonomy":"category","embeddable":true,"href":"https:\/\/altgsgrebenstein.de\/index.php?rest_route=%2Fwp%2Fv2%2Fcategories&post=3336"},{"taxonomy":"post_tag","embeddable":true,"href":"https:\/\/altgsgrebenstein.de\/index.php?rest_route=%2Fwp%2Fv2%2Ftags&post=3336"}],"curies":[{"name":"wp","href":"https:\/\/api.w.org\/{rel}","templated":true}]}}