{"id":2923,"date":"2018-05-16T20:04:16","date_gmt":"2018-05-16T19:04:16","guid":{"rendered":"http:\/\/www.gsgrebenstein.net\/wordpress\/?p=2923"},"modified":"2020-12-30T08:05:00","modified_gmt":"2020-12-30T07:05:00","slug":"von-der-sparkasse-bis-zur-bundeswehr","status":"publish","type":"post","link":"https:\/\/altgsgrebenstein.de\/?p=2923","title":{"rendered":"Von der Sparkasse bis zur Bundeswehr&#8230;&#8230;"},"content":{"rendered":"<p><strong>Am 03. und 04. Mai fuhren die Klassen des Jahrgangs 9 zur Vocatium nach Kassel<br \/>\n<\/strong>Die Vocatium ist eine Berufsausbildungsmesse, bei der viele Firmen und Unternehmen einen Stand mit Flyern und anderen Infomaterialien aufgebaut hatten.\u00a0Von Banken bis zur Bundeswehr waren viele Firmen vertreten. Es gab Informationen zu handwerklichen und zu B\u00fcroberufen.<\/p>\n<p><strong>Unser Fazit:<br \/>\n<\/strong>\u201eMeine drei Gespr\u00e4che verliefen alle sehr gut und angenehm, da ich mir, wie viele andere, einige Fragen vorbereitet hatte und dadurch viel Gespr\u00e4chsstoff hatte. Die Leute waren alle sehr freundlich und zuvorkommend. Ich w\u00fcrde sagen, dass man sich gut informieren konnte und vielen netten Leuten begegnen kann.\u201c<\/p>\n<p>\u201eMeiner Meinung nach macht es Sinn in der neunten Klasse auf die Vocatium zu fahren, da wir uns jetzt schon Gedanken machen m\u00f6chten, z.B. auf welche Schule man gehen m\u00f6chte, wenn man von der HGS abgeht. Aber auch, ob man sich ein Jahr im Ausland vorstellen k\u00f6nnte.\u201c<\/p>\n<p>\u201eIch habe auf der Vocatium die Frage, auf welche Schule ich gehen m\u00f6chte, f\u00fcr mich selber beantwortet.\u00a0 Au\u00dferdem wei\u00df ich jetzt, dass ich gerne nach meinem Fach &#8211; Abi, welches ich anstrebe, ein Jahr ins Ausland gehen m\u00f6chte.\u201c<\/p>\n<p><span style=\"font-size: 8pt;\"><em>(Leonie Maneth, Leonie Neumeyer, Louisa Schindewolf, G9a)<\/em><\/span><\/p>\n","protected":false},"excerpt":{"rendered":"<p>Am 03. und 04. Mai fuhren die Klassen des Jahrgangs 9 zur Vocatium nach Kassel Die Vocatium ist eine Berufsausbildungsmesse, bei der viele Firmen und Unternehmen einen Stand mit Flyern und anderen Infomaterialien aufgebaut hatten.\u00a0Von Banken bis zur Bundeswehr waren viele Firmen vertreten. Es gab Informationen zu handwerklichen und zu B\u00fcroberufen. Unser Fazit: \u201eMeine drei &hellip; <a href=\"https:\/\/altgsgrebenstein.de\/?p=2923\" class=\"more-link\"><span class=\"screen-reader-text\">Von der Sparkasse bis zur Bundeswehr&#8230;&#8230;<\/span> weiterlesen <span class=\"meta-nav\">&rarr;<\/span><\/a><\/p>\n","protected":false},"author":10,"featured_media":0,"comment_status":"closed","ping_status":"closed","sticky":false,"template":"","format":"standard","meta":{"saved_in_kubio":false,"footnotes":""},"categories":[33,34],"tags":[],"class_list":["post-2923","post","type-post","status-publish","format-standard","hentry","category-archiv","category-berufsorientierung"],"_links":{"self":[{"href":"https:\/\/altgsgrebenstein.de\/index.php?rest_route=\/wp\/v2\/posts\/2923","targetHints":{"allow":["GET"]}}],"collection":[{"href":"https:\/\/altgsgrebenstein.de\/index.php?rest_route=\/wp\/v2\/posts"}],"about":[{"href":"https:\/\/altgsgrebenstein.de\/index.php?rest_route=\/wp\/v2\/types\/post"}],"author":[{"embeddable":true,"href":"https:\/\/altgsgrebenstein.de\/index.php?rest_route=\/wp\/v2\/users\/10"}],"replies":[{"embeddable":true,"href":"https:\/\/altgsgrebenstein.de\/index.php?rest_route=%2Fwp%2Fv2%2Fcomments&post=2923"}],"version-history":[{"count":1,"href":"https:\/\/altgsgrebenstein.de\/index.php?rest_route=\/wp\/v2\/posts\/2923\/revisions"}],"predecessor-version":[{"id":12351,"href":"https:\/\/altgsgrebenstein.de\/index.php?rest_route=\/wp\/v2\/posts\/2923\/revisions\/12351"}],"wp:attachment":[{"href":"https:\/\/altgsgrebenstein.de\/index.php?rest_route=%2Fwp%2Fv2%2Fmedia&parent=2923"}],"wp:term":[{"taxonomy":"category","embeddable":true,"href":"https:\/\/altgsgrebenstein.de\/index.php?rest_route=%2Fwp%2Fv2%2Fcategories&post=2923"},{"taxonomy":"post_tag","embeddable":true,"href":"https:\/\/altgsgrebenstein.de\/index.php?rest_route=%2Fwp%2Fv2%2Ftags&post=2923"}],"curies":[{"name":"wp","href":"https:\/\/api.w.org\/{rel}","templated":true}]}}