{"id":2495,"date":"2017-12-12T15:59:42","date_gmt":"2017-12-12T14:59:42","guid":{"rendered":"http:\/\/www.gsgrebenstein.net\/wordpress\/?p=2495"},"modified":"2020-12-30T08:19:55","modified_gmt":"2020-12-30T07:19:55","slug":"auszeichnung-fuer-tobias-stoeter","status":"publish","type":"post","link":"https:\/\/altgsgrebenstein.de\/?p=2495","title":{"rendered":"Auszeichnung f\u00fcr Tobias St\u00f6ter"},"content":{"rendered":"<p><strong>Realsch\u00fcler schrieb besten Praktikumsbericht Nordhessens<\/strong><\/p>\n<p><strong>Grebenstein.<\/strong> Koch will er definitiv nicht werden. Da ist sich Tobias St\u00f6ter ganz sicher. Sein 1. Betriebspraktikum absolvierte der Realsch\u00fcler im Fr\u00fchjahr 2017 in einem Wilhelmsh\u00f6her Restaurant und seine Erfahrungen schilderte er anschlie\u00dfend in seinem Praktikumsbericht. Neben Schilderungen seiner Tagesabl\u00e4ufe und T\u00e4tigkeiten zog er am Ende auch sein Fazit.<\/p>\n<p><a href=\"http:\/\/altgsgrebenstein.de\/wp-content\/uploads\/2017\/12\/20171005_151057-1-scaled.jpg\"><img decoding=\"async\" class=\"alignnone size-medium wp-image-12773\" src=\"http:\/\/altgsgrebenstein.de\/wp-content\/uploads\/2017\/12\/20171005_151057-1-300x169.jpg\" alt=\"\" width=\"300\" height=\"169\" srcset=\"https:\/\/altgsgrebenstein.de\/wp-content\/uploads\/2017\/12\/20171005_151057-1-300x169.jpg 300w, https:\/\/altgsgrebenstein.de\/wp-content\/uploads\/2017\/12\/20171005_151057-1-1024x576.jpg 1024w, https:\/\/altgsgrebenstein.de\/wp-content\/uploads\/2017\/12\/20171005_151057-1-768x432.jpg 768w, https:\/\/altgsgrebenstein.de\/wp-content\/uploads\/2017\/12\/20171005_151057-1-1536x864.jpg 1536w, https:\/\/altgsgrebenstein.de\/wp-content\/uploads\/2017\/12\/20171005_151057-1-2048x1152.jpg 2048w\" sizes=\"(max-width: 300px) 100vw, 300px\" \/><\/a> <a href=\"http:\/\/altgsgrebenstein.de\/wp-content\/uploads\/2017\/12\/20171005_151735-1-scaled.jpg\"><img decoding=\"async\" class=\"alignnone size-medium wp-image-12775\" src=\"http:\/\/altgsgrebenstein.de\/wp-content\/uploads\/2017\/12\/20171005_151735-1-300x169.jpg\" alt=\"\" width=\"300\" height=\"169\" srcset=\"https:\/\/altgsgrebenstein.de\/wp-content\/uploads\/2017\/12\/20171005_151735-1-300x169.jpg 300w, https:\/\/altgsgrebenstein.de\/wp-content\/uploads\/2017\/12\/20171005_151735-1-1024x576.jpg 1024w, https:\/\/altgsgrebenstein.de\/wp-content\/uploads\/2017\/12\/20171005_151735-1-768x432.jpg 768w, https:\/\/altgsgrebenstein.de\/wp-content\/uploads\/2017\/12\/20171005_151735-1-1536x864.jpg 1536w, https:\/\/altgsgrebenstein.de\/wp-content\/uploads\/2017\/12\/20171005_151735-1-2048x1152.jpg 2048w\" sizes=\"(max-width: 300px) 100vw, 300px\" \/><\/a><\/p>\n<p>F\u00fcr seinen Bericht erhielt St\u00f6ter eine besondere Auszeichnung, denn dieser wurde von einer Jury als beste aller eingereichten Arbeiten von Sch\u00fclern der Region Nordhessen bewertet. Die Nachricht habe ihn stolz gemacht, so der Zehntkl\u00e4ssler. Gewundert habe er sich aber schon: \u201eIch habe absolut nicht damit gerechnet.\u201c<!--more--><\/p>\n<p>F\u00fcr den 15-j\u00e4hrigen zahlte sich am Ende aus, dass er einerseits viel Unterst\u00fctzung durch seine betreuenden Lehrer Lena Oppermann und Jochen Feuring erhalten und andererseits deren Tipps beherzigt hatte. \u201eIch habe mehr Aufgaben als n\u00f6tig erledigt und viele Bilder eingef\u00fcgt\u201c, fasst er sein Vorgehen zusammen. Auf jeden Fall habe er sich bem\u00fcht, die Ratschl\u00e4ge seiner Lehrer umzusetzen. Dabei habe er die Tagesabl\u00e4ufe akribisch dargestellt und sein Fazit ehrlich gezogen.<\/p>\n<p>Am Ende nahm er an zwei Festveranstaltungen teil. Die Teilnehmer der Region Nordhessen trafen sich in der Firma SMA. Diese Feier blieb St\u00f6ter in Erinnerung, denn sie war besonders festlich.<\/p>\n<p>Die jeweils drei Besten der hessischen Regionen wurden schlie\u00dflich bei einer Feier in Bad Nauheim geehrt. Tobias St\u00f6ters Praktikumsbericht wurde hier als bester aller Teilnehmer aus dem gesamten Bundesland gew\u00fcrdigt.<\/p>\n<p>Sein 2. Praktikum absolvierte der Sch\u00fcler im Herbst 2017 in der Gemeindeverwaltung Calden und diese zwei Wochen stellten f\u00fcr ihn Weichen: \u201eIch w\u00fcrde gern einen Beruf in der Verwaltung erlernen. Nach der 10. Klasse werde ich deshalb an die Herwig-Blankertz-Schule nach Hofgeismar wechseln, um dieses Ziel zu erreichen.\u201c<\/p>\n<p>Seinen preisgekr\u00f6nten Praktikumsbericht will St\u00f6ter der Heinrich-Grupe-Schule zur Verf\u00fcgung stellen.<\/p>\n","protected":false},"excerpt":{"rendered":"<p>Realsch\u00fcler schrieb besten Praktikumsbericht Nordhessens Grebenstein. Koch will er definitiv nicht werden. Da ist sich Tobias St\u00f6ter ganz sicher. Sein 1. Betriebspraktikum absolvierte der Realsch\u00fcler im Fr\u00fchjahr 2017 in einem Wilhelmsh\u00f6her Restaurant und seine Erfahrungen schilderte er anschlie\u00dfend in seinem Praktikumsbericht. Neben Schilderungen seiner Tagesabl\u00e4ufe und T\u00e4tigkeiten zog er am Ende auch sein Fazit. F\u00fcr &hellip; <a href=\"https:\/\/altgsgrebenstein.de\/?p=2495\" class=\"more-link\"><span class=\"screen-reader-text\">Auszeichnung f\u00fcr Tobias St\u00f6ter<\/span> weiterlesen <span class=\"meta-nav\">&rarr;<\/span><\/a><\/p>\n","protected":false},"author":12,"featured_media":0,"comment_status":"closed","ping_status":"closed","sticky":false,"template":"","format":"standard","meta":{"saved_in_kubio":false,"footnotes":""},"categories":[33,34],"tags":[],"class_list":["post-2495","post","type-post","status-publish","format-standard","hentry","category-archiv","category-berufsorientierung"],"_links":{"self":[{"href":"https:\/\/altgsgrebenstein.de\/index.php?rest_route=\/wp\/v2\/posts\/2495","targetHints":{"allow":["GET"]}}],"collection":[{"href":"https:\/\/altgsgrebenstein.de\/index.php?rest_route=\/wp\/v2\/posts"}],"about":[{"href":"https:\/\/altgsgrebenstein.de\/index.php?rest_route=\/wp\/v2\/types\/post"}],"author":[{"embeddable":true,"href":"https:\/\/altgsgrebenstein.de\/index.php?rest_route=\/wp\/v2\/users\/12"}],"replies":[{"embeddable":true,"href":"https:\/\/altgsgrebenstein.de\/index.php?rest_route=%2Fwp%2Fv2%2Fcomments&post=2495"}],"version-history":[{"count":3,"href":"https:\/\/altgsgrebenstein.de\/index.php?rest_route=\/wp\/v2\/posts\/2495\/revisions"}],"predecessor-version":[{"id":12776,"href":"https:\/\/altgsgrebenstein.de\/index.php?rest_route=\/wp\/v2\/posts\/2495\/revisions\/12776"}],"wp:attachment":[{"href":"https:\/\/altgsgrebenstein.de\/index.php?rest_route=%2Fwp%2Fv2%2Fmedia&parent=2495"}],"wp:term":[{"taxonomy":"category","embeddable":true,"href":"https:\/\/altgsgrebenstein.de\/index.php?rest_route=%2Fwp%2Fv2%2Fcategories&post=2495"},{"taxonomy":"post_tag","embeddable":true,"href":"https:\/\/altgsgrebenstein.de\/index.php?rest_route=%2Fwp%2Fv2%2Ftags&post=2495"}],"curies":[{"name":"wp","href":"https:\/\/api.w.org\/{rel}","templated":true}]}}