{"id":1934,"date":"2017-05-29T11:37:00","date_gmt":"2017-05-29T10:37:00","guid":{"rendered":"http:\/\/www.gsgrebenstein.net\/wordpress\/?p=1934"},"modified":"2020-12-30T08:26:06","modified_gmt":"2020-12-30T07:26:06","slug":"27-cafe-beruf-eigentlich-wie-immer-allen-hat-es-spass-gemacht","status":"publish","type":"post","link":"https:\/\/altgsgrebenstein.de\/?p=1934","title":{"rendered":"27. Caf\u00e9 Beruf: Eigentlich wie immer \u2013 allen hat es Spa\u00df gemacht!"},"content":{"rendered":"<p><a href=\"http:\/\/altgsgrebenstein.de\/wp-content\/uploads\/2017\/05\/WP_20170519_18_50_07_Pro-1-scaled.jpg\"><img decoding=\"async\" class=\"aligncenter wp-image-12784 size-large\" src=\"http:\/\/altgsgrebenstein.de\/wp-content\/uploads\/2017\/05\/WP_20170519_18_50_07_Pro-1-1024x577.jpg\" alt=\"\" width=\"604\" height=\"340\" srcset=\"https:\/\/altgsgrebenstein.de\/wp-content\/uploads\/2017\/05\/WP_20170519_18_50_07_Pro-1-1024x577.jpg 1024w, https:\/\/altgsgrebenstein.de\/wp-content\/uploads\/2017\/05\/WP_20170519_18_50_07_Pro-1-300x169.jpg 300w, https:\/\/altgsgrebenstein.de\/wp-content\/uploads\/2017\/05\/WP_20170519_18_50_07_Pro-1-768x433.jpg 768w, https:\/\/altgsgrebenstein.de\/wp-content\/uploads\/2017\/05\/WP_20170519_18_50_07_Pro-1-1536x866.jpg 1536w, https:\/\/altgsgrebenstein.de\/wp-content\/uploads\/2017\/05\/WP_20170519_18_50_07_Pro-1-2048x1155.jpg 2048w\" sizes=\"(max-width: 604px) 100vw, 604px\" \/><\/a><\/p>\n<p>Die G\u00e4ste des 27. Caf\u00e9 Beruf (19.05.2017) kamen mal wieder aus den verschiedensten Berufsfeldern. Diesmal waren Frau Sch\u00e4fers mit einer Auszubildenden von Mercedes-Benz Kassel, Herr Recknagel aus dem ortsans\u00e4ssigen Unternehmen Holzbau Axel Recknagel und Herr Meyer von der Landespolizei Hessen vor Ort, um den Sch\u00fclerinnen und Sch\u00fclern einen Einblick in die Berufswelt zu geben und zus\u00e4tzlich Fragen zu beantworten, die den Acht- und Neuntkl\u00e4sslern aus dem Haupt- bzw. Realschulzweig am Herzen lagen. <!--more--><\/p>\n<p>Ausnahmsweise gab es diesmal nicht vier, sondern drei Unternehmen, weil die AOK aus Kassel krankheitsbedingt absagen musste. Nach einer kurzen Begr\u00fc\u00dfung von Herrn Lackner, der krankheitsbedingt f\u00fcr Frau Oppermann eingesprungen ist und \u00a0der Vorstellungsrunde der Firmen, konnte nat\u00fcrlich trotzdem gew\u00e4hrleistet werden, dass alle Sch\u00fclerinnen und Sch\u00fcler an zwei Workshops teilnehmen. In einem abschlie\u00dfenden Plenum gaben die Vertreter der Firmen den Sch\u00fclerinnen und Sch\u00fclern noch ein paar Tipps f\u00fcr den Start ins Berufsleben mit auf den Weg und hielten eines fest: Die Veranstaltung hat gro\u00dfen Spa\u00df gemacht!<\/p>\n<p>Vielen Dank nochmals an die Klasse der R9b, die diesmal das Catering \u00fcbernahm.<\/p>\n","protected":false},"excerpt":{"rendered":"<p>Die G\u00e4ste des 27. Caf\u00e9 Beruf (19.05.2017) kamen mal wieder aus den verschiedensten Berufsfeldern. Diesmal waren Frau Sch\u00e4fers mit einer Auszubildenden von Mercedes-Benz Kassel, Herr Recknagel aus dem ortsans\u00e4ssigen Unternehmen Holzbau Axel Recknagel und Herr Meyer von der Landespolizei Hessen vor Ort, um den Sch\u00fclerinnen und Sch\u00fclern einen Einblick in die Berufswelt zu geben und &hellip; <a href=\"https:\/\/altgsgrebenstein.de\/?p=1934\" class=\"more-link\"><span class=\"screen-reader-text\">27. Caf\u00e9 Beruf: Eigentlich wie immer \u2013 allen hat es Spa\u00df gemacht!<\/span> weiterlesen <span class=\"meta-nav\">&rarr;<\/span><\/a><\/p>\n","protected":false},"author":25,"featured_media":0,"comment_status":"closed","ping_status":"open","sticky":false,"template":"","format":"standard","meta":{"saved_in_kubio":false,"footnotes":""},"categories":[33,34,36],"tags":[],"class_list":["post-1934","post","type-post","status-publish","format-standard","hentry","category-archiv","category-berufsorientierung","category-cafe-beruf"],"_links":{"self":[{"href":"https:\/\/altgsgrebenstein.de\/index.php?rest_route=\/wp\/v2\/posts\/1934","targetHints":{"allow":["GET"]}}],"collection":[{"href":"https:\/\/altgsgrebenstein.de\/index.php?rest_route=\/wp\/v2\/posts"}],"about":[{"href":"https:\/\/altgsgrebenstein.de\/index.php?rest_route=\/wp\/v2\/types\/post"}],"author":[{"embeddable":true,"href":"https:\/\/altgsgrebenstein.de\/index.php?rest_route=\/wp\/v2\/users\/25"}],"replies":[{"embeddable":true,"href":"https:\/\/altgsgrebenstein.de\/index.php?rest_route=%2Fwp%2Fv2%2Fcomments&post=1934"}],"version-history":[{"count":4,"href":"https:\/\/altgsgrebenstein.de\/index.php?rest_route=\/wp\/v2\/posts\/1934\/revisions"}],"predecessor-version":[{"id":12787,"href":"https:\/\/altgsgrebenstein.de\/index.php?rest_route=\/wp\/v2\/posts\/1934\/revisions\/12787"}],"wp:attachment":[{"href":"https:\/\/altgsgrebenstein.de\/index.php?rest_route=%2Fwp%2Fv2%2Fmedia&parent=1934"}],"wp:term":[{"taxonomy":"category","embeddable":true,"href":"https:\/\/altgsgrebenstein.de\/index.php?rest_route=%2Fwp%2Fv2%2Fcategories&post=1934"},{"taxonomy":"post_tag","embeddable":true,"href":"https:\/\/altgsgrebenstein.de\/index.php?rest_route=%2Fwp%2Fv2%2Ftags&post=1934"}],"curies":[{"name":"wp","href":"https:\/\/api.w.org\/{rel}","templated":true}]}}