{"id":18648,"date":"2025-09-22T14:22:36","date_gmt":"2025-09-22T13:22:36","guid":{"rendered":"http:\/\/altgsgrebenstein.de\/?p=18648"},"modified":"2025-09-22T14:47:33","modified_gmt":"2025-09-22T13:47:33","slug":"lerne-zeichentrick-selber-zu-machen-schuluebergreifendes-projekt-2-begabungsforum-kassel-2025-kreativitaet-und-trickfilmkunst","status":"publish","type":"post","link":"https:\/\/altgsgrebenstein.de\/?p=18648","title":{"rendered":"Lerne Zeichentrick selber zu machen: Schul\u00fcbergreifendes Projekt \u201e2. Begabungsforum Kassel 2025 &#8211; Kreativit\u00e4t und Trickfilmkunst\u201c"},"content":{"rendered":"<p style=\"text-align: justify\">Am 08. und 09. September 2025 fand das 2. Kasseler Begabungsforum im Medienbildungszentrum Nord (ehem. OKK) unter Leitung von Thomas Stellmach und mit Unterst\u00fctzung durch zwei Lehrkr\u00e4fte statt. Finanziert wurde der Workshop durch das Hessische Ministerium f\u00fcr Kultus, Bildung und Chancen.<\/p>\n<p style=\"text-align: justify\">Ausgew\u00e4hlt wurden zu dem Workshop 18 Sch\u00fclerinnen und Sch\u00fcler der Jahrg\u00e4nge 7 und 8 von sechs Schulen (Lichtenberg- und Goethe-Gymnasium Kassel, Engelsburg Kassel, Albert-Schweitzer-Schule Kassel, Heinrich-Gruppe Schule Grebenstein, Gesamtschule Fuldatal und Walter-L\u00fcbcke-Schule Wolfhagen) aus dem Netzwerk Begabten- und Begabungsf\u00f6rderung des Schulamtsbezirks Kassel, die sich in der letzten Zeit durch ganz besondere F\u00e4higkeiten und kreatives Arbeiten im Fach Kunst auszeichneten und die auch schul\u00fcbergreifend in Kleingruppen zusammenarbeiten m\u00f6chten.<\/p>\n<figure id=\"attachment_18649\" aria-describedby=\"caption-attachment-18649\" style=\"width: 640px\" class=\"wp-caption alignnone\"><img decoding=\"async\" class=\"wp-image-18649 size-full\" src=\"http:\/\/altgsgrebenstein.de\/wp-content\/uploads\/2025\/09\/Bild1.jpg\" alt=\"\" width=\"640\" height=\"480\" srcset=\"https:\/\/altgsgrebenstein.de\/wp-content\/uploads\/2025\/09\/Bild1.jpg 640w, https:\/\/altgsgrebenstein.de\/wp-content\/uploads\/2025\/09\/Bild1-300x225.jpg 300w\" sizes=\"(max-width: 640px) 100vw, 640px\" \/><figcaption id=\"caption-attachment-18649\" class=\"wp-caption-text\">Teilnehmende Sch\u00fclerinnen und Sch\u00fcler der HGS Grebenstein: Gvantsa Abashishvili (G7a), Hugo Hawatschek (G7a), Wilhelmine Kranich (G7a), Yara Neumann (G7b), Jason Qayumi (G7b) und Ben Schuchardt (G7a) mit ihrer Kunstlehrerin Hannelore Schmidt (links) und Bianca Gehrke (rechts) sowie Herrn Stellmach (Mitte, oben)<\/figcaption><\/figure>\n<p style=\"text-align: justify\">Ziele des Workshops waren f\u00fcr Hr. Stellmach \u201edie Grundlagen der Animation erfahrbar zu machen, kreative Ausdrucksformen zu f\u00f6rdern und eigene kurze Filme zu gestalten\u201c.<\/p>\n<p style=\"text-align: justify\">Nach dem Kennenlernen eines geschichtlichen Abrisses der Trickfilmkunst und entsprechender Hilfsmittel (u.a. Daumenkino (1600), Thaumatrop, Phenakistiskop, Zoetrop (Wundertrommel, 1834), Praxinoskop (1877) bis hin zu fr\u00fchen Filmstreifen), den Grundprinzipien der Animation, den einzelnen Arbeitsschritten und die Hilfsmittel, konnten die Jugendlichen am ersten Tag eigene Ideen entwickeln und wurden von Hr. Stellmach wertsch\u00e4tzend in der Umsetzung einer kreativen Loop-Animation unterst\u00fctzt. Sie pr\u00fcften w\u00e4hrend ihrer Arbeit regelm\u00e4\u00dfig ihre Zwischenergebnisse am Zoetrop.<\/p>\n<p style=\"text-align: justify\">Am zweiten Morgen zeigte Hr. Stellmach den Teilnehmenden weitere M\u00f6glichkeiten der gestalterischen Umsetzung (z.B. horizontale Fortbewegung oder Spezialeffekte) und er\u00f6ffnete ihnen neben der Weiterarbeit an ihren Projekten die M\u00f6glichkeit die eigenen Animationsstreifen mit Stopp-Motion-Technik zu fotografieren, zu kurzen Film-Clips zu digitalisieren und mit Unterst\u00fctzung einer technischen Fachkraft des Medienbildungszentrums Nord mit passender Musik aus einem Archiv zu unterlegen.<img decoding=\"async\" class=\"alignnone size-full wp-image-18650\" src=\"http:\/\/altgsgrebenstein.de\/wp-content\/uploads\/2025\/09\/Bild2.jpg\" alt=\"\" width=\"640\" height=\"480\" srcset=\"https:\/\/altgsgrebenstein.de\/wp-content\/uploads\/2025\/09\/Bild2.jpg 640w, https:\/\/altgsgrebenstein.de\/wp-content\/uploads\/2025\/09\/Bild2-300x225.jpg 300w\" sizes=\"(max-width: 640px) 100vw, 640px\" \/><\/p>\n<p style=\"text-align: justify\">Herausgekommen sind sehr kreative und z.T. kolorierte Trickfilme, die zur Erinnerung mit nach Hause genommen werden konnten.<\/p>\n<p style=\"text-align: justify\">Der f\u00fcnf-min\u00fctige Film ist \u00fcber folgenden Link zu sehen:<\/p>\n<p style=\"text-align: justify\"><a href=\"http:\/\/ergebnisse-kasselerbegabtenforum2025.zoetropworkshop.de\">http:\/\/ergebnisse-kasselerbegabtenforum2025.zoetropworkshop.de<\/a><\/p>\n<p style=\"text-align: justify\">Die Filme k\u00f6nnen bis zum 31.12.2025 \u00fcber folgenden Link heruntergeladen werden:<\/p>\n<p style=\"text-align: justify\"><a href=\"https:\/\/www.dropbox.com\/scl\/fo\/hcjnx1j784lontsnsbrdi\/ALY7-3ddz6hnmGpYdPIkHWU?rlkey=grf2r49tp6mvg96qz6h4n71ke&amp;st=jymsv1uo&amp;dl=0\">https:\/\/www.dropbox.com\/scl\/fo\/hcjnx1j784lontsnsbrdi\/ALY7-3ddz6hnmGpYdPIkHWU?rlkey=grf2r49tp6mvg96qz6h4n71ke&amp;st=jymsv1uo&amp;dl=0<\/a><\/p>\n<p style=\"text-align: justify\">Fotos vom Workshop sind abrufbar unter:<\/p>\n<ol start=\"2\">\n<li style=\"text-align: justify\"><a href=\"https:\/\/www.icloud.com\/sharedalbum\/#B2Q5NI45M8BhSD\"> Begabungsforum Kassel 2025<\/a><\/li>\n<\/ol>\n<p style=\"text-align: justify\">Das Feedback der Workshop-Teilnehmenden war sehr positiv. Sie fanden es spannend eigene Filme zu zeichnen und \u201elive\u201c zu erleben, \u201ewie die Zeichnungen durch das Zoetrop lebendig werden \u2026 und am Ende ihre fertigen Animationen in Farbe zu sehen\u201c.\u00a0 Endlich hatten sie mal ausreichend Zeit sich ausf\u00fchrlich einem k\u00fcnstlerischen Projekt zu widmen und sich auch \u00fcber die eigene Schule hinweg auszutauschen, zu unterst\u00fctzen und voneinander zu lernen.<\/p>\n<p><em>(Bianca Gehrke f\u00fcr das Netzwerk Begabten- und Begabungsf\u00f6rderung des Schulamtsbezirks Kassel)<\/em><\/p>\n","protected":false},"excerpt":{"rendered":"<p>Am 08. und 09. September 2025 fand das 2. Kasseler Begabungsforum im Medienbildungszentrum Nord (ehem. OKK) unter Leitung von Thomas Stellmach und mit Unterst\u00fctzung durch zwei Lehrkr\u00e4fte statt. Finanziert wurde der Workshop durch das Hessische Ministerium f\u00fcr Kultus, Bildung und Chancen. Ausgew\u00e4hlt wurden zu dem Workshop 18 Sch\u00fclerinnen und Sch\u00fcler der Jahrg\u00e4nge 7 und 8 &hellip; <a href=\"https:\/\/altgsgrebenstein.de\/?p=18648\" class=\"more-link\"><span class=\"screen-reader-text\">Lerne Zeichentrick selber zu machen: Schul\u00fcbergreifendes Projekt \u201e2. Begabungsforum Kassel 2025 &#8211; Kreativit\u00e4t und Trickfilmkunst\u201c<\/span> weiterlesen <span class=\"meta-nav\">&rarr;<\/span><\/a><\/p>\n","protected":false},"author":36,"featured_media":0,"comment_status":"closed","ping_status":"closed","sticky":false,"template":"","format":"standard","meta":{"saved_in_kubio":false,"footnotes":""},"categories":[1],"tags":[],"class_list":["post-18648","post","type-post","status-publish","format-standard","hentry","category-uncategorized"],"_links":{"self":[{"href":"https:\/\/altgsgrebenstein.de\/index.php?rest_route=\/wp\/v2\/posts\/18648","targetHints":{"allow":["GET"]}}],"collection":[{"href":"https:\/\/altgsgrebenstein.de\/index.php?rest_route=\/wp\/v2\/posts"}],"about":[{"href":"https:\/\/altgsgrebenstein.de\/index.php?rest_route=\/wp\/v2\/types\/post"}],"author":[{"embeddable":true,"href":"https:\/\/altgsgrebenstein.de\/index.php?rest_route=\/wp\/v2\/users\/36"}],"replies":[{"embeddable":true,"href":"https:\/\/altgsgrebenstein.de\/index.php?rest_route=%2Fwp%2Fv2%2Fcomments&post=18648"}],"version-history":[{"count":6,"href":"https:\/\/altgsgrebenstein.de\/index.php?rest_route=\/wp\/v2\/posts\/18648\/revisions"}],"predecessor-version":[{"id":18659,"href":"https:\/\/altgsgrebenstein.de\/index.php?rest_route=\/wp\/v2\/posts\/18648\/revisions\/18659"}],"wp:attachment":[{"href":"https:\/\/altgsgrebenstein.de\/index.php?rest_route=%2Fwp%2Fv2%2Fmedia&parent=18648"}],"wp:term":[{"taxonomy":"category","embeddable":true,"href":"https:\/\/altgsgrebenstein.de\/index.php?rest_route=%2Fwp%2Fv2%2Fcategories&post=18648"},{"taxonomy":"post_tag","embeddable":true,"href":"https:\/\/altgsgrebenstein.de\/index.php?rest_route=%2Fwp%2Fv2%2Ftags&post=18648"}],"curies":[{"name":"wp","href":"https:\/\/api.w.org\/{rel}","templated":true}]}}