{"id":18629,"date":"2025-09-19T06:04:36","date_gmt":"2025-09-19T05:04:36","guid":{"rendered":"http:\/\/altgsgrebenstein.de\/?p=18629"},"modified":"2025-09-19T06:04:36","modified_gmt":"2025-09-19T05:04:36","slug":"hgs-connect-verbindung-zwischen-arbeitswelt-und-schule","status":"publish","type":"post","link":"https:\/\/altgsgrebenstein.de\/?p=18629","title":{"rendered":"\u201eHGS Connect\u201c- Verbindung zwischen Arbeitswelt und Schule"},"content":{"rendered":"<p><img decoding=\"async\" class=\"alignnone wp-image-18630 size-large\" src=\"http:\/\/altgsgrebenstein.de\/wp-content\/uploads\/2025\/09\/20250917_150417-scaled-e1758258262349-1024x613.jpg\" alt=\"\" width=\"604\" height=\"362\" srcset=\"https:\/\/altgsgrebenstein.de\/wp-content\/uploads\/2025\/09\/20250917_150417-scaled-e1758258262349-1024x613.jpg 1024w, https:\/\/altgsgrebenstein.de\/wp-content\/uploads\/2025\/09\/20250917_150417-scaled-e1758258262349-300x179.jpg 300w, https:\/\/altgsgrebenstein.de\/wp-content\/uploads\/2025\/09\/20250917_150417-scaled-e1758258262349-768x460.jpg 768w, https:\/\/altgsgrebenstein.de\/wp-content\/uploads\/2025\/09\/20250917_150417-scaled-e1758258262349-1536x919.jpg 1536w, https:\/\/altgsgrebenstein.de\/wp-content\/uploads\/2025\/09\/20250917_150417-scaled-e1758258262349.jpg 1775w\" sizes=\"(max-width: 604px) 100vw, 604px\" \/><\/p>\n<p>Am 17. September 2025 fand von 15 bis 17 Uhr die 41. Berufsinformationsmesse, nun unter dem neuen Namen \u201eHGS Connect\u201c, an der Heinrich-Grupe Schule statt. Alle Sch\u00fclerinnen und Sch\u00fcler der Jahrgangsstufen 8 und 9 sowie deren Eltern waren eingeladen, die hervorragende Gelegenheit wahrzunehmen, wertvolle Einblicke in verschiedene Berufsfelder zu gewinnen.<\/p>\n<p><!--more--><\/p>\n<p>Die Organisatorinnen der Veranstaltung, Nina Gilfert und Merve Aydin, begr\u00fc\u00dften die Anwesenden und betonten die Bedeutung von \u201eHGS Connect\u201c als Plattform zur Verbindung zwischen Schule und Arbeitswelt. \u201eDiese Berufswahlmesse hat den Hintergrund, Betriebe und Institutionen sowie Sch\u00fclerinnen und Sch\u00fcler in pers\u00f6nlichen Kontakt zu bringen\u201c, erkl\u00e4rte Nina Gilfert in ihrer Er\u00f6ffnungsrede. Hierbei sollten nicht nur Informationen \u00fcber m\u00f6gliche Berufe und Ausbildungsinhalte vermittelt werden, sondern auch die Gelegenheit geboten werden, Fragen zu stellen und wertvolle Kontakte zu kn\u00fcpfen.<\/p>\n<p><img decoding=\"async\" class=\"alignnone size-large wp-image-18631\" src=\"http:\/\/altgsgrebenstein.de\/wp-content\/uploads\/2025\/09\/20250917_150938-1024x576.jpg\" alt=\"\" width=\"604\" height=\"340\" srcset=\"https:\/\/altgsgrebenstein.de\/wp-content\/uploads\/2025\/09\/20250917_150938-1024x576.jpg 1024w, https:\/\/altgsgrebenstein.de\/wp-content\/uploads\/2025\/09\/20250917_150938-300x169.jpg 300w, https:\/\/altgsgrebenstein.de\/wp-content\/uploads\/2025\/09\/20250917_150938-768x432.jpg 768w, https:\/\/altgsgrebenstein.de\/wp-content\/uploads\/2025\/09\/20250917_150938-1536x864.jpg 1536w, https:\/\/altgsgrebenstein.de\/wp-content\/uploads\/2025\/09\/20250917_150938-2048x1152.jpg 2048w\" sizes=\"(max-width: 604px) 100vw, 604px\" \/> <img decoding=\"async\" class=\"alignnone size-large wp-image-18632\" src=\"http:\/\/altgsgrebenstein.de\/wp-content\/uploads\/2025\/09\/20250917_151002-1024x576.jpg\" alt=\"\" width=\"604\" height=\"340\" srcset=\"https:\/\/altgsgrebenstein.de\/wp-content\/uploads\/2025\/09\/20250917_151002-1024x576.jpg 1024w, https:\/\/altgsgrebenstein.de\/wp-content\/uploads\/2025\/09\/20250917_151002-300x169.jpg 300w, https:\/\/altgsgrebenstein.de\/wp-content\/uploads\/2025\/09\/20250917_151002-768x432.jpg 768w, https:\/\/altgsgrebenstein.de\/wp-content\/uploads\/2025\/09\/20250917_151002-1536x864.jpg 1536w, https:\/\/altgsgrebenstein.de\/wp-content\/uploads\/2025\/09\/20250917_151002-2048x1152.jpg 2048w\" sizes=\"(max-width: 604px) 100vw, 604px\" \/><\/p>\n<p>Insgesamt pr\u00e4sentierten sich 16 Betriebe und Institutionen, darunter:<\/p>\n<ul>\n<li>Kasseler Sparkasse<\/li>\n<li>Agentur f\u00fcr Arbeit<\/li>\n<li>Bundespolizei<\/li>\n<li>EAM<\/li>\n<li>Volunta<\/li>\n<li>Rewe<\/li>\n<li>Reiseb\u00fcro \u201eUrlaub ab Kassel Airport\u201c<\/li>\n<li>Ess-Bar \/ Hotel Victorosa Hofgeismar<\/li>\n<li>Kreishandwerkerschaft<\/li>\n<li>Bauunternehmen Bernd Kayser<\/li>\n<li>Autohaus Adam Damm &amp; Sohn<\/li>\n<li>AKG<\/li>\n<li>DRK-Kreisverband Hofgeismar<\/li>\n<li>Real Audio Immenhausen<\/li>\n<li>Gruhn GmbH Kassel<\/li>\n<\/ul>\n<p>Nach der Begr\u00fc\u00dfung hatten die Sch\u00fclerinnen und Sch\u00fcler sowie die begleitenden Eltern die M\u00f6glichkeit, selbstst\u00e4ndig zu mindestens drei Betrieben zu gehen, auf die sie sich die Lernenden im Unterricht vorbereitet hatten. W\u00e4hrend der Gespr\u00e4che konnten sie ihre vorbereiteten Fragen stellen und erhielten daf\u00fcr Stempel als Best\u00e4tigung f\u00fcr \u201egute Gespr\u00e4che\u201c von den Betrieben. Diese Stempel dienten nicht nur als Nachweis f\u00fcr die Teilnahme, sondern sollen auch eine interne Auswertung erm\u00f6glichen: Die Sch\u00fclerinnen und Sch\u00fcler mit den meisten Stempeln k\u00f6nnen kleine \u00dcberraschungen gewinnen!<\/p>\n<p><img decoding=\"async\" class=\"alignnone size-large wp-image-18633\" src=\"http:\/\/altgsgrebenstein.de\/wp-content\/uploads\/2025\/09\/20250917_151112-1024x576.jpg\" alt=\"\" width=\"604\" height=\"340\" srcset=\"https:\/\/altgsgrebenstein.de\/wp-content\/uploads\/2025\/09\/20250917_151112-1024x576.jpg 1024w, https:\/\/altgsgrebenstein.de\/wp-content\/uploads\/2025\/09\/20250917_151112-300x169.jpg 300w, https:\/\/altgsgrebenstein.de\/wp-content\/uploads\/2025\/09\/20250917_151112-768x432.jpg 768w, https:\/\/altgsgrebenstein.de\/wp-content\/uploads\/2025\/09\/20250917_151112-1536x864.jpg 1536w, https:\/\/altgsgrebenstein.de\/wp-content\/uploads\/2025\/09\/20250917_151112-2048x1152.jpg 2048w\" sizes=\"(max-width: 604px) 100vw, 604px\" \/> <img decoding=\"async\" class=\"alignnone size-large wp-image-18634\" src=\"http:\/\/altgsgrebenstein.de\/wp-content\/uploads\/2025\/09\/20250917_163717-1024x576.jpg\" alt=\"\" width=\"604\" height=\"340\" srcset=\"https:\/\/altgsgrebenstein.de\/wp-content\/uploads\/2025\/09\/20250917_163717-1024x576.jpg 1024w, https:\/\/altgsgrebenstein.de\/wp-content\/uploads\/2025\/09\/20250917_163717-300x169.jpg 300w, https:\/\/altgsgrebenstein.de\/wp-content\/uploads\/2025\/09\/20250917_163717-768x432.jpg 768w, https:\/\/altgsgrebenstein.de\/wp-content\/uploads\/2025\/09\/20250917_163717-1536x864.jpg 1536w, https:\/\/altgsgrebenstein.de\/wp-content\/uploads\/2025\/09\/20250917_163717-2048x1152.jpg 2048w\" sizes=\"(max-width: 604px) 100vw, 604px\" \/><\/p>\n<p>In der Mensa gab es zudem ein gro\u00dfes Angebot an Kaffee und leckerem Kuchen zu fairen Preisen, zubereitet von den Klassen R 10b und G9a, die sich damit ihre Klassenkassen aufbessern konnten.<\/p>\n<p>Von Seiten der Sch\u00fclerinnen und Sch\u00fcler, der Eltern sowie der teilnehmenden Betriebe gab es durchweg positive R\u00fcckmeldungen zur Organisation der Veranstaltung. Besonders gelobt wurden die praxisorientierten Angebote, die den Lernenden wertvolle Einblicke in die Berufswelt erm\u00f6glichten und das Interesse an verschiedenen Ausbildungsberufen weckten.<\/p>\n<p>Die \u201eHGS Connect\u201c ist ein wichtiger Bestandteil der Berufsorientierung an unserer Schule und erg\u00e4nzt bereits bestehende Angebote wie den Berufswahlpass, die Berufswahlapp, den Boys-\/Girls-Day sowie Praktika. Einige Sch\u00fclerinnen und Sch\u00fcler gingen an diesem Tag mit einem Platz f\u00fcr den Boys-\/Girls-Day, ein Sch\u00fclerpraktikum und sogar eine Ausbildungsstelle nach Hause.<\/p>\n<p><img decoding=\"async\" class=\"alignnone size-large wp-image-18635\" src=\"http:\/\/altgsgrebenstein.de\/wp-content\/uploads\/2025\/09\/20250917_151015-1024x576.jpg\" alt=\"\" width=\"604\" height=\"340\" srcset=\"https:\/\/altgsgrebenstein.de\/wp-content\/uploads\/2025\/09\/20250917_151015-1024x576.jpg 1024w, https:\/\/altgsgrebenstein.de\/wp-content\/uploads\/2025\/09\/20250917_151015-300x169.jpg 300w, https:\/\/altgsgrebenstein.de\/wp-content\/uploads\/2025\/09\/20250917_151015-768x432.jpg 768w, https:\/\/altgsgrebenstein.de\/wp-content\/uploads\/2025\/09\/20250917_151015-1536x864.jpg 1536w, https:\/\/altgsgrebenstein.de\/wp-content\/uploads\/2025\/09\/20250917_151015-2048x1152.jpg 2048w\" sizes=\"(max-width: 604px) 100vw, 604px\" \/> <img decoding=\"async\" class=\"alignnone size-large wp-image-18636\" src=\"http:\/\/altgsgrebenstein.de\/wp-content\/uploads\/2025\/09\/20250917_165323-1024x576.jpg\" alt=\"\" width=\"604\" height=\"340\" srcset=\"https:\/\/altgsgrebenstein.de\/wp-content\/uploads\/2025\/09\/20250917_165323-1024x576.jpg 1024w, https:\/\/altgsgrebenstein.de\/wp-content\/uploads\/2025\/09\/20250917_165323-300x169.jpg 300w, https:\/\/altgsgrebenstein.de\/wp-content\/uploads\/2025\/09\/20250917_165323-768x432.jpg 768w, https:\/\/altgsgrebenstein.de\/wp-content\/uploads\/2025\/09\/20250917_165323-1536x864.jpg 1536w, https:\/\/altgsgrebenstein.de\/wp-content\/uploads\/2025\/09\/20250917_165323-2048x1152.jpg 2048w\" sizes=\"(max-width: 604px) 100vw, 604px\" \/><\/p>\n<p>Wir bedanken uns bei allen teilnehmenden Betrieben und Institutionen, aber auch bei den Kolleginnen und Kollegen, die ihre Lerngruppen an diesem Tag unterst\u00fctzt haben, f\u00fcr ihr Engagement und freuen uns auf die n\u00e4chste Veranstaltung!<\/p>\n<p><img decoding=\"async\" class=\"alignnone size-large wp-image-18637\" src=\"http:\/\/altgsgrebenstein.de\/wp-content\/uploads\/2025\/09\/20250917_151409-1024x576.jpg\" alt=\"\" width=\"604\" height=\"340\" srcset=\"https:\/\/altgsgrebenstein.de\/wp-content\/uploads\/2025\/09\/20250917_151409-1024x576.jpg 1024w, https:\/\/altgsgrebenstein.de\/wp-content\/uploads\/2025\/09\/20250917_151409-300x169.jpg 300w, https:\/\/altgsgrebenstein.de\/wp-content\/uploads\/2025\/09\/20250917_151409-768x432.jpg 768w, https:\/\/altgsgrebenstein.de\/wp-content\/uploads\/2025\/09\/20250917_151409-1536x864.jpg 1536w, https:\/\/altgsgrebenstein.de\/wp-content\/uploads\/2025\/09\/20250917_151409-2048x1152.jpg 2048w\" sizes=\"(max-width: 604px) 100vw, 604px\" \/><\/p>\n<p>&nbsp;<\/p>\n","protected":false},"excerpt":{"rendered":"<p>Am 17. September 2025 fand von 15 bis 17 Uhr die 41. Berufsinformationsmesse, nun unter dem neuen Namen \u201eHGS Connect\u201c, an der Heinrich-Grupe Schule statt. Alle Sch\u00fclerinnen und Sch\u00fcler der Jahrgangsstufen 8 und 9 sowie deren Eltern waren eingeladen, die hervorragende Gelegenheit wahrzunehmen, wertvolle Einblicke in verschiedene Berufsfelder zu gewinnen.<\/p>\n","protected":false},"author":28,"featured_media":0,"comment_status":"closed","ping_status":"closed","sticky":false,"template":"","format":"standard","meta":{"saved_in_kubio":false,"footnotes":""},"categories":[1],"tags":[],"class_list":["post-18629","post","type-post","status-publish","format-standard","hentry","category-uncategorized"],"_links":{"self":[{"href":"https:\/\/altgsgrebenstein.de\/index.php?rest_route=\/wp\/v2\/posts\/18629","targetHints":{"allow":["GET"]}}],"collection":[{"href":"https:\/\/altgsgrebenstein.de\/index.php?rest_route=\/wp\/v2\/posts"}],"about":[{"href":"https:\/\/altgsgrebenstein.de\/index.php?rest_route=\/wp\/v2\/types\/post"}],"author":[{"embeddable":true,"href":"https:\/\/altgsgrebenstein.de\/index.php?rest_route=\/wp\/v2\/users\/28"}],"replies":[{"embeddable":true,"href":"https:\/\/altgsgrebenstein.de\/index.php?rest_route=%2Fwp%2Fv2%2Fcomments&post=18629"}],"version-history":[{"count":1,"href":"https:\/\/altgsgrebenstein.de\/index.php?rest_route=\/wp\/v2\/posts\/18629\/revisions"}],"predecessor-version":[{"id":18638,"href":"https:\/\/altgsgrebenstein.de\/index.php?rest_route=\/wp\/v2\/posts\/18629\/revisions\/18638"}],"wp:attachment":[{"href":"https:\/\/altgsgrebenstein.de\/index.php?rest_route=%2Fwp%2Fv2%2Fmedia&parent=18629"}],"wp:term":[{"taxonomy":"category","embeddable":true,"href":"https:\/\/altgsgrebenstein.de\/index.php?rest_route=%2Fwp%2Fv2%2Fcategories&post=18629"},{"taxonomy":"post_tag","embeddable":true,"href":"https:\/\/altgsgrebenstein.de\/index.php?rest_route=%2Fwp%2Fv2%2Ftags&post=18629"}],"curies":[{"name":"wp","href":"https:\/\/api.w.org\/{rel}","templated":true}]}}