{"id":18623,"date":"2025-09-19T05:56:23","date_gmt":"2025-09-19T04:56:23","guid":{"rendered":"http:\/\/altgsgrebenstein.de\/?p=18623"},"modified":"2025-09-19T05:56:23","modified_gmt":"2025-09-19T04:56:23","slug":"besuch-der-loewenburg","status":"publish","type":"post","link":"https:\/\/altgsgrebenstein.de\/?p=18623","title":{"rendered":"Besuch der L\u00f6wenburg"},"content":{"rendered":"<p>Am 12.09.2025 haben wir, die Klasse H7 mit unseren Klassenlehrkr\u00e4ften Herrn Lautze und Frau Hofmeyer, unseren ersten Klassenausflug unternommen. Wir fuhren mit dem Zug und der Stra\u00dfenbahn zum Bergpark Wilhelmsh\u00f6he. Von dort ging es f\u00fcr uns zu Fu\u00df weiter. Vorbei am Schloss Wilhelmsh\u00f6he und vielen sch\u00f6nen Blumenbeeten sind wir schlie\u00dflich an unserem Ziel, der L\u00f6wenburg, angekommen.<\/p>\n<p><img decoding=\"async\" class=\"alignnone size-large wp-image-18624\" src=\"http:\/\/altgsgrebenstein.de\/wp-content\/uploads\/2025\/09\/20250912_114812-768x1024.jpg\" alt=\"\" width=\"604\" height=\"805\" srcset=\"https:\/\/altgsgrebenstein.de\/wp-content\/uploads\/2025\/09\/20250912_114812-768x1024.jpg 768w, https:\/\/altgsgrebenstein.de\/wp-content\/uploads\/2025\/09\/20250912_114812-225x300.jpg 225w, https:\/\/altgsgrebenstein.de\/wp-content\/uploads\/2025\/09\/20250912_114812-1152x1536.jpg 1152w, https:\/\/altgsgrebenstein.de\/wp-content\/uploads\/2025\/09\/20250912_114812-1536x2048.jpg 1536w, https:\/\/altgsgrebenstein.de\/wp-content\/uploads\/2025\/09\/20250912_114812-scaled.jpg 1920w\" sizes=\"(max-width: 604px) 100vw, 604px\" \/><\/p>\n<p>Wir wurden in zwei Gruppen eingeteilt und haben eine F\u00fchrung durch und um das Schloss bekommen. Wir haben viel \u00fcber das Leben rund um Landgraf Wilhelm erfahren, z.B. dass die L\u00f6wenburg nur als \u201eHobbyschloss\u201c f\u00fcr Wilhelm diente und daher gar nicht aus dem Mittelalter stammt. Trotzdem konnten wir viele Gemeinsamkeiten zu Burgen aus dem Mittelalter entdecken. Besonders eindrucksvoll war das Anprobieren der Ritterr\u00fcstungen in der R\u00fcstkammer, wo wir feststellen konnten wie schwer so eine R\u00fcstung war.<\/p>\n<p><img decoding=\"async\" class=\"alignnone size-large wp-image-18625\" src=\"http:\/\/altgsgrebenstein.de\/wp-content\/uploads\/2025\/09\/20250912_112840-768x1024.jpg\" alt=\"\" width=\"604\" height=\"805\" srcset=\"https:\/\/altgsgrebenstein.de\/wp-content\/uploads\/2025\/09\/20250912_112840-768x1024.jpg 768w, https:\/\/altgsgrebenstein.de\/wp-content\/uploads\/2025\/09\/20250912_112840-225x300.jpg 225w, https:\/\/altgsgrebenstein.de\/wp-content\/uploads\/2025\/09\/20250912_112840-1152x1536.jpg 1152w, https:\/\/altgsgrebenstein.de\/wp-content\/uploads\/2025\/09\/20250912_112840-1536x2048.jpg 1536w, https:\/\/altgsgrebenstein.de\/wp-content\/uploads\/2025\/09\/20250912_112840-scaled.jpg 1920w\" sizes=\"(max-width: 604px) 100vw, 604px\" \/> <img decoding=\"async\" class=\"alignnone size-large wp-image-18626\" src=\"http:\/\/altgsgrebenstein.de\/wp-content\/uploads\/2025\/09\/20250912_104703-768x1024.jpg\" alt=\"\" width=\"604\" height=\"805\" srcset=\"https:\/\/altgsgrebenstein.de\/wp-content\/uploads\/2025\/09\/20250912_104703-768x1024.jpg 768w, https:\/\/altgsgrebenstein.de\/wp-content\/uploads\/2025\/09\/20250912_104703-225x300.jpg 225w, https:\/\/altgsgrebenstein.de\/wp-content\/uploads\/2025\/09\/20250912_104703-1152x1536.jpg 1152w, https:\/\/altgsgrebenstein.de\/wp-content\/uploads\/2025\/09\/20250912_104703-1536x2048.jpg 1536w, https:\/\/altgsgrebenstein.de\/wp-content\/uploads\/2025\/09\/20250912_104703-scaled.jpg 1920w\" sizes=\"(max-width: 604px) 100vw, 604px\" \/><\/p>\n<p>Im Rahmen der F\u00fchrung konnten wir auch oben auf den Turm. Von dort hatten wir einen tollen Blick auf Kassel.<\/p>\n<p><img decoding=\"async\" class=\"alignnone size-large wp-image-18627\" src=\"http:\/\/altgsgrebenstein.de\/wp-content\/uploads\/2025\/09\/20250912_104658-1024x768.jpg\" alt=\"\" width=\"604\" height=\"453\" srcset=\"https:\/\/altgsgrebenstein.de\/wp-content\/uploads\/2025\/09\/20250912_104658-1024x768.jpg 1024w, https:\/\/altgsgrebenstein.de\/wp-content\/uploads\/2025\/09\/20250912_104658-300x225.jpg 300w, https:\/\/altgsgrebenstein.de\/wp-content\/uploads\/2025\/09\/20250912_104658-768x576.jpg 768w, https:\/\/altgsgrebenstein.de\/wp-content\/uploads\/2025\/09\/20250912_104658-1536x1152.jpg 1536w, https:\/\/altgsgrebenstein.de\/wp-content\/uploads\/2025\/09\/20250912_104658-2048x1536.jpg 2048w\" sizes=\"(max-width: 604px) 100vw, 604px\" \/><\/p>\n<p>Es war ein toller und erlebnisreicher Ausflug!<\/p>\n","protected":false},"excerpt":{"rendered":"<p>Am 12.09.2025 haben wir, die Klasse H7 mit unseren Klassenlehrkr\u00e4ften Herrn Lautze und Frau Hofmeyer, unseren ersten Klassenausflug unternommen. Wir fuhren mit dem Zug und der Stra\u00dfenbahn zum Bergpark Wilhelmsh\u00f6he. Von dort ging es f\u00fcr uns zu Fu\u00df weiter. Vorbei am Schloss Wilhelmsh\u00f6he und vielen sch\u00f6nen Blumenbeeten sind wir schlie\u00dflich an unserem Ziel, der L\u00f6wenburg, &hellip; <a href=\"https:\/\/altgsgrebenstein.de\/?p=18623\" class=\"more-link\"><span class=\"screen-reader-text\">Besuch der L\u00f6wenburg<\/span> weiterlesen <span class=\"meta-nav\">&rarr;<\/span><\/a><\/p>\n","protected":false},"author":28,"featured_media":0,"comment_status":"closed","ping_status":"closed","sticky":false,"template":"","format":"standard","meta":{"saved_in_kubio":false,"footnotes":""},"categories":[1],"tags":[],"class_list":["post-18623","post","type-post","status-publish","format-standard","hentry","category-uncategorized"],"_links":{"self":[{"href":"https:\/\/altgsgrebenstein.de\/index.php?rest_route=\/wp\/v2\/posts\/18623","targetHints":{"allow":["GET"]}}],"collection":[{"href":"https:\/\/altgsgrebenstein.de\/index.php?rest_route=\/wp\/v2\/posts"}],"about":[{"href":"https:\/\/altgsgrebenstein.de\/index.php?rest_route=\/wp\/v2\/types\/post"}],"author":[{"embeddable":true,"href":"https:\/\/altgsgrebenstein.de\/index.php?rest_route=\/wp\/v2\/users\/28"}],"replies":[{"embeddable":true,"href":"https:\/\/altgsgrebenstein.de\/index.php?rest_route=%2Fwp%2Fv2%2Fcomments&post=18623"}],"version-history":[{"count":1,"href":"https:\/\/altgsgrebenstein.de\/index.php?rest_route=\/wp\/v2\/posts\/18623\/revisions"}],"predecessor-version":[{"id":18628,"href":"https:\/\/altgsgrebenstein.de\/index.php?rest_route=\/wp\/v2\/posts\/18623\/revisions\/18628"}],"wp:attachment":[{"href":"https:\/\/altgsgrebenstein.de\/index.php?rest_route=%2Fwp%2Fv2%2Fmedia&parent=18623"}],"wp:term":[{"taxonomy":"category","embeddable":true,"href":"https:\/\/altgsgrebenstein.de\/index.php?rest_route=%2Fwp%2Fv2%2Fcategories&post=18623"},{"taxonomy":"post_tag","embeddable":true,"href":"https:\/\/altgsgrebenstein.de\/index.php?rest_route=%2Fwp%2Fv2%2Ftags&post=18623"}],"curies":[{"name":"wp","href":"https:\/\/api.w.org\/{rel}","templated":true}]}}