{"id":18614,"date":"2025-09-18T20:33:38","date_gmt":"2025-09-18T19:33:38","guid":{"rendered":"http:\/\/altgsgrebenstein.de\/?p=18614"},"modified":"2025-09-18T20:33:38","modified_gmt":"2025-09-18T19:33:38","slug":"auf-ein-neues-road-to-gruenberg","status":"publish","type":"post","link":"https:\/\/altgsgrebenstein.de\/?p=18614","title":{"rendered":"Auf ein Neues \u2013 Road to Gr\u00fcnberg!"},"content":{"rendered":"<p style=\"font-weight: 400;\">Neustart der U18 Fu\u00dfballerinnen der Heinrich-Grupe-Schule: das gro\u00dfe Ziel des Landesentscheides, an dem man im letzten Schuljahr teilnehmen durfte, begann am 17. September 2025 mittlerweile traditionell auf dem Vellmarer Kunstrasenplatz.<\/p>\n<p><img decoding=\"async\" class=\"alignnone size-full wp-image-18619\" src=\"http:\/\/altgsgrebenstein.de\/wp-content\/uploads\/2025\/09\/IMG_1034.heic\" alt=\"\" \/><\/p>\n<p style=\"font-weight: 400;\">Von links oben nach rechts unten: Svea Fricke, Chiara Siebert, Levke Eisenhuth, Svea Hellwig, Leni Berndt, Nia Lohr, Chayenne Heiek, Emma Burghard, Kim Krohne, Liviana Paroglu<\/p>\n<p style=\"font-weight: 400;\">Die zehn Fu\u00dfballerinnen wussten, dass sie gegen die Jahrg\u00e4nge 2010 bis 2012 der weiteren Schulen antreten w\u00fcrden. Trotz der j\u00fcngsten Mannschaft im Turnier der U18 M\u00e4dchen, kein M\u00e4dchen des HGS-Teams ist 2010 geboren, zwei M\u00e4dchen sogar erst 2012, wusste die Mannschaft erneut zu \u00fcberzeugen!<\/p>\n<p><img decoding=\"async\" class=\"alignnone wp-image-18616 size-full\" src=\"http:\/\/altgsgrebenstein.de\/wp-content\/uploads\/2025\/09\/IMG_1027.heic\" alt=\"\" width=\"4284\" height=\"5712\" \/><img decoding=\"async\" class=\"alignnone size-medium wp-image-18616\" src=\"http:\/\/altgsgrebenstein.de\/wp-content\/uploads\/2025\/09\/IMG_1027.heic\" alt=\"\" width=\"1\" height=\"1\" \/><\/p>\n<p><!--more--><\/p>\n<p style=\"font-weight: 400;\">Vor Turnierbeginn wurde bekanntgegeben, dass die Mannschaft der Walter-L\u00fcbcke-Schule aus Wolfhagen au\u00dfer Konkurrenz antreten wird, da sie Spielerinnen des Jahrgangs 2009 einsetzen werden.<\/p>\n<p style=\"font-weight: 400;\">Somit war klar, dass die Entscheidung, ob mindestes Platz zwei erreicht werden kann, gegen die Favoriten der Wilhelm-Leuschner-Schule Niestetal und der Elisabeth-Selbert-Schule aus Zierenberg fallen wird.<\/p>\n<p style=\"font-weight: 400;\"><img decoding=\"async\" class=\"alignnone size-full wp-image-18618\" src=\"http:\/\/altgsgrebenstein.de\/wp-content\/uploads\/2025\/09\/IMG_1030.heic\" alt=\"\" \/><\/p>\n<p style=\"font-weight: 400;\">Im Spiel gegen Wolfhagen wurde flei\u00dfig rotiert und jede Spielerin erhielt ausreichend Spielzeit. Trotz der k\u00f6rperlichen Unterlegenheit gewann die HGS mit 2:1.<\/p>\n<p style=\"font-weight: 400;\">Das zweite Spiel sollte das der beiden Gewinnerinnen des Schulamtsentscheids sein \u2013 HGS gegen WLS. Von Beginn an zeigten beide Teams ein hohes Niveau, schenkten sich nichts und lieferten sich ein hochwertiges Duell. \u00dcber das gesamte Spiel konnte sich die HGS ein leichtes \u00dcbergewicht erspielen, welches bis kurz vor Schluss mit einem 1:0 belohnt wurde. Gegen Ende des Spiels setzte sich jedoch eine Niestetalerin individuell stark durch und erzielte den Ausgleich.<\/p>\n<p style=\"font-weight: 400;\">Im letzten Spiel setzte sich das Team der HGS gegen die ESS aus Zierenberg verdient mit 2:0 durch und erreichte aufgrund der weniger geschossenen Tore den zweiten Platz.<\/p>\n<p style=\"font-weight: 400;\">Durch die R\u00fcckkehr der Torj\u00e4gerin Svea Hellwig und dem \u201eNeuzugang\u201c Emma Burghard, die ein sicherer R\u00fcckhalt im Tor war, konnte sich das Team trotz der k\u00f6rperlichen Unterlegenheit mit ihrer fu\u00dfballerischen Klasse f\u00fcr die n\u00e4chste Runde qualifizieren.<\/p>\n<p style=\"font-weight: 400;\">Der Traum bleibt: sowohl die M\u00e4dchen als auch Robin G\u00f6ring wollen m\u00f6glichst wieder nach Gr\u00fcnberg und den Landesentscheid erneut erleben!<\/p>\n","protected":false},"excerpt":{"rendered":"<p>Neustart der U18 Fu\u00dfballerinnen der Heinrich-Grupe-Schule: das gro\u00dfe Ziel des Landesentscheides, an dem man im letzten Schuljahr teilnehmen durfte, begann am 17. September 2025 mittlerweile traditionell auf dem Vellmarer Kunstrasenplatz. Von links oben nach rechts unten: Svea Fricke, Chiara Siebert, Levke Eisenhuth, Svea Hellwig, Leni Berndt, Nia Lohr, Chayenne Heiek, Emma Burghard, Kim Krohne, Liviana &hellip; <a href=\"https:\/\/altgsgrebenstein.de\/?p=18614\" class=\"more-link\"><span class=\"screen-reader-text\">Auf ein Neues \u2013 Road to Gr\u00fcnberg!<\/span> weiterlesen <span class=\"meta-nav\">&rarr;<\/span><\/a><\/p>\n","protected":false},"author":20,"featured_media":0,"comment_status":"closed","ping_status":"closed","sticky":false,"template":"","format":"standard","meta":{"saved_in_kubio":false,"footnotes":""},"categories":[1],"tags":[],"class_list":["post-18614","post","type-post","status-publish","format-standard","hentry","category-uncategorized"],"_links":{"self":[{"href":"https:\/\/altgsgrebenstein.de\/index.php?rest_route=\/wp\/v2\/posts\/18614","targetHints":{"allow":["GET"]}}],"collection":[{"href":"https:\/\/altgsgrebenstein.de\/index.php?rest_route=\/wp\/v2\/posts"}],"about":[{"href":"https:\/\/altgsgrebenstein.de\/index.php?rest_route=\/wp\/v2\/types\/post"}],"author":[{"embeddable":true,"href":"https:\/\/altgsgrebenstein.de\/index.php?rest_route=\/wp\/v2\/users\/20"}],"replies":[{"embeddable":true,"href":"https:\/\/altgsgrebenstein.de\/index.php?rest_route=%2Fwp%2Fv2%2Fcomments&post=18614"}],"version-history":[{"count":2,"href":"https:\/\/altgsgrebenstein.de\/index.php?rest_route=\/wp\/v2\/posts\/18614\/revisions"}],"predecessor-version":[{"id":18621,"href":"https:\/\/altgsgrebenstein.de\/index.php?rest_route=\/wp\/v2\/posts\/18614\/revisions\/18621"}],"wp:attachment":[{"href":"https:\/\/altgsgrebenstein.de\/index.php?rest_route=%2Fwp%2Fv2%2Fmedia&parent=18614"}],"wp:term":[{"taxonomy":"category","embeddable":true,"href":"https:\/\/altgsgrebenstein.de\/index.php?rest_route=%2Fwp%2Fv2%2Fcategories&post=18614"},{"taxonomy":"post_tag","embeddable":true,"href":"https:\/\/altgsgrebenstein.de\/index.php?rest_route=%2Fwp%2Fv2%2Ftags&post=18614"}],"curies":[{"name":"wp","href":"https:\/\/api.w.org\/{rel}","templated":true}]}}