{"id":18586,"date":"2025-09-15T20:42:29","date_gmt":"2025-09-15T19:42:29","guid":{"rendered":"http:\/\/altgsgrebenstein.de\/?p=18586"},"modified":"2025-09-15T20:42:29","modified_gmt":"2025-09-15T19:42:29","slug":"neue-rekorde-beim-minimarathon","status":"publish","type":"post","link":"https:\/\/altgsgrebenstein.de\/?p=18586","title":{"rendered":"Neue Rekorde beim Minimarathon"},"content":{"rendered":"<div>\n<p class=\"text\">77 L\u00e4uferinnen und L\u00e4ufer, Platz zwei bei den Teams der Jahrg\u00e4nge 2012\/2013 und kein Sch\u00fcler lief \u00fcber 40:00 Minuten \u2013 nicht nur der Olympische Gedanke war an diesem Tag gegeben, auch sportlich lieferte die Heinrich-Grupe-Schule am Samstag, 13. September sensationell beim Kasseler Minimarathon ab! <img decoding=\"async\" class=\"alignnone size-medium wp-image-18591\" src=\"http:\/\/altgsgrebenstein.de\/wp-content\/uploads\/2025\/09\/IMG_0979.heic\" alt=\"\" width=\"1\" height=\"1\" \/> <img decoding=\"async\" class=\"alignnone size-full wp-image-18592\" src=\"http:\/\/altgsgrebenstein.de\/wp-content\/uploads\/2025\/09\/IMG_0977.heic\" alt=\"\" \/><\/p>\n<\/div>\n<div>\n<p class=\"text\">Der traditionelle Treffpunkt auf dem Vorplatz des Auestadions war in diesem Jahr voller als je zuvor, da erstmals der Mini-Halbmarathon, haupts\u00e4chlich f\u00fcr die Grundschulen, vor dem Minimarathon stattfand.<\/p>\n<\/div>\n<div>\n<p class=\"text\">Wie jedes Jahr fieberten sowohl die L\u00e4uferinnen und L\u00e4ufer als auch die zahlreich erschienenen Eltern dem Start des Laufes entgegen. Nachdem die Anwesenheit \u00fcberpr\u00fcft und die letzten Tipps und W\u00fcnsche mitgegeben wurde, erfolgte der Startschuss seitens der Lehrkr\u00e4fte zum Start.<\/p>\n<p><img decoding=\"async\" class=\"alignleft wp-image-18588 size-medium\" src=\"http:\/\/altgsgrebenstein.de\/wp-content\/uploads\/2025\/09\/546ddabb-1a1e-4471-b3d0-83e8366d788f-169x300.jpg\" alt=\"\" width=\"169\" height=\"300\" srcset=\"https:\/\/altgsgrebenstein.de\/wp-content\/uploads\/2025\/09\/546ddabb-1a1e-4471-b3d0-83e8366d788f-169x300.jpg 169w, https:\/\/altgsgrebenstein.de\/wp-content\/uploads\/2025\/09\/546ddabb-1a1e-4471-b3d0-83e8366d788f-576x1024.jpg 576w, https:\/\/altgsgrebenstein.de\/wp-content\/uploads\/2025\/09\/546ddabb-1a1e-4471-b3d0-83e8366d788f-768x1365.jpg 768w, https:\/\/altgsgrebenstein.de\/wp-content\/uploads\/2025\/09\/546ddabb-1a1e-4471-b3d0-83e8366d788f-864x1536.jpg 864w, https:\/\/altgsgrebenstein.de\/wp-content\/uploads\/2025\/09\/546ddabb-1a1e-4471-b3d0-83e8366d788f.jpg 1148w\" sizes=\"(max-width: 169px) 100vw, 169px\" \/> <img decoding=\"async\" class=\"alignnone wp-image-18589 size-medium\" src=\"http:\/\/altgsgrebenstein.de\/wp-content\/uploads\/2025\/09\/e6a9139c-b85c-490c-baea-0edcd1e322ea-225x300.jpg\" alt=\"\" width=\"225\" height=\"300\" srcset=\"https:\/\/altgsgrebenstein.de\/wp-content\/uploads\/2025\/09\/e6a9139c-b85c-490c-baea-0edcd1e322ea-225x300.jpg 225w, https:\/\/altgsgrebenstein.de\/wp-content\/uploads\/2025\/09\/e6a9139c-b85c-490c-baea-0edcd1e322ea-768x1024.jpg 768w, https:\/\/altgsgrebenstein.de\/wp-content\/uploads\/2025\/09\/e6a9139c-b85c-490c-baea-0edcd1e322ea-1152x1536.jpg 1152w, https:\/\/altgsgrebenstein.de\/wp-content\/uploads\/2025\/09\/e6a9139c-b85c-490c-baea-0edcd1e322ea.jpg 1200w\" sizes=\"(max-width: 225px) 100vw, 225px\" \/><\/p>\n<\/div>\n<div>\n<p class=\"text\">Um 16.05 Uhr wurde heruntergez\u00e4hlt und die HGS-L\u00e4ufer, die mitlaufenden Frau Wiedmann-Bentz und Herr K\u00e4se sowie das gro\u00dfe Feld setzte sich in Bewegung. Auf dem Rasen des Auestadions warteten die weiteren Lehrkr\u00e4fte Frau Thiemann-G\u00f6<img decoding=\"async\" class=\"alignleft wp-image-18590 size-medium\" src=\"http:\/\/altgsgrebenstein.de\/wp-content\/uploads\/2025\/09\/e5550544-accd-49e3-9bea-b99fff2fb8b3-169x300.jpg\" alt=\"\" width=\"169\" height=\"300\" srcset=\"https:\/\/altgsgrebenstein.de\/wp-content\/uploads\/2025\/09\/e5550544-accd-49e3-9bea-b99fff2fb8b3-169x300.jpg 169w, https:\/\/altgsgrebenstein.de\/wp-content\/uploads\/2025\/09\/e5550544-accd-49e3-9bea-b99fff2fb8b3-576x1024.jpg 576w, https:\/\/altgsgrebenstein.de\/wp-content\/uploads\/2025\/09\/e5550544-accd-49e3-9bea-b99fff2fb8b3-768x1365.jpg 768w, https:\/\/altgsgrebenstein.de\/wp-content\/uploads\/2025\/09\/e5550544-accd-49e3-9bea-b99fff2fb8b3-864x1536.jpg 864w, https:\/\/altgsgrebenstein.de\/wp-content\/uploads\/2025\/09\/e5550544-accd-49e3-9bea-b99fff2fb8b3.jpg 1148w\" sizes=\"(max-width: 169px) 100vw, 169px\" \/>ring, Frau Ferrara und Herr G\u00f6ring nicht lange, denn Paul Klein erreichte bereits nach 16:50 Minuten das Ziel, Jannes Thiemann folgte ihm mit einer Zeit von 17:41 Minuten und Luca Wittich erreichte bereits nach 18:03 Minuten das Ziel. Damit belegten die drei Sch\u00fcler die Pl\u00e4tze 31, 49 und 66 des gesamten Teilnehmerfeldes \u2013 eine unglaubliche Leistung! Paul musste in seiner Altersklasse M12 nur einem L\u00e4ufer den Vorrang lassen und erreichte somit den zweiten Platz in dieser Altersklasse!<\/p>\n<\/div>\n<div>\n<p class=\"text\">Auch die Sch\u00fclerinnen der HGS lie\u00dfen nicht lange auf sich warten und Emma Braun (21:24 Minuten), Lotte Thiemann (21:53) und Mayla Ackerbauer (22:06) erreichten erstaunliche Zeiten!<\/p>\n<\/div>\n<div>\n<p class=\"text\">Ein au\u00dferordentliches Ergebnis erzielten die zehn schnellsten L\u00e4uferinnen und L\u00e4ufer der Jahrg\u00e4nge 2012\/2013 der HGS &#8211; Paul Klein, Jannes Thiemann, Luca Wittich, Jan Raschka, Max Croll, Laron Reichl, Louis Schmidke, Janne Herwig, Emma Braun, Ben Schuchardt -, die mit ihrer Gesamtzeit von 03:14:54 sensationell den zweiten Platz aller teilnehmenden Schulen in den genannten Jahrg\u00e4ngen erreichten \u2013 niemals zuvor erreichte eine Landkreisschule einen solchen Platz in der Teamwertung!<\/p>\n<\/div>\n<div>\n<p class=\"text\">Nachdem das gro\u00dfe HGS-Foto auf dem Rasenplatz des Auestadions geschossen wurde, empfingen die stolzen Eltern ihre Kinder lautstark am Treffpunkt als das gro\u00dfe HGS Team eintraf. Am Ende waren alle L\u00e4uferinnen und L\u00e4ufer stolz auf ihre Leistungen und die Bew\u00e4ltigung des Minimarathons.<\/p>\n<p><img decoding=\"async\" class=\"alignnone wp-image-18587 \" src=\"http:\/\/altgsgrebenstein.de\/wp-content\/uploads\/2025\/09\/05f98112-674d-4438-8d3c-e62a1a680179-1024x768.jpg\" alt=\"\" width=\"343\" height=\"257\" srcset=\"https:\/\/altgsgrebenstein.de\/wp-content\/uploads\/2025\/09\/05f98112-674d-4438-8d3c-e62a1a680179-1024x768.jpg 1024w, https:\/\/altgsgrebenstein.de\/wp-content\/uploads\/2025\/09\/05f98112-674d-4438-8d3c-e62a1a680179-300x225.jpg 300w, https:\/\/altgsgrebenstein.de\/wp-content\/uploads\/2025\/09\/05f98112-674d-4438-8d3c-e62a1a680179-768x576.jpg 768w, https:\/\/altgsgrebenstein.de\/wp-content\/uploads\/2025\/09\/05f98112-674d-4438-8d3c-e62a1a680179-1536x1152.jpg 1536w, https:\/\/altgsgrebenstein.de\/wp-content\/uploads\/2025\/09\/05f98112-674d-4438-8d3c-e62a1a680179.jpg 1600w\" sizes=\"(max-width: 343px) 100vw, 343px\" \/> <img decoding=\"async\" class=\"alignnone  wp-image-18591\" src=\"http:\/\/altgsgrebenstein.de\/wp-content\/uploads\/2025\/09\/IMG_0979.heic\" alt=\"\" width=\"230\" height=\"306\" \/><\/p>\n<\/div>\n<div>\n<p>Am Mittwoch, 17. September 2025 findet eine schulinterne Siegerehrung in der alten Aula der HGS statt. Frau Boye-Griesel, Frau Thiemann-G\u00f6ring und Frau Wiedmann-Bentz werden allen Teilnehmerinnen und Teilnehmern zu ihren tollen Leistungen gratulieren und ihnen ihre Urkunden \u00fcberreichen.<\/p>\n<\/div>\n<div>\n<p class=\"text\">Nicht nur die diversen Sportveranstaltungen und die Teilnahmen an den Jugend trainiert f\u00fcr Olympia Turnieren, sondern auch der Minimarathon zeigt, welchen Stellenwert der Sport an der HGS hat und wie verbindend ein solch sportliches Erlebnis ist.<\/p>\n<\/div>\n<div>\n<p class=\"text\">Ihr k\u00f6nnt stolz auf eure erzielten Leistungen sein und der Sportfachbereich freut sich bereits jetzt auf die Teilnahme im kommenden Schuljahr!<\/p>\n<\/div>\n","protected":false},"excerpt":{"rendered":"<p>77 L\u00e4uferinnen und L\u00e4ufer, Platz zwei bei den Teams der Jahrg\u00e4nge 2012\/2013 und kein Sch\u00fcler lief \u00fcber 40:00 Minuten \u2013 nicht nur der Olympische Gedanke war an diesem Tag gegeben, auch sportlich lieferte die Heinrich-Grupe-Schule am Samstag, 13. September sensationell beim Kasseler Minimarathon ab! Der traditionelle Treffpunkt auf dem Vorplatz des Auestadions war in diesem &hellip; <a href=\"https:\/\/altgsgrebenstein.de\/?p=18586\" class=\"more-link\"><span class=\"screen-reader-text\">Neue Rekorde beim Minimarathon<\/span> weiterlesen <span class=\"meta-nav\">&rarr;<\/span><\/a><\/p>\n","protected":false},"author":20,"featured_media":0,"comment_status":"closed","ping_status":"closed","sticky":false,"template":"","format":"standard","meta":{"saved_in_kubio":false,"footnotes":""},"categories":[1],"tags":[],"class_list":["post-18586","post","type-post","status-publish","format-standard","hentry","category-uncategorized"],"_links":{"self":[{"href":"https:\/\/altgsgrebenstein.de\/index.php?rest_route=\/wp\/v2\/posts\/18586","targetHints":{"allow":["GET"]}}],"collection":[{"href":"https:\/\/altgsgrebenstein.de\/index.php?rest_route=\/wp\/v2\/posts"}],"about":[{"href":"https:\/\/altgsgrebenstein.de\/index.php?rest_route=\/wp\/v2\/types\/post"}],"author":[{"embeddable":true,"href":"https:\/\/altgsgrebenstein.de\/index.php?rest_route=\/wp\/v2\/users\/20"}],"replies":[{"embeddable":true,"href":"https:\/\/altgsgrebenstein.de\/index.php?rest_route=%2Fwp%2Fv2%2Fcomments&post=18586"}],"version-history":[{"count":4,"href":"https:\/\/altgsgrebenstein.de\/index.php?rest_route=\/wp\/v2\/posts\/18586\/revisions"}],"predecessor-version":[{"id":18596,"href":"https:\/\/altgsgrebenstein.de\/index.php?rest_route=\/wp\/v2\/posts\/18586\/revisions\/18596"}],"wp:attachment":[{"href":"https:\/\/altgsgrebenstein.de\/index.php?rest_route=%2Fwp%2Fv2%2Fmedia&parent=18586"}],"wp:term":[{"taxonomy":"category","embeddable":true,"href":"https:\/\/altgsgrebenstein.de\/index.php?rest_route=%2Fwp%2Fv2%2Fcategories&post=18586"},{"taxonomy":"post_tag","embeddable":true,"href":"https:\/\/altgsgrebenstein.de\/index.php?rest_route=%2Fwp%2Fv2%2Ftags&post=18586"}],"curies":[{"name":"wp","href":"https:\/\/api.w.org\/{rel}","templated":true}]}}