{"id":18548,"date":"2025-09-02T06:56:14","date_gmt":"2025-09-02T05:56:14","guid":{"rendered":"http:\/\/altgsgrebenstein.de\/?p=18548"},"modified":"2025-09-08T05:47:04","modified_gmt":"2025-09-08T04:47:04","slug":"kulturpause-im-rahmen-des-aktionstages-jugendfeuerwehr-ist-wertvoll","status":"publish","type":"post","link":"https:\/\/altgsgrebenstein.de\/?p=18548","title":{"rendered":"Kulturpause im Rahmen des Aktionstages \u201eJugendfeuerwehr ist WERTvoll\u201c"},"content":{"rendered":"<p><img decoding=\"async\" class=\"alignnone size-large wp-image-18549\" src=\"http:\/\/altgsgrebenstein.de\/wp-content\/uploads\/2025\/09\/IMG_2923-1024x559.jpg\" alt=\"\" width=\"604\" height=\"330\" srcset=\"https:\/\/altgsgrebenstein.de\/wp-content\/uploads\/2025\/09\/IMG_2923-1024x559.jpg 1024w, https:\/\/altgsgrebenstein.de\/wp-content\/uploads\/2025\/09\/IMG_2923-300x164.jpg 300w, https:\/\/altgsgrebenstein.de\/wp-content\/uploads\/2025\/09\/IMG_2923-768x419.jpg 768w, https:\/\/altgsgrebenstein.de\/wp-content\/uploads\/2025\/09\/IMG_2923-1536x839.jpg 1536w, https:\/\/altgsgrebenstein.de\/wp-content\/uploads\/2025\/09\/IMG_2923-2048x1118.jpg 2048w\" sizes=\"(max-width: 604px) 100vw, 604px\" \/><\/p>\n<p>Welche Werte vertrittst du?<\/p>\n<p>Dieser Frage widmeten wir uns im Rahmen einer Kulturpause am Freitag, den 28.08.2025, im Rahmen des Aktionstages \u201eJugendfeuerwehr ist WERTvoll\u201c, einer Kooperation des Hessischen Ministeriums f\u00fcr Kultus, Bildung und Chancen und des Hessischen Ministeriums des Innern, f\u00fcr Sicherheit und Heimatschutz in Form der hessischen Jugendfeuerwehren.<\/p>\n<p><!--more--><\/p>\n<p><img decoding=\"async\" class=\"alignnone size-large wp-image-18550\" src=\"http:\/\/altgsgrebenstein.de\/wp-content\/uploads\/2025\/09\/IMG_2906-1024x768.jpg\" alt=\"\" width=\"604\" height=\"453\" srcset=\"https:\/\/altgsgrebenstein.de\/wp-content\/uploads\/2025\/09\/IMG_2906-1024x768.jpg 1024w, https:\/\/altgsgrebenstein.de\/wp-content\/uploads\/2025\/09\/IMG_2906-300x225.jpg 300w, https:\/\/altgsgrebenstein.de\/wp-content\/uploads\/2025\/09\/IMG_2906-768x576.jpg 768w, https:\/\/altgsgrebenstein.de\/wp-content\/uploads\/2025\/09\/IMG_2906-1536x1152.jpg 1536w, https:\/\/altgsgrebenstein.de\/wp-content\/uploads\/2025\/09\/IMG_2906-2048x1536.jpg 2048w\" sizes=\"(max-width: 604px) 100vw, 604px\" \/><\/p>\n<p>Als die Sch\u00fclerinnen und Sch\u00fcler morgens auf den Schulhof kamen, befanden sich dort schon die Werte Respekt, Toleranz, Demokratie, Bildung, Gerechtigkeit, Frieden, aufgemalt am Vorabend von der Jugendfeuerwehr in Grebenstein. Doch was hat es damit auf sich? Das erfuhren einige Klassen bereits in der dritten und vierten Schulstunde, in der sie sich mit ihren eigenen Werten besch\u00e4ftigten. In der zweiten Pause trafen sich dann alle gemeinsam auf dem Schulhof, auf dem schon die Einsatzfahrzeuge der Grebensteiner Feuerwehr mit Blaulicht standen.<\/p>\n<p><img decoding=\"async\" class=\"alignnone size-large wp-image-18551\" src=\"http:\/\/altgsgrebenstein.de\/wp-content\/uploads\/2025\/09\/IMG_2902-1024x758.jpg\" alt=\"\" width=\"604\" height=\"447\" srcset=\"https:\/\/altgsgrebenstein.de\/wp-content\/uploads\/2025\/09\/IMG_2902-1024x758.jpg 1024w, https:\/\/altgsgrebenstein.de\/wp-content\/uploads\/2025\/09\/IMG_2902-300x222.jpg 300w, https:\/\/altgsgrebenstein.de\/wp-content\/uploads\/2025\/09\/IMG_2902-768x568.jpg 768w, https:\/\/altgsgrebenstein.de\/wp-content\/uploads\/2025\/09\/IMG_2902-1536x1136.jpg 1536w, https:\/\/altgsgrebenstein.de\/wp-content\/uploads\/2025\/09\/IMG_2902-2048x1515.jpg 2048w\" sizes=\"(max-width: 604px) 100vw, 604px\" \/> <img decoding=\"async\" class=\"alignnone size-large wp-image-18552\" src=\"http:\/\/altgsgrebenstein.de\/wp-content\/uploads\/2025\/09\/IMG_2922-768x1024.jpg\" alt=\"\" width=\"604\" height=\"805\" srcset=\"https:\/\/altgsgrebenstein.de\/wp-content\/uploads\/2025\/09\/IMG_2922-768x1024.jpg 768w, https:\/\/altgsgrebenstein.de\/wp-content\/uploads\/2025\/09\/IMG_2922-225x300.jpg 225w, https:\/\/altgsgrebenstein.de\/wp-content\/uploads\/2025\/09\/IMG_2922-1152x1536.jpg 1152w, https:\/\/altgsgrebenstein.de\/wp-content\/uploads\/2025\/09\/IMG_2922-1536x2048.jpg 1536w, https:\/\/altgsgrebenstein.de\/wp-content\/uploads\/2025\/09\/IMG_2922-scaled.jpg 1920w\" sizes=\"(max-width: 604px) 100vw, 604px\" \/><\/p>\n<p>Doch hier war kein Brand ausgebrochen, sondern es ging um demokratische Grundwerte. Nachdem die Schulleiterin Frau Boye\u2013Griesel, der Grebensteiner B\u00fcrgermeister Herr Sutor, Herr Lindemann von der Feuerwehr und Frau Hilmes eindrucksvoll die Bedeutung demokratischer Werte f\u00fcr die Gesellschaft, die Feuerwehr und f\u00fcr unsere Schule verdeutlichten, konnten die Sch\u00fclerinnen und Sch\u00fcler auf dem Schulhof ihre eigenen Werte erg\u00e4nzen. So fanden sich auf dem Schulhof nun die Worte \u201eRespekt\u201c, \u201eLiebe\u201c, \u201eToleranz\u201c, \u201eVerl\u00e4sslichkeit\u201c und \u201eGleichberechtigung\u201c. Trotz des regnerischen Wochenendes waren viele dieser Worte auch noch am Montag zu sehen. Zudem konnten im Rahmen der Aktion die Einsatzfahrzeuge besichtigt werden.<\/p>\n<p><img decoding=\"async\" class=\"alignnone size-large wp-image-18553\" src=\"http:\/\/altgsgrebenstein.de\/wp-content\/uploads\/2025\/09\/IMG_2909-1024x768.jpg\" alt=\"\" width=\"604\" height=\"453\" srcset=\"https:\/\/altgsgrebenstein.de\/wp-content\/uploads\/2025\/09\/IMG_2909-1024x768.jpg 1024w, https:\/\/altgsgrebenstein.de\/wp-content\/uploads\/2025\/09\/IMG_2909-300x225.jpg 300w, https:\/\/altgsgrebenstein.de\/wp-content\/uploads\/2025\/09\/IMG_2909-768x576.jpg 768w, https:\/\/altgsgrebenstein.de\/wp-content\/uploads\/2025\/09\/IMG_2909-1536x1152.jpg 1536w, https:\/\/altgsgrebenstein.de\/wp-content\/uploads\/2025\/09\/IMG_2909-2048x1536.jpg 2048w\" sizes=\"(max-width: 604px) 100vw, 604px\" \/> <img decoding=\"async\" class=\"alignnone size-large wp-image-18554\" src=\"http:\/\/altgsgrebenstein.de\/wp-content\/uploads\/2025\/09\/IMG_2921-1024x768.jpg\" alt=\"\" width=\"604\" height=\"453\" srcset=\"https:\/\/altgsgrebenstein.de\/wp-content\/uploads\/2025\/09\/IMG_2921-1024x768.jpg 1024w, https:\/\/altgsgrebenstein.de\/wp-content\/uploads\/2025\/09\/IMG_2921-300x225.jpg 300w, https:\/\/altgsgrebenstein.de\/wp-content\/uploads\/2025\/09\/IMG_2921-768x576.jpg 768w, https:\/\/altgsgrebenstein.de\/wp-content\/uploads\/2025\/09\/IMG_2921-1536x1152.jpg 1536w, https:\/\/altgsgrebenstein.de\/wp-content\/uploads\/2025\/09\/IMG_2921-2048x1536.jpg 2048w\" sizes=\"(max-width: 604px) 100vw, 604px\" \/><\/p>\n<p>Wir bedanken uns herzlich bei der Jugendfeuerwehr Grebenstein, insbesondere bei Herrn Sen und Herrn Lindemann, f\u00fcr die gelungene Kooperation und freuen uns auf weitere gemeinsame Aktionen. Ebenfalls m\u00f6chten wir uns bei unserem Grebensteiner B\u00fcrgermeister, Herrn Sutor, f\u00fcr sein Kommen und die Unterst\u00fctzung der Kooperation bedanken.<\/p>\n<p>Link Video:<\/p>\n<p><a href=\"http:\/\/altgsgrebenstein.de\/wp-content\/uploads\/2025\/09\/Jugendfeuerwehr-ist-WERTvoll.mov\">Jugendfeuerwehr ist WERTvoll<\/a><\/p>\n<p>Text: M. Hilmes<\/p>\n","protected":false},"excerpt":{"rendered":"<p>Welche Werte vertrittst du? Dieser Frage widmeten wir uns im Rahmen einer Kulturpause am Freitag, den 28.08.2025, im Rahmen des Aktionstages \u201eJugendfeuerwehr ist WERTvoll\u201c, einer Kooperation des Hessischen Ministeriums f\u00fcr Kultus, Bildung und Chancen und des Hessischen Ministeriums des Innern, f\u00fcr Sicherheit und Heimatschutz in Form der hessischen Jugendfeuerwehren.<\/p>\n","protected":false},"author":28,"featured_media":0,"comment_status":"closed","ping_status":"closed","sticky":false,"template":"","format":"standard","meta":{"saved_in_kubio":false,"footnotes":""},"categories":[1],"tags":[],"class_list":["post-18548","post","type-post","status-publish","format-standard","hentry","category-uncategorized"],"_links":{"self":[{"href":"https:\/\/altgsgrebenstein.de\/index.php?rest_route=\/wp\/v2\/posts\/18548","targetHints":{"allow":["GET"]}}],"collection":[{"href":"https:\/\/altgsgrebenstein.de\/index.php?rest_route=\/wp\/v2\/posts"}],"about":[{"href":"https:\/\/altgsgrebenstein.de\/index.php?rest_route=\/wp\/v2\/types\/post"}],"author":[{"embeddable":true,"href":"https:\/\/altgsgrebenstein.de\/index.php?rest_route=\/wp\/v2\/users\/28"}],"replies":[{"embeddable":true,"href":"https:\/\/altgsgrebenstein.de\/index.php?rest_route=%2Fwp%2Fv2%2Fcomments&post=18548"}],"version-history":[{"count":4,"href":"https:\/\/altgsgrebenstein.de\/index.php?rest_route=\/wp\/v2\/posts\/18548\/revisions"}],"predecessor-version":[{"id":18569,"href":"https:\/\/altgsgrebenstein.de\/index.php?rest_route=\/wp\/v2\/posts\/18548\/revisions\/18569"}],"wp:attachment":[{"href":"https:\/\/altgsgrebenstein.de\/index.php?rest_route=%2Fwp%2Fv2%2Fmedia&parent=18548"}],"wp:term":[{"taxonomy":"category","embeddable":true,"href":"https:\/\/altgsgrebenstein.de\/index.php?rest_route=%2Fwp%2Fv2%2Fcategories&post=18548"},{"taxonomy":"post_tag","embeddable":true,"href":"https:\/\/altgsgrebenstein.de\/index.php?rest_route=%2Fwp%2Fv2%2Ftags&post=18548"}],"curies":[{"name":"wp","href":"https:\/\/api.w.org\/{rel}","templated":true}]}}