{"id":18535,"date":"2025-08-28T06:02:30","date_gmt":"2025-08-28T05:02:30","guid":{"rendered":"http:\/\/altgsgrebenstein.de\/?p=18535"},"modified":"2025-08-28T06:02:30","modified_gmt":"2025-08-28T05:02:30","slug":"klassenausflug-der-g09b-nach-frankfurt-am-main","status":"publish","type":"post","link":"https:\/\/altgsgrebenstein.de\/?p=18535","title":{"rendered":"Klassenausflug der G09b nach Frankfurt am Main"},"content":{"rendered":"<p><img decoding=\"async\" class=\"alignnone size-large wp-image-18536\" src=\"http:\/\/altgsgrebenstein.de\/wp-content\/uploads\/2025\/08\/b5bd968d-6f21-446c-8ca5-a3e448ccd535-1024x768.jpeg\" alt=\"\" width=\"604\" height=\"453\" srcset=\"https:\/\/altgsgrebenstein.de\/wp-content\/uploads\/2025\/08\/b5bd968d-6f21-446c-8ca5-a3e448ccd535-1024x768.jpeg 1024w, https:\/\/altgsgrebenstein.de\/wp-content\/uploads\/2025\/08\/b5bd968d-6f21-446c-8ca5-a3e448ccd535-300x225.jpeg 300w, https:\/\/altgsgrebenstein.de\/wp-content\/uploads\/2025\/08\/b5bd968d-6f21-446c-8ca5-a3e448ccd535-768x576.jpeg 768w, https:\/\/altgsgrebenstein.de\/wp-content\/uploads\/2025\/08\/b5bd968d-6f21-446c-8ca5-a3e448ccd535-1536x1152.jpeg 1536w, https:\/\/altgsgrebenstein.de\/wp-content\/uploads\/2025\/08\/b5bd968d-6f21-446c-8ca5-a3e448ccd535.jpeg 2048w\" sizes=\"(max-width: 604px) 100vw, 604px\" \/><\/p>\n<p>Am Morgen des 21.08.2025 sind wir, die Klasse G09b, nach Frankfurt gereist. Treffpunkt war der Bahnhof in Grebenstein. Von dort ging es ohne gro\u00dfe Verz\u00f6gerung weiter Richtung Kassel Hauptbahnhof und dann mit dem Regionalexpress nach Frankfurt am Main.<\/p>\n<p><!--more--><\/p>\n<p>Da unsere Klassenlehrerin Frau Meister leider kurzfristig verletzungsbedingt ausgefallen ist, ist Frau Wiedmann-Bentz, unsere stellvertretende Klassenlehrerin, mit uns gefahren. Unterst\u00fctzt wurde sie von Herrn Gerstel, der seit dem letzten Schuljahr Lehrer im Vorbereitungsdienst an unserer Schule und unser neuer Geschichtslehrer ist.<\/p>\n<p>Die Zugfahrt war entspannt und auch nicht allzu lang\u2026 nur gute zwei Stunden, dann waren wir schon in Frankfurt.<\/p>\n<p>In Vorbereitung auf die Exkursion nach Frankfurt haben einzelne Sch\u00fclergruppen aus unserer Klasse zuvor die Planung der kommenden zwei Tage \u00fcbernommen. Nach der Ankunft am Frankfurter Hauptbahnhof lotsten uns einige Klassenkameraden per GoogleMaps zu Fu\u00df zur Jugendherberge. Wir sind sicher angekommen, dennoch war es sehr aufregend in der gro\u00dfen fremden Stadt mit so vielen Menschen und so viel mehr Verkehr.<\/p>\n<p>Die Jugendherberge ist sehr sch\u00f6n am Main gelegen und hat uns gut gefallen.<\/p>\n<p>Dennoch ging es nach dem Beziehen der Zimmer gleich wieder schnell los in die Frankfurter Innenstadt.<\/p>\n<p>Wir durften sie in Kleingruppen erkunden und neben der Altstadt und ihren Sehensw\u00fcrdigkeiten, wurden dann auch ein paar Gesch\u00e4fte besucht.<\/p>\n<p>Nach dem Abendessen in der Jugendherberge ging es dann am Abend noch auf den Maintower, dieser ist das viert h\u00f6chste Geb\u00e4ude in Frankfurt.<\/p>\n<p>Mit einem Fahrstuhl kamen wir schnell auf die Aussichtsplattform in 200m H\u00f6he.<\/p>\n<p>Dort kamen wir genau p\u00fcnktlich, um den Sonnenuntergang genie\u00dfen zu k\u00f6nnen.<\/p>\n<p>Danach ging es mit der U-Bahn zur\u00fcck zur Jugendherberge. Auch hier war f\u00fcr die Planung wieder eine Sch\u00fclergruppe verantwortlich.<\/p>\n<p>Die R\u00fcckfahrt am n\u00e4chsten Tag war trotz eines sehr vollen Zuges sch\u00f6n und lustig. Alles in allem war der Ausflug ein sehr sch\u00f6nes Erlebnis als Klasse.<\/p>\n<p>&nbsp;<\/p>\n<p>&nbsp;<\/p>\n<p>Geschrieben von Anabell Sch\u00e4fer, G09b<\/p>\n<p>&nbsp;<\/p>\n","protected":false},"excerpt":{"rendered":"<p>Am Morgen des 21.08.2025 sind wir, die Klasse G09b, nach Frankfurt gereist. Treffpunkt war der Bahnhof in Grebenstein. Von dort ging es ohne gro\u00dfe Verz\u00f6gerung weiter Richtung Kassel Hauptbahnhof und dann mit dem Regionalexpress nach Frankfurt am Main.<\/p>\n","protected":false},"author":28,"featured_media":0,"comment_status":"closed","ping_status":"closed","sticky":false,"template":"","format":"standard","meta":{"saved_in_kubio":false,"footnotes":""},"categories":[1],"tags":[],"class_list":["post-18535","post","type-post","status-publish","format-standard","hentry","category-uncategorized"],"_links":{"self":[{"href":"https:\/\/altgsgrebenstein.de\/index.php?rest_route=\/wp\/v2\/posts\/18535","targetHints":{"allow":["GET"]}}],"collection":[{"href":"https:\/\/altgsgrebenstein.de\/index.php?rest_route=\/wp\/v2\/posts"}],"about":[{"href":"https:\/\/altgsgrebenstein.de\/index.php?rest_route=\/wp\/v2\/types\/post"}],"author":[{"embeddable":true,"href":"https:\/\/altgsgrebenstein.de\/index.php?rest_route=\/wp\/v2\/users\/28"}],"replies":[{"embeddable":true,"href":"https:\/\/altgsgrebenstein.de\/index.php?rest_route=%2Fwp%2Fv2%2Fcomments&post=18535"}],"version-history":[{"count":1,"href":"https:\/\/altgsgrebenstein.de\/index.php?rest_route=\/wp\/v2\/posts\/18535\/revisions"}],"predecessor-version":[{"id":18537,"href":"https:\/\/altgsgrebenstein.de\/index.php?rest_route=\/wp\/v2\/posts\/18535\/revisions\/18537"}],"wp:attachment":[{"href":"https:\/\/altgsgrebenstein.de\/index.php?rest_route=%2Fwp%2Fv2%2Fmedia&parent=18535"}],"wp:term":[{"taxonomy":"category","embeddable":true,"href":"https:\/\/altgsgrebenstein.de\/index.php?rest_route=%2Fwp%2Fv2%2Fcategories&post=18535"},{"taxonomy":"post_tag","embeddable":true,"href":"https:\/\/altgsgrebenstein.de\/index.php?rest_route=%2Fwp%2Fv2%2Ftags&post=18535"}],"curies":[{"name":"wp","href":"https:\/\/api.w.org\/{rel}","templated":true}]}}