{"id":18420,"date":"2025-07-04T08:54:12","date_gmt":"2025-07-04T07:54:12","guid":{"rendered":"http:\/\/altgsgrebenstein.de\/?p=18420"},"modified":"2025-07-04T08:54:12","modified_gmt":"2025-07-04T07:54:12","slug":"feierliche-uebergabe-der-dsd-i-diplome","status":"publish","type":"post","link":"https:\/\/altgsgrebenstein.de\/?p=18420","title":{"rendered":"Feierliche \u00dcbergabe der DSD I \u2013 Diplome"},"content":{"rendered":"<p>Am heutigen Freitag werden nicht nur die Zeugnisse an unsere Sch\u00fclerinnen und Sch\u00fcler ausgeteilt. 13 Sch\u00fclerinnen und Sch\u00fcler erhielten heute ihre Diplome des Deutschen Sprachdiploms (DSD I), Grund genug dies mit einer feierlichen \u00dcbergabe zu feiern. Schulleiterin Frau Boye-Griesel gratulierte den Sch\u00fclerinnen und Sch\u00fclern gemeinsam mit den beiden Lehrkr\u00e4ften Frau Scholle und Herrn Engelbrecht und verteilte die Zertifikate an die Sch\u00fclerinnen und Sch\u00fcler. Zudem bedankte sie sich auf diesem Weg \u00fcber die gute Zusammenarbeit und die gute Durchf\u00fchrung des diesj\u00e4hrigen Durchgangs bei den beiden Kolleginnen und Kollegen.<\/p>\n<p>Von den insgesamt 13 Sch\u00fclerinnen und Sch\u00fcler haben sechs das Zielniveau B1, weitere sechs das Niveau A2 und ein Sch\u00fcler das Niveau A1 erreicht.<\/p>\n<p>Wir gratulieren allen Teilnehmenden herzlich auf diesem Weg!<\/p>\n<p><img decoding=\"async\" class=\"size-large wp-image-18421\" src=\"http:\/\/altgsgrebenstein.de\/wp-content\/uploads\/2025\/07\/DSD-1-1024x616.jpg\" alt=\"\" width=\"604\" height=\"363\" srcset=\"https:\/\/altgsgrebenstein.de\/wp-content\/uploads\/2025\/07\/DSD-1-1024x616.jpg 1024w, https:\/\/altgsgrebenstein.de\/wp-content\/uploads\/2025\/07\/DSD-1-300x180.jpg 300w, https:\/\/altgsgrebenstein.de\/wp-content\/uploads\/2025\/07\/DSD-1-768x462.jpg 768w, https:\/\/altgsgrebenstein.de\/wp-content\/uploads\/2025\/07\/DSD-1-1536x924.jpg 1536w, https:\/\/altgsgrebenstein.de\/wp-content\/uploads\/2025\/07\/DSD-1-2048x1231.jpg 2048w\" sizes=\"(max-width: 604px) 100vw, 604px\" \/><\/p>\n<p>Auf dem Foto fehlen die Sch\u00fcler Yaroslav Baranov, Hussam Al Suleiman sowie Abdulhanan Omar Aljasem.<\/p>\n","protected":false},"excerpt":{"rendered":"<p>Am heutigen Freitag werden nicht nur die Zeugnisse an unsere Sch\u00fclerinnen und Sch\u00fcler ausgeteilt. 13 Sch\u00fclerinnen und Sch\u00fcler erhielten heute ihre Diplome des Deutschen Sprachdiploms (DSD I), Grund genug dies mit einer feierlichen \u00dcbergabe zu feiern. Schulleiterin Frau Boye-Griesel gratulierte den Sch\u00fclerinnen und Sch\u00fclern gemeinsam mit den beiden Lehrkr\u00e4ften Frau Scholle und Herrn Engelbrecht und &hellip; <a href=\"https:\/\/altgsgrebenstein.de\/?p=18420\" class=\"more-link\"><span class=\"screen-reader-text\">Feierliche \u00dcbergabe der DSD I \u2013 Diplome<\/span> weiterlesen <span class=\"meta-nav\">&rarr;<\/span><\/a><\/p>\n","protected":false},"author":28,"featured_media":0,"comment_status":"closed","ping_status":"closed","sticky":false,"template":"","format":"standard","meta":{"saved_in_kubio":false,"footnotes":""},"categories":[1],"tags":[],"class_list":["post-18420","post","type-post","status-publish","format-standard","hentry","category-uncategorized"],"_links":{"self":[{"href":"https:\/\/altgsgrebenstein.de\/index.php?rest_route=\/wp\/v2\/posts\/18420","targetHints":{"allow":["GET"]}}],"collection":[{"href":"https:\/\/altgsgrebenstein.de\/index.php?rest_route=\/wp\/v2\/posts"}],"about":[{"href":"https:\/\/altgsgrebenstein.de\/index.php?rest_route=\/wp\/v2\/types\/post"}],"author":[{"embeddable":true,"href":"https:\/\/altgsgrebenstein.de\/index.php?rest_route=\/wp\/v2\/users\/28"}],"replies":[{"embeddable":true,"href":"https:\/\/altgsgrebenstein.de\/index.php?rest_route=%2Fwp%2Fv2%2Fcomments&post=18420"}],"version-history":[{"count":1,"href":"https:\/\/altgsgrebenstein.de\/index.php?rest_route=\/wp\/v2\/posts\/18420\/revisions"}],"predecessor-version":[{"id":18422,"href":"https:\/\/altgsgrebenstein.de\/index.php?rest_route=\/wp\/v2\/posts\/18420\/revisions\/18422"}],"wp:attachment":[{"href":"https:\/\/altgsgrebenstein.de\/index.php?rest_route=%2Fwp%2Fv2%2Fmedia&parent=18420"}],"wp:term":[{"taxonomy":"category","embeddable":true,"href":"https:\/\/altgsgrebenstein.de\/index.php?rest_route=%2Fwp%2Fv2%2Fcategories&post=18420"},{"taxonomy":"post_tag","embeddable":true,"href":"https:\/\/altgsgrebenstein.de\/index.php?rest_route=%2Fwp%2Fv2%2Ftags&post=18420"}],"curies":[{"name":"wp","href":"https:\/\/api.w.org\/{rel}","templated":true}]}}