{"id":18407,"date":"2025-07-02T21:02:53","date_gmt":"2025-07-02T20:02:53","guid":{"rendered":"http:\/\/altgsgrebenstein.de\/?p=18407"},"modified":"2025-07-02T21:06:11","modified_gmt":"2025-07-02T20:06:11","slug":"erstes-fussball-turnier-im-jahrgang-7","status":"publish","type":"post","link":"https:\/\/altgsgrebenstein.de\/?p=18407","title":{"rendered":"Erstes Fu\u00dfball-Turnier im Jahrgang 7"},"content":{"rendered":"<p>Bei tropischen Temperaturen lieferten sich die Klassen des Jahrgangs 7 im wahrsten Sinne des Wortes hitzige Duelle, die jedoch insgesamt sehr fair gef\u00fchrt wurden. In einem ausgeglichenen Teilnehmerfeld begann das Turnier gegen 8.45 Uhr im Modus jeder gegen jeden, sodass jedes Team vier Spiele absolvierte. In den 10-min\u00fctigen Partien merkte man den aktiven die Strapazen kaum an und alle gaben ihr Bestes.<\/p>\n<p><img decoding=\"async\" class=\"alignnone size-medium wp-image-18410\" src=\"http:\/\/altgsgrebenstein.de\/wp-content\/uploads\/2025\/07\/IMG-20250702-WA0014-169x300.jpg\" alt=\"\" width=\"169\" height=\"300\" srcset=\"https:\/\/altgsgrebenstein.de\/wp-content\/uploads\/2025\/07\/IMG-20250702-WA0014-169x300.jpg 169w, https:\/\/altgsgrebenstein.de\/wp-content\/uploads\/2025\/07\/IMG-20250702-WA0014-576x1024.jpg 576w, https:\/\/altgsgrebenstein.de\/wp-content\/uploads\/2025\/07\/IMG-20250702-WA0014-768x1365.jpg 768w, https:\/\/altgsgrebenstein.de\/wp-content\/uploads\/2025\/07\/IMG-20250702-WA0014-864x1536.jpg 864w, https:\/\/altgsgrebenstein.de\/wp-content\/uploads\/2025\/07\/IMG-20250702-WA0014.jpg 1152w\" sizes=\"(max-width: 169px) 100vw, 169px\" \/>\u00a0 \u00a0 \u00a0 \u00a0 \u00a0 \u00a0<img decoding=\"async\" class=\"alignnone size-medium wp-image-18412\" src=\"http:\/\/altgsgrebenstein.de\/wp-content\/uploads\/2025\/07\/IMG-20250702-WA0017-300x169.jpg\" alt=\"\" width=\"300\" height=\"169\" srcset=\"https:\/\/altgsgrebenstein.de\/wp-content\/uploads\/2025\/07\/IMG-20250702-WA0017-300x169.jpg 300w, https:\/\/altgsgrebenstein.de\/wp-content\/uploads\/2025\/07\/IMG-20250702-WA0017-1024x576.jpg 1024w, https:\/\/altgsgrebenstein.de\/wp-content\/uploads\/2025\/07\/IMG-20250702-WA0017-768x432.jpg 768w, https:\/\/altgsgrebenstein.de\/wp-content\/uploads\/2025\/07\/IMG-20250702-WA0017-1536x864.jpg 1536w, https:\/\/altgsgrebenstein.de\/wp-content\/uploads\/2025\/07\/IMG-20250702-WA0017.jpg 2048w\" sizes=\"(max-width: 300px) 100vw, 300px\" \/><\/p>\n<p>Zwischenzeitlich sah es aus, als w\u00fcrde es zwei Gewinner geben. Am Ende setzte sich das gemischte Team der Klassen H7a und H7b jedoch aufgrund des besseren Torverh\u00e4ltnisses verdient im direkten Vergleich gegen die G7a durch.<\/p>\n<p><img decoding=\"async\" class=\"alignnone  wp-image-18408\" src=\"http:\/\/altgsgrebenstein.de\/wp-content\/uploads\/2025\/07\/IMG-20250702-WA0003-e1751486703659-300x171.jpg\" alt=\"\" width=\"289\" height=\"165\" srcset=\"https:\/\/altgsgrebenstein.de\/wp-content\/uploads\/2025\/07\/IMG-20250702-WA0003-e1751486703659-300x171.jpg 300w, https:\/\/altgsgrebenstein.de\/wp-content\/uploads\/2025\/07\/IMG-20250702-WA0003-e1751486703659-1024x583.jpg 1024w, https:\/\/altgsgrebenstein.de\/wp-content\/uploads\/2025\/07\/IMG-20250702-WA0003-e1751486703659-768x437.jpg 768w, https:\/\/altgsgrebenstein.de\/wp-content\/uploads\/2025\/07\/IMG-20250702-WA0003-e1751486703659-1536x874.jpg 1536w, https:\/\/altgsgrebenstein.de\/wp-content\/uploads\/2025\/07\/IMG-20250702-WA0003-e1751486703659.jpg 1555w\" sizes=\"(max-width: 289px) 100vw, 289px\" \/>\u00a0 \u00a0 \u00a0 \u00a0 \u00a0 <img decoding=\"async\" class=\"alignnone wp-image-18414\" src=\"http:\/\/altgsgrebenstein.de\/wp-content\/uploads\/2025\/07\/IMG-20250702-WA0008-300x169.jpg\" alt=\"\" width=\"279\" height=\"157\" srcset=\"https:\/\/altgsgrebenstein.de\/wp-content\/uploads\/2025\/07\/IMG-20250702-WA0008-300x169.jpg 300w, https:\/\/altgsgrebenstein.de\/wp-content\/uploads\/2025\/07\/IMG-20250702-WA0008-1024x576.jpg 1024w, https:\/\/altgsgrebenstein.de\/wp-content\/uploads\/2025\/07\/IMG-20250702-WA0008-768x432.jpg 768w, https:\/\/altgsgrebenstein.de\/wp-content\/uploads\/2025\/07\/IMG-20250702-WA0008-1536x864.jpg 1536w, https:\/\/altgsgrebenstein.de\/wp-content\/uploads\/2025\/07\/IMG-20250702-WA0008.jpg 2048w\" sizes=\"(max-width: 279px) 100vw, 279px\" \/><\/p>\n<p>Das Siegerteam der H7a &amp; H7b\u00a0 \u00a0 \u00a0 \u00a0 \u00a0 \u00a0 \u00a0 \u00a0 \u00a0 \u00a0 \u00a0 \u00a0 \u00a0 \u00a0 \u00a0 \u00a0 \u00a0 \u00a0 \u00a0Die Zweitplatzierten der G7a<\/p>\n<p>Aufgrund der hohen Temperaturen war es eine gute Entscheidung nach der Siegerehrung das Grebensteiner Schwimmbad aufzusuchen, wo sich alle Beteiligten eine Erfrischung wahrlich verdienten.<\/p>\n<p><img decoding=\"async\" class=\"alignnone size-medium wp-image-18409\" src=\"http:\/\/altgsgrebenstein.de\/wp-content\/uploads\/2025\/07\/IMG-20250702-WA0012-169x300.jpg\" alt=\"\" width=\"169\" height=\"300\" srcset=\"https:\/\/altgsgrebenstein.de\/wp-content\/uploads\/2025\/07\/IMG-20250702-WA0012-169x300.jpg 169w, https:\/\/altgsgrebenstein.de\/wp-content\/uploads\/2025\/07\/IMG-20250702-WA0012-576x1024.jpg 576w, https:\/\/altgsgrebenstein.de\/wp-content\/uploads\/2025\/07\/IMG-20250702-WA0012-768x1365.jpg 768w, https:\/\/altgsgrebenstein.de\/wp-content\/uploads\/2025\/07\/IMG-20250702-WA0012-864x1536.jpg 864w, https:\/\/altgsgrebenstein.de\/wp-content\/uploads\/2025\/07\/IMG-20250702-WA0012.jpg 1152w\" sizes=\"(max-width: 169px) 100vw, 169px\" \/>\u00a0 \u00a0 \u00a0 \u00a0 \u00a0 \u00a0<img decoding=\"async\" class=\"alignnone size-medium wp-image-18411\" src=\"http:\/\/altgsgrebenstein.de\/wp-content\/uploads\/2025\/07\/IMG-20250702-WA0015-300x169.jpg\" alt=\"\" width=\"300\" height=\"169\" srcset=\"https:\/\/altgsgrebenstein.de\/wp-content\/uploads\/2025\/07\/IMG-20250702-WA0015-300x169.jpg 300w, https:\/\/altgsgrebenstein.de\/wp-content\/uploads\/2025\/07\/IMG-20250702-WA0015-1024x576.jpg 1024w, https:\/\/altgsgrebenstein.de\/wp-content\/uploads\/2025\/07\/IMG-20250702-WA0015-768x432.jpg 768w, https:\/\/altgsgrebenstein.de\/wp-content\/uploads\/2025\/07\/IMG-20250702-WA0015-1536x864.jpg 1536w, https:\/\/altgsgrebenstein.de\/wp-content\/uploads\/2025\/07\/IMG-20250702-WA0015.jpg 2048w\" sizes=\"(max-width: 300px) 100vw, 300px\" \/><\/p>\n<p>Neben den Aktiven und ihren Klassen, die zu einer gelungenen Premiere des Fu\u00dfballturniers beitrugen, gilt ein besonderer Dank den Schiedsrichtern Kalle Eisenhuth, Mattis Wollert und Mico Sharbaji, die ihren Job wirklich gut meisterten. Zudem nat\u00fcrlich auch ein herzliches Dankesch\u00f6n an die ehemaligen Schulsanit\u00e4ter Florian M\u00fcller und Janik Flohr (er pfiff sogar noch ein Spiel), die nun im Namen des DRK Vellmar freiwillig vor Ort waren, um zur Stelle zu sein, wenn es n\u00f6tig war.<\/p>\n","protected":false},"excerpt":{"rendered":"<p>Bei tropischen Temperaturen lieferten sich die Klassen des Jahrgangs 7 im wahrsten Sinne des Wortes hitzige Duelle, die jedoch insgesamt sehr fair gef\u00fchrt wurden. In einem ausgeglichenen Teilnehmerfeld begann das Turnier gegen 8.45 Uhr im Modus jeder gegen jeden, sodass jedes Team vier Spiele absolvierte. In den 10-min\u00fctigen Partien merkte man den aktiven die Strapazen &hellip; <a href=\"https:\/\/altgsgrebenstein.de\/?p=18407\" class=\"more-link\"><span class=\"screen-reader-text\">Erstes Fu\u00dfball-Turnier im Jahrgang 7<\/span> weiterlesen <span class=\"meta-nav\">&rarr;<\/span><\/a><\/p>\n","protected":false},"author":25,"featured_media":0,"comment_status":"closed","ping_status":"closed","sticky":false,"template":"","format":"standard","meta":{"saved_in_kubio":false,"footnotes":""},"categories":[1],"tags":[],"class_list":["post-18407","post","type-post","status-publish","format-standard","hentry","category-uncategorized"],"_links":{"self":[{"href":"https:\/\/altgsgrebenstein.de\/index.php?rest_route=\/wp\/v2\/posts\/18407","targetHints":{"allow":["GET"]}}],"collection":[{"href":"https:\/\/altgsgrebenstein.de\/index.php?rest_route=\/wp\/v2\/posts"}],"about":[{"href":"https:\/\/altgsgrebenstein.de\/index.php?rest_route=\/wp\/v2\/types\/post"}],"author":[{"embeddable":true,"href":"https:\/\/altgsgrebenstein.de\/index.php?rest_route=\/wp\/v2\/users\/25"}],"replies":[{"embeddable":true,"href":"https:\/\/altgsgrebenstein.de\/index.php?rest_route=%2Fwp%2Fv2%2Fcomments&post=18407"}],"version-history":[{"count":5,"href":"https:\/\/altgsgrebenstein.de\/index.php?rest_route=\/wp\/v2\/posts\/18407\/revisions"}],"predecessor-version":[{"id":18419,"href":"https:\/\/altgsgrebenstein.de\/index.php?rest_route=\/wp\/v2\/posts\/18407\/revisions\/18419"}],"wp:attachment":[{"href":"https:\/\/altgsgrebenstein.de\/index.php?rest_route=%2Fwp%2Fv2%2Fmedia&parent=18407"}],"wp:term":[{"taxonomy":"category","embeddable":true,"href":"https:\/\/altgsgrebenstein.de\/index.php?rest_route=%2Fwp%2Fv2%2Fcategories&post=18407"},{"taxonomy":"post_tag","embeddable":true,"href":"https:\/\/altgsgrebenstein.de\/index.php?rest_route=%2Fwp%2Fv2%2Ftags&post=18407"}],"curies":[{"name":"wp","href":"https:\/\/api.w.org\/{rel}","templated":true}]}}