{"id":18388,"date":"2025-07-01T09:18:41","date_gmt":"2025-07-01T08:18:41","guid":{"rendered":"http:\/\/altgsgrebenstein.de\/?p=18388"},"modified":"2025-07-01T09:18:41","modified_gmt":"2025-07-01T08:18:41","slug":"der-neue-hgs-podcast-ak-2025","status":"publish","type":"post","link":"https:\/\/altgsgrebenstein.de\/?p=18388","title":{"rendered":"Der neue HGS-Podcast: AK 2025"},"content":{"rendered":"<p>Liebe Podcast-Fans,<\/p>\n<p>unseren letzten Podcast dieses Schuljahres m\u00f6chten wir gerne den Abschlussklassen 2025 der Heinrich-Grupe Schule widmen.<\/p>\n<p>Die Podcast-AG war f\u00fcr Euch auf der Schulentlassfeier und wir haben in unsere AG auch einzelne Sch\u00fcler des Abschlussjahrgangs eingeladen und zu ihrer Zeit an der HGS interviewt.<\/p>\n<p>Dabei ist deutlich geworden, dass die gemeinsame Zeit an der HGS sie alle immer miteinander verbinden wird, so unterschiedlich die nun gew\u00e4hlten Wege auch sein m\u00f6gen.<\/p>\n<p>Wir w\u00fcnschen Euch viel Spa\u00df beim H\u00f6ren unseres letzten Podcasts f\u00fcr das Schuljahr 2024\/2025. Wir freuen uns auf neue G\u00e4ste und interessante Gespr\u00e4che im n\u00e4chsten Schuljahr!<\/p>\n<p>&nbsp;<\/p>\n<p>Eure Podcast-AG<\/p>\n<!--[if lt IE 9]><script>document.createElement('audio');<\/script><![endif]-->\n<audio class=\"wp-audio-shortcode\" id=\"audio-18388-1\" preload=\"none\" style=\"width: 100%;\" controls=\"controls\"><source type=\"audio\/mpeg\" src=\"http:\/\/altgsgrebenstein.de\/wp-content\/uploads\/2025\/07\/PodcastAK25.m4a?_=1\" \/><a href=\"http:\/\/altgsgrebenstein.de\/wp-content\/uploads\/2025\/07\/PodcastAK25.m4a\">http:\/\/altgsgrebenstein.de\/wp-content\/uploads\/2025\/07\/PodcastAK25.m4a<\/a><\/audio>\n","protected":false},"excerpt":{"rendered":"<p>Liebe Podcast-Fans, unseren letzten Podcast dieses Schuljahres m\u00f6chten wir gerne den Abschlussklassen 2025 der Heinrich-Grupe Schule widmen. Die Podcast-AG war f\u00fcr Euch auf der Schulentlassfeier und wir haben in unsere AG auch einzelne Sch\u00fcler des Abschlussjahrgangs eingeladen und zu ihrer Zeit an der HGS interviewt. Dabei ist deutlich geworden, dass die gemeinsame Zeit an der &hellip; <a href=\"https:\/\/altgsgrebenstein.de\/?p=18388\" class=\"more-link\"><span class=\"screen-reader-text\">Der neue HGS-Podcast: AK 2025<\/span> weiterlesen <span class=\"meta-nav\">&rarr;<\/span><\/a><\/p>\n","protected":false},"author":28,"featured_media":0,"comment_status":"closed","ping_status":"closed","sticky":false,"template":"","format":"standard","meta":{"saved_in_kubio":false,"footnotes":""},"categories":[1],"tags":[],"class_list":["post-18388","post","type-post","status-publish","format-standard","hentry","category-uncategorized"],"_links":{"self":[{"href":"https:\/\/altgsgrebenstein.de\/index.php?rest_route=\/wp\/v2\/posts\/18388","targetHints":{"allow":["GET"]}}],"collection":[{"href":"https:\/\/altgsgrebenstein.de\/index.php?rest_route=\/wp\/v2\/posts"}],"about":[{"href":"https:\/\/altgsgrebenstein.de\/index.php?rest_route=\/wp\/v2\/types\/post"}],"author":[{"embeddable":true,"href":"https:\/\/altgsgrebenstein.de\/index.php?rest_route=\/wp\/v2\/users\/28"}],"replies":[{"embeddable":true,"href":"https:\/\/altgsgrebenstein.de\/index.php?rest_route=%2Fwp%2Fv2%2Fcomments&post=18388"}],"version-history":[{"count":1,"href":"https:\/\/altgsgrebenstein.de\/index.php?rest_route=\/wp\/v2\/posts\/18388\/revisions"}],"predecessor-version":[{"id":18390,"href":"https:\/\/altgsgrebenstein.de\/index.php?rest_route=\/wp\/v2\/posts\/18388\/revisions\/18390"}],"wp:attachment":[{"href":"https:\/\/altgsgrebenstein.de\/index.php?rest_route=%2Fwp%2Fv2%2Fmedia&parent=18388"}],"wp:term":[{"taxonomy":"category","embeddable":true,"href":"https:\/\/altgsgrebenstein.de\/index.php?rest_route=%2Fwp%2Fv2%2Fcategories&post=18388"},{"taxonomy":"post_tag","embeddable":true,"href":"https:\/\/altgsgrebenstein.de\/index.php?rest_route=%2Fwp%2Fv2%2Ftags&post=18388"}],"curies":[{"name":"wp","href":"https:\/\/api.w.org\/{rel}","templated":true}]}}