{"id":18360,"date":"2025-06-30T06:23:12","date_gmt":"2025-06-30T05:23:12","guid":{"rendered":"http:\/\/altgsgrebenstein.de\/?p=18360"},"modified":"2025-06-30T06:29:05","modified_gmt":"2025-06-30T05:29:05","slug":"die-klasse-r8a-faehrt-ins-berchtesgadener-land","status":"publish","type":"post","link":"https:\/\/altgsgrebenstein.de\/?p=18360","title":{"rendered":"Die Klasse R8a f\u00e4hrt ins \u201eBerchtesgadener Land\u201c"},"content":{"rendered":"<p>Am Mittwoch, den 11.06. 2025 sind wir, die Klasse R8a, auf Klassenfahrt gefahren.<\/p>\n<p><img decoding=\"async\" class=\"size-medium wp-image-18361 aligncenter\" src=\"http:\/\/altgsgrebenstein.de\/wp-content\/uploads\/2025\/06\/WhatsApp-Bild-2025-06-30-um-07.21.53_d479e86a-300x169.jpg\" alt=\"\" width=\"300\" height=\"169\" srcset=\"https:\/\/altgsgrebenstein.de\/wp-content\/uploads\/2025\/06\/WhatsApp-Bild-2025-06-30-um-07.21.53_d479e86a-300x169.jpg 300w, https:\/\/altgsgrebenstein.de\/wp-content\/uploads\/2025\/06\/WhatsApp-Bild-2025-06-30-um-07.21.53_d479e86a-1024x576.jpg 1024w, https:\/\/altgsgrebenstein.de\/wp-content\/uploads\/2025\/06\/WhatsApp-Bild-2025-06-30-um-07.21.53_d479e86a-768x432.jpg 768w, https:\/\/altgsgrebenstein.de\/wp-content\/uploads\/2025\/06\/WhatsApp-Bild-2025-06-30-um-07.21.53_d479e86a-1536x864.jpg 1536w, https:\/\/altgsgrebenstein.de\/wp-content\/uploads\/2025\/06\/WhatsApp-Bild-2025-06-30-um-07.21.53_d479e86a.jpg 1600w\" sizes=\"(max-width: 300px) 100vw, 300px\" \/> <!--more-->Wir haben uns am Morgen am Bahnhof Wilhelmsh\u00f6he getroffen. Von dort aus sind wir mit dem ICE nach M\u00fcnchen gefahren und anschlie\u00dfend weiter nach Berchtesgaden. Nach Versp\u00e4tungen und vielem Umsteigen sind wir dann gegen ca. 17 Uhr im Haus Panorama in Sch\u00f6nau am K\u00f6nigssee angekommen. Dort wurden wir vom Hausleiter Marcus begr\u00fc\u00dft und haben von ihm verschiedene Infos erhalten sowie auch die Hausregeln. Wir haben dann nur noch Abendbrot gegessen und unsere 3er- und 4er- Zimmer bezogen.<\/p>\n<p><img decoding=\"async\" class=\"alignnone size-medium wp-image-18365\" src=\"http:\/\/altgsgrebenstein.de\/wp-content\/uploads\/2025\/06\/IMG-20250630-WA0003-300x169.jpg\" alt=\"\" width=\"300\" height=\"169\" srcset=\"https:\/\/altgsgrebenstein.de\/wp-content\/uploads\/2025\/06\/IMG-20250630-WA0003-300x169.jpg 300w, https:\/\/altgsgrebenstein.de\/wp-content\/uploads\/2025\/06\/IMG-20250630-WA0003-1024x576.jpg 1024w, https:\/\/altgsgrebenstein.de\/wp-content\/uploads\/2025\/06\/IMG-20250630-WA0003-768x432.jpg 768w, https:\/\/altgsgrebenstein.de\/wp-content\/uploads\/2025\/06\/IMG-20250630-WA0003-1536x864.jpg 1536w, https:\/\/altgsgrebenstein.de\/wp-content\/uploads\/2025\/06\/IMG-20250630-WA0003.jpg 1600w\" sizes=\"(max-width: 300px) 100vw, 300px\" \/> <img decoding=\"async\" class=\"alignnone size-medium wp-image-18367\" src=\"http:\/\/altgsgrebenstein.de\/wp-content\/uploads\/2025\/06\/IMG-20250630-WA0005-300x169.jpg\" alt=\"\" width=\"300\" height=\"169\" srcset=\"https:\/\/altgsgrebenstein.de\/wp-content\/uploads\/2025\/06\/IMG-20250630-WA0005-300x169.jpg 300w, https:\/\/altgsgrebenstein.de\/wp-content\/uploads\/2025\/06\/IMG-20250630-WA0005-1024x576.jpg 1024w, https:\/\/altgsgrebenstein.de\/wp-content\/uploads\/2025\/06\/IMG-20250630-WA0005-768x432.jpg 768w, https:\/\/altgsgrebenstein.de\/wp-content\/uploads\/2025\/06\/IMG-20250630-WA0005-1536x864.jpg 1536w, https:\/\/altgsgrebenstein.de\/wp-content\/uploads\/2025\/06\/IMG-20250630-WA0005.jpg 1600w\" sizes=\"(max-width: 300px) 100vw, 300px\" \/> <img decoding=\"async\" class=\"alignnone size-medium wp-image-18369\" src=\"http:\/\/altgsgrebenstein.de\/wp-content\/uploads\/2025\/06\/IMG-20250630-WA0007-300x169.jpg\" alt=\"\" width=\"300\" height=\"169\" srcset=\"https:\/\/altgsgrebenstein.de\/wp-content\/uploads\/2025\/06\/IMG-20250630-WA0007-300x169.jpg 300w, https:\/\/altgsgrebenstein.de\/wp-content\/uploads\/2025\/06\/IMG-20250630-WA0007-1024x576.jpg 1024w, https:\/\/altgsgrebenstein.de\/wp-content\/uploads\/2025\/06\/IMG-20250630-WA0007-768x432.jpg 768w, https:\/\/altgsgrebenstein.de\/wp-content\/uploads\/2025\/06\/IMG-20250630-WA0007-1536x864.jpg 1536w, https:\/\/altgsgrebenstein.de\/wp-content\/uploads\/2025\/06\/IMG-20250630-WA0007.jpg 1600w\" sizes=\"(max-width: 300px) 100vw, 300px\" \/> <img decoding=\"async\" class=\"alignnone size-medium wp-image-18370\" src=\"http:\/\/altgsgrebenstein.de\/wp-content\/uploads\/2025\/06\/WhatsApp-Bild-2025-06-30-um-07.26.18_e6da15f4-300x169.jpg\" alt=\"\" width=\"300\" height=\"169\" srcset=\"https:\/\/altgsgrebenstein.de\/wp-content\/uploads\/2025\/06\/WhatsApp-Bild-2025-06-30-um-07.26.18_e6da15f4-300x169.jpg 300w, https:\/\/altgsgrebenstein.de\/wp-content\/uploads\/2025\/06\/WhatsApp-Bild-2025-06-30-um-07.26.18_e6da15f4-1024x576.jpg 1024w, https:\/\/altgsgrebenstein.de\/wp-content\/uploads\/2025\/06\/WhatsApp-Bild-2025-06-30-um-07.26.18_e6da15f4-768x432.jpg 768w, https:\/\/altgsgrebenstein.de\/wp-content\/uploads\/2025\/06\/WhatsApp-Bild-2025-06-30-um-07.26.18_e6da15f4-1536x864.jpg 1536w, https:\/\/altgsgrebenstein.de\/wp-content\/uploads\/2025\/06\/WhatsApp-Bild-2025-06-30-um-07.26.18_e6da15f4.jpg 1600w\" sizes=\"(max-width: 300px) 100vw, 300px\" \/>Um 22 Uhr war eigentlich immer Nachtruhe. Am n\u00e4chsten Tag sind wir nach dem Fr\u00fchst\u00fcck ins Salzbergwerk nach Berchtesgaden gefahren. Unser Besuch im Salzbergwerk mit F\u00fchrung hatte einige Highlights f\u00fcr uns. Wir mussten alle grau\/schwarze Overalls anziehen und sind dann mit der Grubenbahn tief in den Berg gefahren. Mit zwei Bergmannsrutschen (34m und 40m lang) sind wir noch viele Meter weiter nach unten gerutscht und standen dann vor dem sogenannten Spiegelsee. Dieser unterirdische Salzsee ist 100 Meter lang, 40 Meter breit, bis zu zwei Meter tief und verdankt seinen Namen der Eigenschaft, dass er wie ein perfekter Spiegel reflektiert. Er befindet sich 130 Meter unterhalb der Tagesoberfl\u00e4che. Mit einem Flo\u00df sind wir \u00fcber den See gefahren, begleitet von Lichtern und sph\u00e4rischen Kl\u00e4ngen. Das Salz aus dem Wasser konnten wir auch probieren. Nach diesem tollen und erlebnisreichen Ausflug haben wir den Nachmittag im Freibad verbracht. Am Freitag stand schon das n\u00e4chste Highlight an. Wir sind in die Mozartstadt Salzburg gefahren. Dort haben wir die Festung Hohensalzburg besichtigt. Mit der Festungsbahn, die seit dem Jahr 1892 in Betrieb ist, sind wir in nur 54 Sekunden zur Festung hochgefahren. In der Salzburger Innenstadt waren wir alle anschlie\u00dfend zusammen in einer Pizzeria essen. Danach hatten wir noch Zeit die Innenstadt eigenst\u00e4ndig zu erkunden und nat\u00fcrlich auch zu Shoppen. Als wir dann abends wieder im Haus Panorama waren, haben wir alle zusammen nach dem Abendessen Imposter gespielt. Samstag haben wir eine Bergtour zum Jenner unternommen. Mit der Jennerbahn sind wir bis zur Bergstation gefahren. Oben an der Station angekommen, haben wir erstmal die sch\u00f6ne Aussicht aufs Tal genossen. Von der Bergstation sind wir dann auf den Jenner-Gipfel gewandert. Der Gipfel ist auf einer H\u00f6he von 1.874 m und man hat von dort den \u201eK\u00f6nigsblick\u201c auf den K\u00f6nigssee und Watzmann. Wir haben diese wundersch\u00f6ne Aussicht genossen. Vom Gipfel aus sind wir dann zu Fu\u00df zur Mittelstation (1.200 m) gewandert und haben dort eine Brotzeit gemacht. Bis ins Tal sind wir wieder mit der Jennerbahn gefahren und zum K\u00f6nigssee gelaufen. Zur\u00fcck im Haus Panorama haben wir dann alle zusammen noch Werwolf, Tischtennis oder anderes gespielt. Am darauffolgenden Tag waren wir im Dokumentationszentrum Obersalzberg, das sich eindrucksvoll und kritisch mit der Bedeutung des Obersalzberges in der Zeit des Nationalsozialismus auseinandersetzt. Wir haben dort einen gef\u00fchrten Rundgang durch die Ausstellung mit Bunkeranlage erhalten. Sp\u00e4ter sind wir noch zum Hintersee gefahren und konnten dort schwimmen und Tretboot fahren. Abends hatten wir dann Freizeit. Am Montag, unserem letzten Tag, sind wir zum K\u00f6nigssee gefahren. Der K\u00f6nigssee ist 8 km lang, 1 km breit und hat einen Umfang von fast 20 km. Er ist knapp 200m tief. Mit einem Elektro-Fahrgastboot sind wir von Seel\u00e4nde bis zur Endstation Salet gefahren. W\u00e4hrend der Schifffahrt wurde uns viel \u00fcber die Umgebung erz\u00e4hlt und der Bootsf\u00fchrer hat mit seiner Trompete der Felswand das Echo vom K\u00f6nigssee entlockt. An der Endstation Salet sind wir ausgestiegen und zum Obersee gelaufen. Der Obersee war sehr sch\u00f6n mit seinem blau-t\u00fcrkisem Wasser. In der Ferne konnten wir schon den spektakul\u00e4ren R\u00f6thbach-Wasserfall am Ende des Tals und die Fischunkelalm sehen. Wir sind dann bis zur Fischunkelalm gelaufen und haben dort eine Brotzeit gemacht. Zur\u00fcck am Seel\u00e4nde konnten wir noch Souvenirskaufen.<\/p>\n<p><img decoding=\"async\" class=\"size-medium wp-image-18366 alignleft\" src=\"http:\/\/altgsgrebenstein.de\/wp-content\/uploads\/2025\/06\/IMG-20250630-WA0004-169x300.jpg\" alt=\"\" width=\"169\" height=\"300\" srcset=\"https:\/\/altgsgrebenstein.de\/wp-content\/uploads\/2025\/06\/IMG-20250630-WA0004-169x300.jpg 169w, https:\/\/altgsgrebenstein.de\/wp-content\/uploads\/2025\/06\/IMG-20250630-WA0004-576x1024.jpg 576w, https:\/\/altgsgrebenstein.de\/wp-content\/uploads\/2025\/06\/IMG-20250630-WA0004-768x1365.jpg 768w, https:\/\/altgsgrebenstein.de\/wp-content\/uploads\/2025\/06\/IMG-20250630-WA0004-864x1536.jpg 864w, https:\/\/altgsgrebenstein.de\/wp-content\/uploads\/2025\/06\/IMG-20250630-WA0004.jpg 900w\" sizes=\"(max-width: 169px) 100vw, 169px\" \/>Am Abend haben wir dann schon unsere Koffer gepackt und die Zimmer aufger\u00e4umt. Bevor wir dann am Dienstag mit der Bahn nach M\u00fcnchen gefahren sind, waren wir noch mal in der Innenstadt von Berchtesgaden. In M\u00fcnchen angekommen hatten wir dort am Bahnhof auch nochmal einen l\u00e4ngeren Aufenthalt. Diese Zeit haben wir genutzt, um was zu essen oder zum Shoppen. Sp\u00e4ter sind wir dann mit dem ICE weiter bis nach Kassel gefahren. Die R\u00fcckfahrt mit den Z\u00fcgen waren sehr entspannt und nicht stressig. In Kassel sind wir dann ca. um 20.30 angekommen und wurden dort schon von unseren Eltern und Geschwister erwartet. Wir haben uns alle sehr gefreut. Das war unsere Klassenfahrt im Juni 2025 in das Berchtesgadener Land. Auch wenn manche das Wandern nicht so toll fanden, hat es uns allen sehr viel Spa\u00df gemacht und wir fanden alle es war eine sehr sch\u00f6ne Zeit in Sch\u00f6nau.<\/p>\n<p>Liv Kirchner (R8a)<\/p>\n","protected":false},"excerpt":{"rendered":"<p>Am Mittwoch, den 11.06. 2025 sind wir, die Klasse R8a, auf Klassenfahrt gefahren.<\/p>\n","protected":false},"author":13,"featured_media":0,"comment_status":"closed","ping_status":"closed","sticky":false,"template":"","format":"standard","meta":{"saved_in_kubio":false,"footnotes":""},"categories":[42],"tags":[],"class_list":["post-18360","post","type-post","status-publish","format-standard","hentry","category-klassenfahrten"],"_links":{"self":[{"href":"https:\/\/altgsgrebenstein.de\/index.php?rest_route=\/wp\/v2\/posts\/18360","targetHints":{"allow":["GET"]}}],"collection":[{"href":"https:\/\/altgsgrebenstein.de\/index.php?rest_route=\/wp\/v2\/posts"}],"about":[{"href":"https:\/\/altgsgrebenstein.de\/index.php?rest_route=\/wp\/v2\/types\/post"}],"author":[{"embeddable":true,"href":"https:\/\/altgsgrebenstein.de\/index.php?rest_route=\/wp\/v2\/users\/13"}],"replies":[{"embeddable":true,"href":"https:\/\/altgsgrebenstein.de\/index.php?rest_route=%2Fwp%2Fv2%2Fcomments&post=18360"}],"version-history":[{"count":4,"href":"https:\/\/altgsgrebenstein.de\/index.php?rest_route=\/wp\/v2\/posts\/18360\/revisions"}],"predecessor-version":[{"id":18372,"href":"https:\/\/altgsgrebenstein.de\/index.php?rest_route=\/wp\/v2\/posts\/18360\/revisions\/18372"}],"wp:attachment":[{"href":"https:\/\/altgsgrebenstein.de\/index.php?rest_route=%2Fwp%2Fv2%2Fmedia&parent=18360"}],"wp:term":[{"taxonomy":"category","embeddable":true,"href":"https:\/\/altgsgrebenstein.de\/index.php?rest_route=%2Fwp%2Fv2%2Fcategories&post=18360"},{"taxonomy":"post_tag","embeddable":true,"href":"https:\/\/altgsgrebenstein.de\/index.php?rest_route=%2Fwp%2Fv2%2Ftags&post=18360"}],"curies":[{"name":"wp","href":"https:\/\/api.w.org\/{rel}","templated":true}]}}