{"id":18351,"date":"2025-06-28T15:30:38","date_gmt":"2025-06-28T14:30:38","guid":{"rendered":"http:\/\/altgsgrebenstein.de\/?p=18351"},"modified":"2025-06-28T18:17:00","modified_gmt":"2025-06-28T17:17:00","slug":"ausflug-zum-frankfurter-flughafen","status":"publish","type":"post","link":"https:\/\/altgsgrebenstein.de\/?p=18351","title":{"rendered":"Ausflug zum Frankfurter Flughafen"},"content":{"rendered":"<p>Interessante Einblicke bekamen die Klassen H7a und H7b am 25.06.2025, als sie einen Ausflug zum Frankfurter Flughafen machten. Bereits gegen 6:30 Uhr ging es von Grebenstein \u00fcber den Hauptbahnhof Kassel in Richtung Frankfurt. Nach der Zugfahrt wartete die S-Bahn in Richtung Flughafen und bereits hier wurde deutlich, dass wir in einer richtigen Gro\u00dfstadt unterwegs sind &#8211; viele kannten dieses Gef\u00fchl noch nicht.<\/p>\n<p>Am Flughafen angekommen wartete, das Besucherzentrum auf uns. Hier bekamen wir zun\u00e4chst eine kurze Einweisung und anschlie\u00dfend konnten viele interaktive Stationen ausprobiert werden. Ob das Einweisen eines gro\u00dfen Flugzeugs mit Leuchtst\u00e4ben, das L\u00f6schen eines brennenden Flugzeugs oder die Bef\u00f6rderung eines Koffers, bei der man mittels VR-Brille hautnah den Weg eines Koffers durch das Bef\u00f6rderungssystem erlebte, f\u00fcr jeden war etwas dabei.<\/p>\n<p><img decoding=\"async\" class=\"alignnone size-medium wp-image-18353\" src=\"http:\/\/altgsgrebenstein.de\/wp-content\/uploads\/2025\/06\/20250625_112338-169x300.jpg\" alt=\"\" width=\"169\" height=\"300\" srcset=\"https:\/\/altgsgrebenstein.de\/wp-content\/uploads\/2025\/06\/20250625_112338-169x300.jpg 169w, https:\/\/altgsgrebenstein.de\/wp-content\/uploads\/2025\/06\/20250625_112338-576x1024.jpg 576w, https:\/\/altgsgrebenstein.de\/wp-content\/uploads\/2025\/06\/20250625_112338-768x1365.jpg 768w, https:\/\/altgsgrebenstein.de\/wp-content\/uploads\/2025\/06\/20250625_112338-864x1536.jpg 864w, https:\/\/altgsgrebenstein.de\/wp-content\/uploads\/2025\/06\/20250625_112338-1153x2048.jpg 1153w, https:\/\/altgsgrebenstein.de\/wp-content\/uploads\/2025\/06\/20250625_112338-scaled.jpg 1441w\" sizes=\"(max-width: 169px) 100vw, 169px\" \/>\u00a0 \u00a0 \u00a0 \u00a0 \u00a0 \u00a0 \u00a0 \u00a0 <img decoding=\"async\" class=\"alignnone size-medium wp-image-18354\" src=\"http:\/\/altgsgrebenstein.de\/wp-content\/uploads\/2025\/06\/20250625_104446-169x300.jpg\" alt=\"\" width=\"169\" height=\"300\" srcset=\"https:\/\/altgsgrebenstein.de\/wp-content\/uploads\/2025\/06\/20250625_104446-169x300.jpg 169w, https:\/\/altgsgrebenstein.de\/wp-content\/uploads\/2025\/06\/20250625_104446-576x1024.jpg 576w, https:\/\/altgsgrebenstein.de\/wp-content\/uploads\/2025\/06\/20250625_104446-768x1365.jpg 768w, https:\/\/altgsgrebenstein.de\/wp-content\/uploads\/2025\/06\/20250625_104446-864x1536.jpg 864w, https:\/\/altgsgrebenstein.de\/wp-content\/uploads\/2025\/06\/20250625_104446-1153x2048.jpg 1153w, https:\/\/altgsgrebenstein.de\/wp-content\/uploads\/2025\/06\/20250625_104446-scaled.jpg 1441w\" sizes=\"(max-width: 169px) 100vw, 169px\" \/><\/p>\n<p>Sehr interessant war auch, wie viele Flugzeuge am Tag in Frankfurt landen bzw. starten. Anhand einer Weltkarte konnte durch eingeschaltete Transponder exakt nachverfolgt werden, welche Maschinen, wo unterwegs sind. Auff\u00e4llig war, dass der Luftraum \u00fcber Europa und Nordamerika extrem voll war. Das politische Weltgeschehen und die Auswirkungen der Kriege waren am Luftraum ebenso deutlich zu erkennen.<\/p>\n<p>Auch die Fahrt mit der Skyline in Richtung Besucherterrasse war sicherlich ein besonderes Erlebnis. Auf der Terrasse angekommen, wurde sp\u00e4testens allen live deutlich, was f\u00fcr ein reges Treiben auf dem Flughafen herrscht &#8211; wahnsinnig viele Eindr\u00fccke! Enorm hohe L\u00e4rmpegel durch Starts und die ausger\u00fcckte Feuerwehr, Flugzeugtypen, die sich im Minutentakt in Form, Farbe und Gr\u00f6\u00dfe ver\u00e4nderten, Polizeifahrzeuge, die neben den Koffertransporten \u00fcber das Gel\u00e4nde fuhren. Man kam sich teilweise vor, als w\u00e4re man Teil eines Miniaturflughafens.<\/p>\n<p><img decoding=\"async\" class=\"alignnone size-medium wp-image-18352\" src=\"http:\/\/altgsgrebenstein.de\/wp-content\/uploads\/2025\/06\/IMG-20250625-WA0009-300x225.jpg\" alt=\"\" width=\"300\" height=\"225\" srcset=\"https:\/\/altgsgrebenstein.de\/wp-content\/uploads\/2025\/06\/IMG-20250625-WA0009-300x225.jpg 300w, https:\/\/altgsgrebenstein.de\/wp-content\/uploads\/2025\/06\/IMG-20250625-WA0009-1024x768.jpg 1024w, https:\/\/altgsgrebenstein.de\/wp-content\/uploads\/2025\/06\/IMG-20250625-WA0009-768x576.jpg 768w, https:\/\/altgsgrebenstein.de\/wp-content\/uploads\/2025\/06\/IMG-20250625-WA0009-1536x1152.jpg 1536w, https:\/\/altgsgrebenstein.de\/wp-content\/uploads\/2025\/06\/IMG-20250625-WA0009.jpg 2048w\" sizes=\"(max-width: 300px) 100vw, 300px\" \/><\/p>\n<p>Insgesamt war es f\u00fcr alle Beteiligen sicherlich ein besonderes Erlebnis. Vielleicht klappt es ja zuk\u00fcnftig auch, dass man noch intensivere Einblicke bekommt. Eine Tour z.B. \u00fcber das Rollfeld ist laut Aussage der Verantwortlichen vor Ort allerdings nur f\u00fcr Personen m\u00f6glich, die im Radius von 50 Kilometern um Frankfurt wohnen.<\/p>\n","protected":false},"excerpt":{"rendered":"<p>Interessante Einblicke bekamen die Klassen H7a und H7b am 25.06.2025, als sie einen Ausflug zum Frankfurter Flughafen machten. Bereits gegen 6:30 Uhr ging es von Grebenstein \u00fcber den Hauptbahnhof Kassel in Richtung Frankfurt. Nach der Zugfahrt wartete die S-Bahn in Richtung Flughafen und bereits hier wurde deutlich, dass wir in einer richtigen Gro\u00dfstadt unterwegs sind &hellip; <a href=\"https:\/\/altgsgrebenstein.de\/?p=18351\" class=\"more-link\"><span class=\"screen-reader-text\">Ausflug zum Frankfurter Flughafen<\/span> weiterlesen <span class=\"meta-nav\">&rarr;<\/span><\/a><\/p>\n","protected":false},"author":25,"featured_media":0,"comment_status":"closed","ping_status":"closed","sticky":false,"template":"","format":"standard","meta":{"saved_in_kubio":false,"footnotes":""},"categories":[1],"tags":[],"class_list":["post-18351","post","type-post","status-publish","format-standard","hentry","category-uncategorized"],"_links":{"self":[{"href":"https:\/\/altgsgrebenstein.de\/index.php?rest_route=\/wp\/v2\/posts\/18351","targetHints":{"allow":["GET"]}}],"collection":[{"href":"https:\/\/altgsgrebenstein.de\/index.php?rest_route=\/wp\/v2\/posts"}],"about":[{"href":"https:\/\/altgsgrebenstein.de\/index.php?rest_route=\/wp\/v2\/types\/post"}],"author":[{"embeddable":true,"href":"https:\/\/altgsgrebenstein.de\/index.php?rest_route=\/wp\/v2\/users\/25"}],"replies":[{"embeddable":true,"href":"https:\/\/altgsgrebenstein.de\/index.php?rest_route=%2Fwp%2Fv2%2Fcomments&post=18351"}],"version-history":[{"count":3,"href":"https:\/\/altgsgrebenstein.de\/index.php?rest_route=\/wp\/v2\/posts\/18351\/revisions"}],"predecessor-version":[{"id":18359,"href":"https:\/\/altgsgrebenstein.de\/index.php?rest_route=\/wp\/v2\/posts\/18351\/revisions\/18359"}],"wp:attachment":[{"href":"https:\/\/altgsgrebenstein.de\/index.php?rest_route=%2Fwp%2Fv2%2Fmedia&parent=18351"}],"wp:term":[{"taxonomy":"category","embeddable":true,"href":"https:\/\/altgsgrebenstein.de\/index.php?rest_route=%2Fwp%2Fv2%2Fcategories&post=18351"},{"taxonomy":"post_tag","embeddable":true,"href":"https:\/\/altgsgrebenstein.de\/index.php?rest_route=%2Fwp%2Fv2%2Ftags&post=18351"}],"curies":[{"name":"wp","href":"https:\/\/api.w.org\/{rel}","templated":true}]}}