{"id":18310,"date":"2025-06-23T04:51:20","date_gmt":"2025-06-23T03:51:20","guid":{"rendered":"http:\/\/altgsgrebenstein.de\/?p=18310"},"modified":"2025-06-25T23:57:48","modified_gmt":"2025-06-25T22:57:48","slug":"einweihung-der-klangwand-work-in-progress","status":"publish","type":"post","link":"https:\/\/altgsgrebenstein.de\/?p=18310","title":{"rendered":"Feierliche Einweihung der HGS-Klangwand \u2013 \u201eWORK IN PROGRESS\u201c"},"content":{"rendered":"<p style=\"text-align: justify;\">&#8222;Bitte die Augen schlie\u00dfen und einfach nur h\u00f6ren! Aus der Stille kommt die Musik&#8230;\u201c\u00a0 \u00a0 \u00a0So begann die gelungene Einweihung der \u201eKlangwand\u201c am 17.06.2025 in der Alten Aula. Die rund 40 G\u00e4ste, darunter auch Vertreter der Stadt Grebenstein und der Verbundschulen, erlebten in dem einst\u00fcndigen Programm ganz besondere H\u00f6r- und Mitmacherlebnisse.<\/p>\n<p style=\"text-align: justify;\">Die \u201eKlangwand\u201c-AG, die im vergangenen Schuljahr intensiv an der Realisierung dieses besonderen Projektes gearbeitet hatte, begr\u00fc\u00dfte die Anwesenden zur Einstimmung mit einer ersten Mitmach-Aktion, der &#8222;HGS-PKP&#8220; (&#8222;HGS-Partizipative-K\u00f6rper-Perkussion&#8220;). Die G\u00e4ste durften nach Anleitung im Wechsel rhythmisch trampeln, schnipsen, klatschen. \u201eEin wirklich erfrischender Empfang!\u201c, attestierte Direktorin Martina Boye-Griesel in ihren Begr\u00fc\u00dfungsworten.<\/p>\n<p style=\"text-align: left;\"><img decoding=\"async\" class=\"alignnone size-large wp-image-18311\" src=\"http:\/\/altgsgrebenstein.de\/wp-content\/uploads\/2025\/06\/Die-AG-KLANGWAND-1024x680.jpg\" alt=\"\" width=\"604\" height=\"401\" srcset=\"https:\/\/altgsgrebenstein.de\/wp-content\/uploads\/2025\/06\/Die-AG-KLANGWAND-1024x680.jpg 1024w, https:\/\/altgsgrebenstein.de\/wp-content\/uploads\/2025\/06\/Die-AG-KLANGWAND-300x199.jpg 300w, https:\/\/altgsgrebenstein.de\/wp-content\/uploads\/2025\/06\/Die-AG-KLANGWAND-768x510.jpg 768w, https:\/\/altgsgrebenstein.de\/wp-content\/uploads\/2025\/06\/Die-AG-KLANGWAND-1536x1020.jpg 1536w, https:\/\/altgsgrebenstein.de\/wp-content\/uploads\/2025\/06\/Die-AG-KLANGWAND-2048x1360.jpg 2048w\" sizes=\"(max-width: 604px) 100vw, 604px\" \/><\/p>\n<p style=\"text-align: justify;\">Das Vorhaben \u201eKLANGWAND\u201c fand innerhalb der Familie Weidmann seinen Beginn, denn die ersten \u00dcberlegungen hierzu entstanden nach einem Besuch des Kasseler H\u00f6rspielmuseums. In der dortigen Ausstellung konnte man u.a. selbst Stummfilme mit Alltagsgegenst\u00e4nden vertonen. Projektleiter Dirk Weidmann brachte dies auf die Idee, auch in der HGS etwas \u00c4hnliches umzusetzen und damit kreatives Potential der Lernenden zu entfalten. Ihm war damals nicht bewusst, welche Dimension ein solches Projekt innerhalb der Schule entwickeln k\u00f6nnte.<\/p>\n<p style=\"text-align: justify;\">Mit einer ausf\u00fchrlichen Ausschreibung holte man die NEUMAYER-Stiftung (Kultur-Stiftung) mit ins \u201eKlangwand-Boot\u201c, und so stiegen im letzten Herbst neben der Klangwand-AG auch die WPU-Kurse Holz von Merve Aydin und Jens Lautze mit in die Arbeiten am Projekt ein. Somit war man f\u00e4cher-, jahrgangs- und bildungszweig\u00fcbergreifend unterwegs.<\/p>\n<p style=\"text-align: justify;\">Den \u201eletzten Schliff\u201c bekam das Projekt und alle im laufenden Jahr entstandenen Klang-Objekte mit Hilfe eines zweit\u00e4gigen Intensivseminars. Dieses wurde von Olaf Pyras begleitet, der u.a. an der Universit\u00e4t Kassel sowie an der Universit\u00e4t der K\u00fcnste in Berlin wirkt &#8211; ein echter Klangk\u00fcnstler und \u201eSchlagwerker\u201c.<\/p>\n<p style=\"text-align: justify;\"><img decoding=\"async\" class=\"alignnone size-large wp-image-18313\" src=\"http:\/\/altgsgrebenstein.de\/wp-content\/uploads\/2025\/06\/KLangobjekt-3-1024x792.jpg\" alt=\"\" width=\"604\" height=\"467\" srcset=\"https:\/\/altgsgrebenstein.de\/wp-content\/uploads\/2025\/06\/KLangobjekt-3-1024x792.jpg 1024w, https:\/\/altgsgrebenstein.de\/wp-content\/uploads\/2025\/06\/KLangobjekt-3-300x232.jpg 300w, https:\/\/altgsgrebenstein.de\/wp-content\/uploads\/2025\/06\/KLangobjekt-3-768x594.jpg 768w, https:\/\/altgsgrebenstein.de\/wp-content\/uploads\/2025\/06\/KLangobjekt-3-1536x1188.jpg 1536w, https:\/\/altgsgrebenstein.de\/wp-content\/uploads\/2025\/06\/KLangobjekt-3-2048x1584.jpg 2048w\" sizes=\"(max-width: 604px) 100vw, 604px\" \/> <img decoding=\"async\" class=\"alignnone size-large wp-image-18314\" src=\"http:\/\/altgsgrebenstein.de\/wp-content\/uploads\/2025\/06\/KLANGOBJEKT-1024x776.jpg\" alt=\"\" width=\"604\" height=\"458\" srcset=\"https:\/\/altgsgrebenstein.de\/wp-content\/uploads\/2025\/06\/KLANGOBJEKT-1024x776.jpg 1024w, https:\/\/altgsgrebenstein.de\/wp-content\/uploads\/2025\/06\/KLANGOBJEKT-300x227.jpg 300w, https:\/\/altgsgrebenstein.de\/wp-content\/uploads\/2025\/06\/KLANGOBJEKT-768x582.jpg 768w, https:\/\/altgsgrebenstein.de\/wp-content\/uploads\/2025\/06\/KLANGOBJEKT-1536x1164.jpg 1536w, https:\/\/altgsgrebenstein.de\/wp-content\/uploads\/2025\/06\/KLANGOBJEKT-2048x1552.jpg 2048w\" sizes=\"(max-width: 604px) 100vw, 604px\" \/><\/p>\n<p style=\"text-align: justify;\"><img decoding=\"async\" class=\"alignnone size-large wp-image-18317\" src=\"http:\/\/altgsgrebenstein.de\/wp-content\/uploads\/2025\/06\/KLANGOBJEKT-2-1024x833.jpg\" alt=\"\" width=\"604\" height=\"491\" srcset=\"https:\/\/altgsgrebenstein.de\/wp-content\/uploads\/2025\/06\/KLANGOBJEKT-2-1024x833.jpg 1024w, https:\/\/altgsgrebenstein.de\/wp-content\/uploads\/2025\/06\/KLANGOBJEKT-2-300x244.jpg 300w, https:\/\/altgsgrebenstein.de\/wp-content\/uploads\/2025\/06\/KLANGOBJEKT-2-768x624.jpg 768w, https:\/\/altgsgrebenstein.de\/wp-content\/uploads\/2025\/06\/KLANGOBJEKT-2-1536x1249.jpg 1536w, https:\/\/altgsgrebenstein.de\/wp-content\/uploads\/2025\/06\/KLANGOBJEKT-2-2048x1665.jpg 2048w\" sizes=\"(max-width: 604px) 100vw, 604px\" \/><\/p>\n<p style=\"text-align: justify;\">Was dabei und das Jahr \u00fcber entstanden ist, konnten die G\u00e4ste an diesem Abend h\u00f6ren, sehen und f\u00fchlen: Selbst musizieren mit Hilfe der unterschiedlichsten Klangk\u00f6rper. Sich ausprobieren, genau hinh\u00f6ren, mit der Gruppe in Kontakt kommen. Um T\u00f6ne zu erzeugen, war am Ende (fast) alles erlaubt.<\/p>\n<p style=\"text-align: justify;\">Am sog. \u201eGabelophon\u201c, einem aus Alltagsgegenst\u00e4nden (Gabeln, L\u00f6ffeln\u2026) selbstgebauten Klangtisch, entstandenen kleine Klangkompositionen, die &#8211; technisch verst\u00e4rkt &#8211; eine besondere Wirkung auf das Publikum entfalteten. Aus einem rollenden Kasten, der fr\u00fcher die \u201eHeimat\u201c eines Videorecorders und Fernsehers war, wird nun die \u201eMusic-Zone\u201c. Hier sollen die mobilen Klangk\u00f6rper ihre Aufbewahrung finden, um dann f\u00fcr den Einsatz in anderen F\u00e4chern transportabel zu sein.<\/p>\n<p style=\"text-align: justify;\"><img decoding=\"async\" class=\"alignnone size-large wp-image-18312\" src=\"http:\/\/altgsgrebenstein.de\/wp-content\/uploads\/2025\/06\/Klangtisch-Gabelophon-1024x919.jpg\" alt=\"\" width=\"604\" height=\"542\" srcset=\"https:\/\/altgsgrebenstein.de\/wp-content\/uploads\/2025\/06\/Klangtisch-Gabelophon-1024x919.jpg 1024w, https:\/\/altgsgrebenstein.de\/wp-content\/uploads\/2025\/06\/Klangtisch-Gabelophon-300x269.jpg 300w, https:\/\/altgsgrebenstein.de\/wp-content\/uploads\/2025\/06\/Klangtisch-Gabelophon-768x689.jpg 768w, https:\/\/altgsgrebenstein.de\/wp-content\/uploads\/2025\/06\/Klangtisch-Gabelophon-1536x1379.jpg 1536w, https:\/\/altgsgrebenstein.de\/wp-content\/uploads\/2025\/06\/Klangtisch-Gabelophon.jpg 1668w\" sizes=\"(max-width: 604px) 100vw, 604px\" \/><\/p>\n<p style=\"text-align: justify;\">Die eigentliche \u201eKlangwand\u201c, die dem Projekt seinen Namen gibt, ist seit einigen Tagen fest in der Alten Aula (Musikraum) installiert. Eine Besonderheit ist, dass sie von Sch\u00fclerinnen und Sch\u00fclern selbst geplant und mit Hilfe der Firmen HOLZ. Baumann (Hofgeismar) und dem Klavier- und Cembalobaumeister Roland Heinz (Espenau) realisiert wurde.<\/p>\n<p style=\"text-align: justify;\"><img decoding=\"async\" class=\"alignnone size-large wp-image-18315\" src=\"http:\/\/altgsgrebenstein.de\/wp-content\/uploads\/2025\/06\/Klangobjekt-1-584x1024.jpg\" alt=\"\" width=\"584\" height=\"1024\" srcset=\"https:\/\/altgsgrebenstein.de\/wp-content\/uploads\/2025\/06\/Klangobjekt-1-584x1024.jpg 584w, https:\/\/altgsgrebenstein.de\/wp-content\/uploads\/2025\/06\/Klangobjekt-1-171x300.jpg 171w, https:\/\/altgsgrebenstein.de\/wp-content\/uploads\/2025\/06\/Klangobjekt-1-768x1348.jpg 768w, https:\/\/altgsgrebenstein.de\/wp-content\/uploads\/2025\/06\/Klangobjekt-1-875x1536.jpg 875w, https:\/\/altgsgrebenstein.de\/wp-content\/uploads\/2025\/06\/Klangobjekt-1-1167x2048.jpg 1167w, https:\/\/altgsgrebenstein.de\/wp-content\/uploads\/2025\/06\/Klangobjekt-1-scaled.jpg 1459w\" sizes=\"(max-width: 584px) 100vw, 584px\" \/><\/p>\n<p style=\"text-align: justify;\">Es war somit ein bunter Strau\u00df an experimentellen Klangm\u00f6glichkeiten, der sich an diesem Abend er\u00f6ffnete und im neuen Schuljahr unbedingt in den Unterricht anderer F\u00e4cher integriert werden sollte. Interessiert zeigten sich bereits Lehrende aus dem Physik-, Deutsch- und Englischkollegium.<\/p>\n<p style=\"text-align: justify;\">F\u00fcr Dirk Weidmann ist klar, dass das \u201eKlangwand-Projekt\u201c mit diesem Abend noch nicht am Ende ist. Das zentrale Ziel des Schuljahres habe man erreicht, weiterhin gelte jedoch hinsichtlich der Arbeit und Anwendung mit diesem einzigartigen Klangk\u00f6rper: \u201eWORK IN PROGRESS\u201c\u2026<\/p>\n<p style=\"text-align: justify;\">RHB<\/p>\n","protected":false},"excerpt":{"rendered":"<p>&#8222;Bitte die Augen schlie\u00dfen und einfach nur h\u00f6ren! Aus der Stille kommt die Musik&#8230;\u201c\u00a0 \u00a0 \u00a0So begann die gelungene Einweihung der \u201eKlangwand\u201c am 17.06.2025 in der Alten Aula. Die rund 40 G\u00e4ste, darunter auch Vertreter der Stadt Grebenstein und der Verbundschulen, erlebten in dem einst\u00fcndigen Programm ganz besondere H\u00f6r- und Mitmacherlebnisse. Die \u201eKlangwand\u201c-AG, die im &hellip; <a href=\"https:\/\/altgsgrebenstein.de\/?p=18310\" class=\"more-link\"><span class=\"screen-reader-text\">Feierliche Einweihung der HGS-Klangwand \u2013 \u201eWORK IN PROGRESS\u201c<\/span> weiterlesen <span class=\"meta-nav\">&rarr;<\/span><\/a><\/p>\n","protected":false},"author":28,"featured_media":0,"comment_status":"closed","ping_status":"closed","sticky":false,"template":"","format":"standard","meta":{"saved_in_kubio":false,"footnotes":""},"categories":[1],"tags":[],"class_list":["post-18310","post","type-post","status-publish","format-standard","hentry","category-uncategorized"],"_links":{"self":[{"href":"https:\/\/altgsgrebenstein.de\/index.php?rest_route=\/wp\/v2\/posts\/18310","targetHints":{"allow":["GET"]}}],"collection":[{"href":"https:\/\/altgsgrebenstein.de\/index.php?rest_route=\/wp\/v2\/posts"}],"about":[{"href":"https:\/\/altgsgrebenstein.de\/index.php?rest_route=\/wp\/v2\/types\/post"}],"author":[{"embeddable":true,"href":"https:\/\/altgsgrebenstein.de\/index.php?rest_route=\/wp\/v2\/users\/28"}],"replies":[{"embeddable":true,"href":"https:\/\/altgsgrebenstein.de\/index.php?rest_route=%2Fwp%2Fv2%2Fcomments&post=18310"}],"version-history":[{"count":10,"href":"https:\/\/altgsgrebenstein.de\/index.php?rest_route=\/wp\/v2\/posts\/18310\/revisions"}],"predecessor-version":[{"id":18333,"href":"https:\/\/altgsgrebenstein.de\/index.php?rest_route=\/wp\/v2\/posts\/18310\/revisions\/18333"}],"wp:attachment":[{"href":"https:\/\/altgsgrebenstein.de\/index.php?rest_route=%2Fwp%2Fv2%2Fmedia&parent=18310"}],"wp:term":[{"taxonomy":"category","embeddable":true,"href":"https:\/\/altgsgrebenstein.de\/index.php?rest_route=%2Fwp%2Fv2%2Fcategories&post=18310"},{"taxonomy":"post_tag","embeddable":true,"href":"https:\/\/altgsgrebenstein.de\/index.php?rest_route=%2Fwp%2Fv2%2Ftags&post=18310"}],"curies":[{"name":"wp","href":"https:\/\/api.w.org\/{rel}","templated":true}]}}