{"id":18253,"date":"2025-06-14T20:48:46","date_gmt":"2025-06-14T19:48:46","guid":{"rendered":"http:\/\/altgsgrebenstein.de\/?p=18253"},"modified":"2025-06-14T20:48:46","modified_gmt":"2025-06-14T19:48:46","slug":"klassenfahrt-des-jahrgangs-6-zum-edersee","status":"publish","type":"post","link":"https:\/\/altgsgrebenstein.de\/?p=18253","title":{"rendered":"Klassenfahrt des Jahrgangs 6 zum Edersee"},"content":{"rendered":"<p>Gl\u00fcck hatten die 110 6 Kl\u00e4ssler und die zehn sie begleitenden Lehrerinnen und Lehrer mit dem Wetter. Die Sonne schien w\u00e4hrend der f\u00fcnf Tage fast immer zur richtigen Zeit. Die auftretenden Regenschauer machten den Gruppen keine gro\u00dfen Probleme, denn ein passendes Equipment war dabei.<\/p>\n<p><img decoding=\"async\" class=\"alignnone wp-image-18254 size-large\" src=\"http:\/\/altgsgrebenstein.de\/wp-content\/uploads\/2025\/06\/20250603_121429-1024x473.jpg\" alt=\"\" width=\"604\" height=\"279\" srcset=\"https:\/\/altgsgrebenstein.de\/wp-content\/uploads\/2025\/06\/20250603_121429-1024x473.jpg 1024w, https:\/\/altgsgrebenstein.de\/wp-content\/uploads\/2025\/06\/20250603_121429-300x139.jpg 300w, https:\/\/altgsgrebenstein.de\/wp-content\/uploads\/2025\/06\/20250603_121429-768x355.jpg 768w, https:\/\/altgsgrebenstein.de\/wp-content\/uploads\/2025\/06\/20250603_121429-1536x710.jpg 1536w, https:\/\/altgsgrebenstein.de\/wp-content\/uploads\/2025\/06\/20250603_121429-2048x946.jpg 2048w\" sizes=\"(max-width: 604px) 100vw, 604px\" \/> <img decoding=\"async\" class=\"alignnone wp-image-18255 size-large\" src=\"http:\/\/altgsgrebenstein.de\/wp-content\/uploads\/2025\/06\/IMG-20250606-WA0039-768x1024.jpg\" alt=\"\" width=\"604\" height=\"805\" srcset=\"https:\/\/altgsgrebenstein.de\/wp-content\/uploads\/2025\/06\/IMG-20250606-WA0039-768x1024.jpg 768w, https:\/\/altgsgrebenstein.de\/wp-content\/uploads\/2025\/06\/IMG-20250606-WA0039-225x300.jpg 225w, https:\/\/altgsgrebenstein.de\/wp-content\/uploads\/2025\/06\/IMG-20250606-WA0039-1152x1536.jpg 1152w, https:\/\/altgsgrebenstein.de\/wp-content\/uploads\/2025\/06\/IMG-20250606-WA0039.jpg 1200w\" sizes=\"(max-width: 604px) 100vw, 604px\" \/> <img decoding=\"async\" class=\"alignnone wp-image-18256 size-large\" src=\"http:\/\/altgsgrebenstein.de\/wp-content\/uploads\/2025\/06\/IMG-20250607-WA0000-1024x598.jpg\" alt=\"\" width=\"604\" height=\"353\" srcset=\"https:\/\/altgsgrebenstein.de\/wp-content\/uploads\/2025\/06\/IMG-20250607-WA0000-1024x598.jpg 1024w, https:\/\/altgsgrebenstein.de\/wp-content\/uploads\/2025\/06\/IMG-20250607-WA0000-300x175.jpg 300w, https:\/\/altgsgrebenstein.de\/wp-content\/uploads\/2025\/06\/IMG-20250607-WA0000-768x448.jpg 768w, https:\/\/altgsgrebenstein.de\/wp-content\/uploads\/2025\/06\/IMG-20250607-WA0000-1536x897.jpg 1536w, https:\/\/altgsgrebenstein.de\/wp-content\/uploads\/2025\/06\/IMG-20250607-WA0000-2048x1196.jpg 2048w\" sizes=\"(max-width: 604px) 100vw, 604px\" \/><\/p>\n<p>Die Woche in der JHB \u201eHohe Fahrt\u201c war gef\u00fcllt mit Ausfl\u00fcgen, Besichtigungen und Wanderungen rund um den See.<\/p>\n<p>Die beiden G6 Klassen fuhren am Dienstag zum Schloss Waldeck. Spannend war dort die F\u00fchrung: \u201eHinter Schloss und Riegel\u201c, bei der es Einblicke in die Geschichte der Burg gab. Staunen und Gruseln konnte man sich bei dem vom Guide \u201eJochen\u201c sehr drastisch dargestellten Zuchthauswesen.\u00a0 Die \u00f6ffentlich vollzogenen \u201eEhrenstrafen\u201c werden durch einen Pranger, ein Drillhaus und einen Schandpfahl (Nachbildungen nach historischen Vorbildern) veranschaulicht. Komplettiert wurde der Tag mit einer Schifffahrt \u00fcber den See und dem Besuch des Wildparks. Im Wildpark kamen die Flugshow und der Streichelzoo bei allen Klassen gut an.<\/p>\n<p><img decoding=\"async\" class=\"alignnone size-large wp-image-18257\" src=\"http:\/\/altgsgrebenstein.de\/wp-content\/uploads\/2025\/06\/20250603_150807-1024x709.jpg\" alt=\"\" width=\"604\" height=\"418\" srcset=\"https:\/\/altgsgrebenstein.de\/wp-content\/uploads\/2025\/06\/20250603_150807-1024x709.jpg 1024w, https:\/\/altgsgrebenstein.de\/wp-content\/uploads\/2025\/06\/20250603_150807-300x208.jpg 300w, https:\/\/altgsgrebenstein.de\/wp-content\/uploads\/2025\/06\/20250603_150807-768x532.jpg 768w, https:\/\/altgsgrebenstein.de\/wp-content\/uploads\/2025\/06\/20250603_150807-1536x1064.jpg 1536w, https:\/\/altgsgrebenstein.de\/wp-content\/uploads\/2025\/06\/20250603_150807-2048x1419.jpg 2048w\" sizes=\"(max-width: 604px) 100vw, 604px\" \/> <img decoding=\"async\" class=\"alignnone wp-image-18258 size-large\" src=\"http:\/\/altgsgrebenstein.de\/wp-content\/uploads\/2025\/06\/IMG-20250603-WA0000-1024x768.jpg\" alt=\"\" width=\"604\" height=\"453\" srcset=\"https:\/\/altgsgrebenstein.de\/wp-content\/uploads\/2025\/06\/IMG-20250603-WA0000-1024x768.jpg 1024w, https:\/\/altgsgrebenstein.de\/wp-content\/uploads\/2025\/06\/IMG-20250603-WA0000-300x225.jpg 300w, https:\/\/altgsgrebenstein.de\/wp-content\/uploads\/2025\/06\/IMG-20250603-WA0000-768x576.jpg 768w, https:\/\/altgsgrebenstein.de\/wp-content\/uploads\/2025\/06\/IMG-20250603-WA0000-1536x1152.jpg 1536w, https:\/\/altgsgrebenstein.de\/wp-content\/uploads\/2025\/06\/IMG-20250603-WA0000.jpg 1600w\" sizes=\"(max-width: 604px) 100vw, 604px\" \/> <img decoding=\"async\" class=\"alignnone wp-image-18259 size-large\" src=\"http:\/\/altgsgrebenstein.de\/wp-content\/uploads\/2025\/06\/IMG-20250606-WA0042-768x1024.jpg\" alt=\"\" width=\"604\" height=\"805\" srcset=\"https:\/\/altgsgrebenstein.de\/wp-content\/uploads\/2025\/06\/IMG-20250606-WA0042-768x1024.jpg 768w, https:\/\/altgsgrebenstein.de\/wp-content\/uploads\/2025\/06\/IMG-20250606-WA0042-225x300.jpg 225w, https:\/\/altgsgrebenstein.de\/wp-content\/uploads\/2025\/06\/IMG-20250606-WA0042-1152x1536.jpg 1152w, https:\/\/altgsgrebenstein.de\/wp-content\/uploads\/2025\/06\/IMG-20250606-WA0042.jpg 1536w\" sizes=\"(max-width: 604px) 100vw, 604px\" \/> <img decoding=\"async\" class=\"alignnone wp-image-18260 size-large\" src=\"http:\/\/altgsgrebenstein.de\/wp-content\/uploads\/2025\/06\/IMG-20250606-WA0067-1024x541.jpg\" alt=\"\" width=\"604\" height=\"319\" srcset=\"https:\/\/altgsgrebenstein.de\/wp-content\/uploads\/2025\/06\/IMG-20250606-WA0067-1024x541.jpg 1024w, https:\/\/altgsgrebenstein.de\/wp-content\/uploads\/2025\/06\/IMG-20250606-WA0067-300x159.jpg 300w, https:\/\/altgsgrebenstein.de\/wp-content\/uploads\/2025\/06\/IMG-20250606-WA0067-768x406.jpg 768w, https:\/\/altgsgrebenstein.de\/wp-content\/uploads\/2025\/06\/IMG-20250606-WA0067-1536x812.jpg 1536w, https:\/\/altgsgrebenstein.de\/wp-content\/uploads\/2025\/06\/IMG-20250606-WA0067.jpg 1600w\" sizes=\"(max-width: 604px) 100vw, 604px\" \/><\/p>\n<p>Parallel machten sich am gleichen Tag die F6 Klassen auf zur Sommerrodelbahn. Eine gebuchte Flatrate verschaffte allen viele rasanten Fahrten \u00fcber die Rodelstrecke. Die sich anschlie\u00dfende Wanderung zur\u00fcck zur JHB war fordernd, aber alle Sch\u00fclerinnen und Sch\u00fcler schafften die 8km zur\u00fcck zur \u201eHohen Fahrt\u201c.<\/p>\n<p>Eine F\u00fchrung durch den Nationalpark Kellerwald und ein Besuch des Nationalparkzentrums beendete die Woche am Edersee.<\/p>\n<p>Neben allen vorgeplanten Programmpunkten war nat\u00fcrlich die Freizeit f\u00fcr die Klassen ein ganz wichtiger Punkt. So gab es am Abend die Angebote: \u201eUEFA Nations League\u201c Deutschland \u2013 Portugal auf Gro\u00dfleinwand zu schauen und die Disco am letzten Abend durfte nat\u00fcrlich auch nicht fehlen. Aber auch das Baden im See unter der Aufsicht der Sportlehrer stie\u00df bei allen Klassen an mehreren Nachmittagen auf gro\u00dfe Beliebtheit.<\/p>\n<p><img decoding=\"async\" class=\"alignnone size-large wp-image-18261\" src=\"http:\/\/altgsgrebenstein.de\/wp-content\/uploads\/2025\/06\/20250602_155640-1024x932.jpg\" alt=\"\" width=\"604\" height=\"550\" srcset=\"https:\/\/altgsgrebenstein.de\/wp-content\/uploads\/2025\/06\/20250602_155640-1024x932.jpg 1024w, https:\/\/altgsgrebenstein.de\/wp-content\/uploads\/2025\/06\/20250602_155640-300x273.jpg 300w, https:\/\/altgsgrebenstein.de\/wp-content\/uploads\/2025\/06\/20250602_155640-768x699.jpg 768w, https:\/\/altgsgrebenstein.de\/wp-content\/uploads\/2025\/06\/20250602_155640-1536x1398.jpg 1536w, https:\/\/altgsgrebenstein.de\/wp-content\/uploads\/2025\/06\/20250602_155640.jpg 2030w\" sizes=\"(max-width: 604px) 100vw, 604px\" \/> <img decoding=\"async\" class=\"alignnone size-large wp-image-18262\" src=\"http:\/\/altgsgrebenstein.de\/wp-content\/uploads\/2025\/06\/IMG-20250604-WA0002-1024x793.jpg\" alt=\"\" width=\"604\" height=\"468\" srcset=\"https:\/\/altgsgrebenstein.de\/wp-content\/uploads\/2025\/06\/IMG-20250604-WA0002-1024x793.jpg 1024w, https:\/\/altgsgrebenstein.de\/wp-content\/uploads\/2025\/06\/IMG-20250604-WA0002-300x232.jpg 300w, https:\/\/altgsgrebenstein.de\/wp-content\/uploads\/2025\/06\/IMG-20250604-WA0002-768x595.jpg 768w, https:\/\/altgsgrebenstein.de\/wp-content\/uploads\/2025\/06\/IMG-20250604-WA0002-1536x1190.jpg 1536w, https:\/\/altgsgrebenstein.de\/wp-content\/uploads\/2025\/06\/IMG-20250604-WA0002-2048x1586.jpg 2048w\" sizes=\"(max-width: 604px) 100vw, 604px\" \/> <img decoding=\"async\" class=\"alignnone size-large wp-image-18263\" src=\"http:\/\/altgsgrebenstein.de\/wp-content\/uploads\/2025\/06\/IMG-20250604-WA0003-1024x768.jpg\" alt=\"\" width=\"604\" height=\"453\" srcset=\"https:\/\/altgsgrebenstein.de\/wp-content\/uploads\/2025\/06\/IMG-20250604-WA0003-1024x768.jpg 1024w, https:\/\/altgsgrebenstein.de\/wp-content\/uploads\/2025\/06\/IMG-20250604-WA0003-300x225.jpg 300w, https:\/\/altgsgrebenstein.de\/wp-content\/uploads\/2025\/06\/IMG-20250604-WA0003-768x576.jpg 768w, https:\/\/altgsgrebenstein.de\/wp-content\/uploads\/2025\/06\/IMG-20250604-WA0003-1536x1152.jpg 1536w, https:\/\/altgsgrebenstein.de\/wp-content\/uploads\/2025\/06\/IMG-20250604-WA0003.jpg 2048w\" sizes=\"(max-width: 604px) 100vw, 604px\" \/> <img decoding=\"async\" class=\"alignnone size-large wp-image-18264\" src=\"http:\/\/altgsgrebenstein.de\/wp-content\/uploads\/2025\/06\/IMG-20250606-WA0019-1024x768.jpg\" alt=\"\" width=\"604\" height=\"453\" srcset=\"https:\/\/altgsgrebenstein.de\/wp-content\/uploads\/2025\/06\/IMG-20250606-WA0019-1024x768.jpg 1024w, https:\/\/altgsgrebenstein.de\/wp-content\/uploads\/2025\/06\/IMG-20250606-WA0019-300x225.jpg 300w, https:\/\/altgsgrebenstein.de\/wp-content\/uploads\/2025\/06\/IMG-20250606-WA0019-768x576.jpg 768w, https:\/\/altgsgrebenstein.de\/wp-content\/uploads\/2025\/06\/IMG-20250606-WA0019-1536x1152.jpg 1536w, https:\/\/altgsgrebenstein.de\/wp-content\/uploads\/2025\/06\/IMG-20250606-WA0019.jpg 1600w\" sizes=\"(max-width: 604px) 100vw, 604px\" \/><\/p>\n<p>Eine Woche, in der die Sch\u00fclerinnen und Sch\u00fcler ohne ihr Smartphone auskommen mussten. Danach gefragt, sagten die meisten, dass es f\u00fcr sie eine gute Woche gewesen sei, sie mehr mit anderen gemachte h\u00e4tten und das Fehlen des Handys \u201eeigentlich\u201c kein Problem w\u00e4re.<\/p>\n<p><img decoding=\"async\" class=\"alignnone size-large wp-image-18265\" src=\"http:\/\/altgsgrebenstein.de\/wp-content\/uploads\/2025\/06\/IMG-20250606-WA0035-992x1024.jpg\" alt=\"\" width=\"604\" height=\"623\" srcset=\"https:\/\/altgsgrebenstein.de\/wp-content\/uploads\/2025\/06\/IMG-20250606-WA0035-992x1024.jpg 992w, https:\/\/altgsgrebenstein.de\/wp-content\/uploads\/2025\/06\/IMG-20250606-WA0035-291x300.jpg 291w, https:\/\/altgsgrebenstein.de\/wp-content\/uploads\/2025\/06\/IMG-20250606-WA0035-768x793.jpg 768w, https:\/\/altgsgrebenstein.de\/wp-content\/uploads\/2025\/06\/IMG-20250606-WA0035-1488x1536.jpg 1488w, https:\/\/altgsgrebenstein.de\/wp-content\/uploads\/2025\/06\/IMG-20250606-WA0035-1985x2048.jpg 1985w\" sizes=\"(max-width: 604px) 100vw, 604px\" \/> <img decoding=\"async\" class=\"alignnone size-large wp-image-18267\" src=\"http:\/\/altgsgrebenstein.de\/wp-content\/uploads\/2025\/06\/IMG-20250606-WA0062-1024x768.jpg\" alt=\"\" width=\"604\" height=\"453\" srcset=\"https:\/\/altgsgrebenstein.de\/wp-content\/uploads\/2025\/06\/IMG-20250606-WA0062-1024x768.jpg 1024w, https:\/\/altgsgrebenstein.de\/wp-content\/uploads\/2025\/06\/IMG-20250606-WA0062-300x225.jpg 300w, https:\/\/altgsgrebenstein.de\/wp-content\/uploads\/2025\/06\/IMG-20250606-WA0062-768x576.jpg 768w, https:\/\/altgsgrebenstein.de\/wp-content\/uploads\/2025\/06\/IMG-20250606-WA0062-1536x1152.jpg 1536w, https:\/\/altgsgrebenstein.de\/wp-content\/uploads\/2025\/06\/IMG-20250606-WA0062.jpg 1600w\" sizes=\"(max-width: 604px) 100vw, 604px\" \/><\/p>\n<p>Die JHB \u201eHohe Fahrt\u201c ist ein idyllisches gelegenes Haus, das abgeschieden am Edersee liegt. Ein Ort ganz passend f\u00fcr eine Woche Klassenfahrt, in der man sich auf sich selbst und die Mitsch\u00fclerinnen und Mitsch\u00fcler konzentrieren kann. Somit war diese Woche eine ganz wichtige Lebenserfahrung f\u00fcr alle Sch\u00fclerinnen und Sch\u00fcler des Jahrgang 6.<\/p>\n<p>RHB<\/p>\n","protected":false},"excerpt":{"rendered":"<p>Gl\u00fcck hatten die 110 6 Kl\u00e4ssler und die zehn sie begleitenden Lehrerinnen und Lehrer mit dem Wetter. Die Sonne schien w\u00e4hrend der f\u00fcnf Tage fast immer zur richtigen Zeit. Die auftretenden Regenschauer machten den Gruppen keine gro\u00dfen Probleme, denn ein passendes Equipment war dabei. Die Woche in der JHB \u201eHohe Fahrt\u201c war gef\u00fcllt mit Ausfl\u00fcgen, &hellip; <a href=\"https:\/\/altgsgrebenstein.de\/?p=18253\" class=\"more-link\"><span class=\"screen-reader-text\">Klassenfahrt des Jahrgangs 6 zum Edersee<\/span> weiterlesen <span class=\"meta-nav\">&rarr;<\/span><\/a><\/p>\n","protected":false},"author":28,"featured_media":0,"comment_status":"closed","ping_status":"closed","sticky":false,"template":"","format":"standard","meta":{"saved_in_kubio":false,"footnotes":""},"categories":[1],"tags":[],"class_list":["post-18253","post","type-post","status-publish","format-standard","hentry","category-uncategorized"],"_links":{"self":[{"href":"https:\/\/altgsgrebenstein.de\/index.php?rest_route=\/wp\/v2\/posts\/18253","targetHints":{"allow":["GET"]}}],"collection":[{"href":"https:\/\/altgsgrebenstein.de\/index.php?rest_route=\/wp\/v2\/posts"}],"about":[{"href":"https:\/\/altgsgrebenstein.de\/index.php?rest_route=\/wp\/v2\/types\/post"}],"author":[{"embeddable":true,"href":"https:\/\/altgsgrebenstein.de\/index.php?rest_route=\/wp\/v2\/users\/28"}],"replies":[{"embeddable":true,"href":"https:\/\/altgsgrebenstein.de\/index.php?rest_route=%2Fwp%2Fv2%2Fcomments&post=18253"}],"version-history":[{"count":1,"href":"https:\/\/altgsgrebenstein.de\/index.php?rest_route=\/wp\/v2\/posts\/18253\/revisions"}],"predecessor-version":[{"id":18268,"href":"https:\/\/altgsgrebenstein.de\/index.php?rest_route=\/wp\/v2\/posts\/18253\/revisions\/18268"}],"wp:attachment":[{"href":"https:\/\/altgsgrebenstein.de\/index.php?rest_route=%2Fwp%2Fv2%2Fmedia&parent=18253"}],"wp:term":[{"taxonomy":"category","embeddable":true,"href":"https:\/\/altgsgrebenstein.de\/index.php?rest_route=%2Fwp%2Fv2%2Fcategories&post=18253"},{"taxonomy":"post_tag","embeddable":true,"href":"https:\/\/altgsgrebenstein.de\/index.php?rest_route=%2Fwp%2Fv2%2Ftags&post=18253"}],"curies":[{"name":"wp","href":"https:\/\/api.w.org\/{rel}","templated":true}]}}