{"id":18227,"date":"2025-06-03T00:37:19","date_gmt":"2025-06-02T23:37:19","guid":{"rendered":"http:\/\/altgsgrebenstein.de\/?p=18227"},"modified":"2025-06-03T00:38:05","modified_gmt":"2025-06-02T23:38:05","slug":"aktiv-gegen-cybermobbing-vorgehen","status":"publish","type":"post","link":"https:\/\/altgsgrebenstein.de\/?p=18227","title":{"rendered":"Aktiv gegen Cybermobbing vorgehen"},"content":{"rendered":"<p><img decoding=\"async\" class=\"alignnone size-full wp-image-18229\" src=\"http:\/\/altgsgrebenstein.de\/wp-content\/uploads\/2025\/06\/IMG_2120-scaled.jpg\" alt=\"\" width=\"2560\" height=\"1920\" srcset=\"https:\/\/altgsgrebenstein.de\/wp-content\/uploads\/2025\/06\/IMG_2120-scaled.jpg 2560w, https:\/\/altgsgrebenstein.de\/wp-content\/uploads\/2025\/06\/IMG_2120-300x225.jpg 300w, https:\/\/altgsgrebenstein.de\/wp-content\/uploads\/2025\/06\/IMG_2120-1024x768.jpg 1024w, https:\/\/altgsgrebenstein.de\/wp-content\/uploads\/2025\/06\/IMG_2120-768x576.jpg 768w, https:\/\/altgsgrebenstein.de\/wp-content\/uploads\/2025\/06\/IMG_2120-1536x1152.jpg 1536w, https:\/\/altgsgrebenstein.de\/wp-content\/uploads\/2025\/06\/IMG_2120-2048x1536.jpg 2048w\" sizes=\"(max-width: 2560px) 100vw, 2560px\" \/><\/p>\n<p style=\"text-align: justify;\">&#8222;B\u00fchne frei!\u201c hie\u00df es am 28. Mai 2025 f\u00fcr den Ethikkurs der Klassen F5c, G5a und G5b. Im Unterricht hatten sich die Kursmitglieder zusammen mit ihrem Lehrer Pablo Niemeyer in den vergangenen Wochen mit dem Thema \u201eCybermobbing\u201c besch\u00e4ftigt und gemeinsam verschiedene Strategien entwickelt, wie man sich als betroffene Sch\u00fclerin oder betroffener Sch\u00fcler hiergegen aktiv zur Wehr setzen kann. In Kleingruppen entwickelten die Kursmitglieder kreativ eigene Kurzgeschichten, in denen eine Person im Schulkontext Cybermobbing ausgesetzt ist. Dabei fingen sie erfolgreich die Gef\u00fchle der Mobbingopfer ein und f\u00fchrten den ca. 60 anwesenden G\u00e4sten vor Augen, welche Unterst\u00fctzungsm\u00f6glichkeiten man im Ernstfall in Anspruch nehmen kann. Hier sind insbesondere der vertrauensvolle Kontakt zu Eltern, Lehrkr\u00e4ften und der <a href=\"http:\/\/altgsgrebenstein.de\/?page_id=7771\" target=\"_blank\" rel=\"noopener\">Schulsozialarbeit (SiS)<\/a> zu nennen, jedoch bietet z.B. auch die \u201e<a href=\"https:\/\/www.nummergegenkummer.de\/\" target=\"_blank\" rel=\"noopener\">Nummer gegen Kummer<\/a>\u201c (Tel.: 116 111) eine zuverl\u00e4ssige und anonyme Erstberatung an.<\/p>\n<p><img decoding=\"async\" class=\"alignnone size-full wp-image-18230\" src=\"http:\/\/altgsgrebenstein.de\/wp-content\/uploads\/2025\/06\/IMG_2127-scaled.jpg\" alt=\"\" width=\"2560\" height=\"1920\" srcset=\"https:\/\/altgsgrebenstein.de\/wp-content\/uploads\/2025\/06\/IMG_2127-scaled.jpg 2560w, https:\/\/altgsgrebenstein.de\/wp-content\/uploads\/2025\/06\/IMG_2127-300x225.jpg 300w, https:\/\/altgsgrebenstein.de\/wp-content\/uploads\/2025\/06\/IMG_2127-1024x768.jpg 1024w, https:\/\/altgsgrebenstein.de\/wp-content\/uploads\/2025\/06\/IMG_2127-768x576.jpg 768w, https:\/\/altgsgrebenstein.de\/wp-content\/uploads\/2025\/06\/IMG_2127-1536x1152.jpg 1536w, https:\/\/altgsgrebenstein.de\/wp-content\/uploads\/2025\/06\/IMG_2127-2048x1536.jpg 2048w\" sizes=\"(max-width: 2560px) 100vw, 2560px\" \/><\/p>\n<p style=\"text-align: justify;\">Gl\u00fccklicherweise konnte in dieser Kulturpause in den szenischen Spielen allen Betroffenen nachhaltig mit ihren Problemen weitergeholfen werden \u2013 es ist der besondere Wunsch des auff\u00fchrenden Ethikkurses und der gesamten Schulgemeinde, dass dies im Ernstfall auch in der Realit\u00e4t f\u00fcr alle Betroffenen gelten m\u00f6ge. Hierf\u00fcr stehen bei Bedarf das Beratungsteam der HGS, aber auch alle Lehrkr\u00e4fte und die Schulleitungsmitglieder unserer Schule vertrauensvoll zur Verf\u00fcgung.<\/p>\n<p><img decoding=\"async\" class=\"alignnone size-full wp-image-18228\" src=\"http:\/\/altgsgrebenstein.de\/wp-content\/uploads\/2025\/06\/IMG_2131-scaled.jpg\" alt=\"\" width=\"2560\" height=\"1920\" srcset=\"https:\/\/altgsgrebenstein.de\/wp-content\/uploads\/2025\/06\/IMG_2131-scaled.jpg 2560w, https:\/\/altgsgrebenstein.de\/wp-content\/uploads\/2025\/06\/IMG_2131-300x225.jpg 300w, https:\/\/altgsgrebenstein.de\/wp-content\/uploads\/2025\/06\/IMG_2131-1024x768.jpg 1024w, https:\/\/altgsgrebenstein.de\/wp-content\/uploads\/2025\/06\/IMG_2131-768x576.jpg 768w, https:\/\/altgsgrebenstein.de\/wp-content\/uploads\/2025\/06\/IMG_2131-1536x1152.jpg 1536w, https:\/\/altgsgrebenstein.de\/wp-content\/uploads\/2025\/06\/IMG_2131-2048x1536.jpg 2048w\" sizes=\"(max-width: 2560px) 100vw, 2560px\" \/><\/p>\n<p style=\"text-align: justify;\">Ein besonderer Dank gilt an dieser Stelle der Technik-AG der HGS, die sich im Vorfeld der Auff\u00fchrung um die Bereitstellung der Tontechnik gek\u00fcmmert hat, sowie \u2013 wie immer- unserem tollen Hausmeisterteam, welches die Aula auch f\u00fcr diese Veranstaltung mit passender Bestuhlung hergerichtet hat.<\/p>\n<p>WD\/01.06.2025<\/p>\n","protected":false},"excerpt":{"rendered":"<p>&#8222;B\u00fchne frei!\u201c hie\u00df es am 28. Mai 2025 f\u00fcr den Ethikkurs der Klassen F5c, G5a und G5b. Im Unterricht hatten sich die Kursmitglieder zusammen mit ihrem Lehrer Pablo Niemeyer in den vergangenen Wochen mit dem Thema \u201eCybermobbing\u201c besch\u00e4ftigt und gemeinsam verschiedene Strategien entwickelt, wie man sich als betroffene Sch\u00fclerin oder betroffener Sch\u00fcler hiergegen aktiv zur &hellip; <a href=\"https:\/\/altgsgrebenstein.de\/?p=18227\" class=\"more-link\"><span class=\"screen-reader-text\">Aktiv gegen Cybermobbing vorgehen<\/span> weiterlesen <span class=\"meta-nav\">&rarr;<\/span><\/a><\/p>\n","protected":false},"author":22,"featured_media":0,"comment_status":"closed","ping_status":"closed","sticky":false,"template":"","format":"standard","meta":{"saved_in_kubio":false,"footnotes":""},"categories":[1],"tags":[],"class_list":["post-18227","post","type-post","status-publish","format-standard","hentry","category-uncategorized"],"_links":{"self":[{"href":"https:\/\/altgsgrebenstein.de\/index.php?rest_route=\/wp\/v2\/posts\/18227","targetHints":{"allow":["GET"]}}],"collection":[{"href":"https:\/\/altgsgrebenstein.de\/index.php?rest_route=\/wp\/v2\/posts"}],"about":[{"href":"https:\/\/altgsgrebenstein.de\/index.php?rest_route=\/wp\/v2\/types\/post"}],"author":[{"embeddable":true,"href":"https:\/\/altgsgrebenstein.de\/index.php?rest_route=\/wp\/v2\/users\/22"}],"replies":[{"embeddable":true,"href":"https:\/\/altgsgrebenstein.de\/index.php?rest_route=%2Fwp%2Fv2%2Fcomments&post=18227"}],"version-history":[{"count":2,"href":"https:\/\/altgsgrebenstein.de\/index.php?rest_route=\/wp\/v2\/posts\/18227\/revisions"}],"predecessor-version":[{"id":18233,"href":"https:\/\/altgsgrebenstein.de\/index.php?rest_route=\/wp\/v2\/posts\/18227\/revisions\/18233"}],"wp:attachment":[{"href":"https:\/\/altgsgrebenstein.de\/index.php?rest_route=%2Fwp%2Fv2%2Fmedia&parent=18227"}],"wp:term":[{"taxonomy":"category","embeddable":true,"href":"https:\/\/altgsgrebenstein.de\/index.php?rest_route=%2Fwp%2Fv2%2Fcategories&post=18227"},{"taxonomy":"post_tag","embeddable":true,"href":"https:\/\/altgsgrebenstein.de\/index.php?rest_route=%2Fwp%2Fv2%2Ftags&post=18227"}],"curies":[{"name":"wp","href":"https:\/\/api.w.org\/{rel}","templated":true}]}}