{"id":18135,"date":"2025-05-14T12:05:13","date_gmt":"2025-05-14T11:05:13","guid":{"rendered":"http:\/\/altgsgrebenstein.de\/?p=18135"},"modified":"2025-05-14T12:05:13","modified_gmt":"2025-05-14T11:05:13","slug":"bewegende-kulturpause-erinnert-an-den-tag-der-befreiung","status":"publish","type":"post","link":"https:\/\/altgsgrebenstein.de\/?p=18135","title":{"rendered":"Bewegende Kulturpause erinnert an den &#8222;Tag der Befreiung&#8220;"},"content":{"rendered":"<p style=\"text-align: justify;\">Der 8. Mai 1945 ist ein Tag von gro\u00dfer Bedeutung f\u00fcr Deutschland und f\u00fcr ganz Europa, denn an diesem Tag endete der Zweite Weltkrieg in Europa mit der bedingungslosen Kapitulation der deutschen Wehrmacht. Dieses Datum markiert somit das Ende von Krieg, Zerst\u00f6rung und der Schreckensherrschaft des Nationalsozialismus.\u00a0Aus Anlass des diesj\u00e4hrigen Gedenktages zum Gedenken des formalen Endes des Zweiten Weltkrieges gestalteten Sch\u00fclerinnen und Sch\u00fcler der Jahrgangsstufen R10 und G10 gemeinsam mit ihren Lehrerinnen Mich\u00e9le Hilmes und Christin Scholle eine thematische Kulturpause, mit der sie der Schulgemeinde unterschiedliche Facetten des Zweiten Weltkrieges, insbesondere jedoch das Leid der Zivilbev\u00f6lkerung der systematisch Verfolgten, ins Ged\u00e4chtnis rufen wollten.<\/p>\n<p><img decoding=\"async\" class=\"alignnone size-full wp-image-18141\" src=\"http:\/\/altgsgrebenstein.de\/wp-content\/uploads\/2025\/05\/IMG_1980-scaled.jpg\" alt=\"\" width=\"2560\" height=\"1920\" srcset=\"https:\/\/altgsgrebenstein.de\/wp-content\/uploads\/2025\/05\/IMG_1980-scaled.jpg 2560w, https:\/\/altgsgrebenstein.de\/wp-content\/uploads\/2025\/05\/IMG_1980-300x225.jpg 300w, https:\/\/altgsgrebenstein.de\/wp-content\/uploads\/2025\/05\/IMG_1980-1024x768.jpg 1024w, https:\/\/altgsgrebenstein.de\/wp-content\/uploads\/2025\/05\/IMG_1980-768x576.jpg 768w, https:\/\/altgsgrebenstein.de\/wp-content\/uploads\/2025\/05\/IMG_1980-1536x1152.jpg 1536w, https:\/\/altgsgrebenstein.de\/wp-content\/uploads\/2025\/05\/IMG_1980-2048x1536.jpg 2048w\" sizes=\"(max-width: 2560px) 100vw, 2560px\" \/><\/p>\n<p style=\"text-align: justify;\">Nachdem bereits zu Beginn des Schultages im Rahmen einer Schweigeminute der Opfer der nationalsozialistischen Gewaltherrschaft gedacht wurde, er\u00f6ffnete Mika Glaser (R10b) die Kulturpause mit einer kurzen Ansprache, in der er eindrucksvoll f\u00fcr eine aktive Haltung gegen Diskriminierung und Ausgrenzung und f\u00fcr Menschlichkeit warb. Seine Rede erntete viel Applaus der Anwesenden, die zum Teil sichtlich ber\u00fchrt von seinen Worten waren. Hiernach bot sich den Besucherinnen und Besuchern der Kulturpause die M\u00f6glichkeit, sich w\u00e4hrend eines \u201eMuseumsrundgangs\u201c an verschiedenen thematischen Stationen n\u00e4her mit ausgew\u00e4hlten Facetten des Zweiten Weltkrieges und der NS-Herrschaft auseinanderzusetzen.<\/p>\n<p><img decoding=\"async\" class=\"alignnone size-full wp-image-18139\" src=\"http:\/\/altgsgrebenstein.de\/wp-content\/uploads\/2025\/05\/IMG_1977-scaled.jpg\" alt=\"\" width=\"1920\" height=\"2560\" srcset=\"https:\/\/altgsgrebenstein.de\/wp-content\/uploads\/2025\/05\/IMG_1977-scaled.jpg 1920w, https:\/\/altgsgrebenstein.de\/wp-content\/uploads\/2025\/05\/IMG_1977-225x300.jpg 225w, https:\/\/altgsgrebenstein.de\/wp-content\/uploads\/2025\/05\/IMG_1977-768x1024.jpg 768w, https:\/\/altgsgrebenstein.de\/wp-content\/uploads\/2025\/05\/IMG_1977-1152x1536.jpg 1152w, https:\/\/altgsgrebenstein.de\/wp-content\/uploads\/2025\/05\/IMG_1977-1536x2048.jpg 1536w\" sizes=\"(max-width: 1920px) 100vw, 1920px\" \/><\/p>\n<p style=\"text-align: justify;\">Neben Postern und Kurzvortr\u00e4gen stachen einige besonders kreative Beitr\u00e4ge hervor. Hierzu z\u00e4hlten zum einen der von einigen Sch\u00fclern aus der Klasse R10b in ihrer Freizeit gestaltete Nachbau des KZs Buchwald aus Holz und Pappe, der zur weiteren unterrichtlichen Verwendung dankenswerterweise in der Schule verbleiben darf.<\/p>\n<p><img decoding=\"async\" class=\"alignnone size-full wp-image-18140\" src=\"http:\/\/altgsgrebenstein.de\/wp-content\/uploads\/2025\/05\/IMG_1982-scaled.jpg\" alt=\"\" width=\"2560\" height=\"1920\" srcset=\"https:\/\/altgsgrebenstein.de\/wp-content\/uploads\/2025\/05\/IMG_1982-scaled.jpg 2560w, https:\/\/altgsgrebenstein.de\/wp-content\/uploads\/2025\/05\/IMG_1982-300x225.jpg 300w, https:\/\/altgsgrebenstein.de\/wp-content\/uploads\/2025\/05\/IMG_1982-1024x768.jpg 1024w, https:\/\/altgsgrebenstein.de\/wp-content\/uploads\/2025\/05\/IMG_1982-768x576.jpg 768w, https:\/\/altgsgrebenstein.de\/wp-content\/uploads\/2025\/05\/IMG_1982-1536x1152.jpg 1536w, https:\/\/altgsgrebenstein.de\/wp-content\/uploads\/2025\/05\/IMG_1982-2048x1536.jpg 2048w\" sizes=\"(max-width: 2560px) 100vw, 2560px\" \/><\/p>\n<p style=\"text-align: justify;\">Zum anderen rief ein von den Lernenden gestalteter fiktiver Instagram-Account von Anne Frank gro\u00dfes Interesse hervor, in dem sie aus dem Geheimversteck Eindr\u00fccke von ihrem Alltag und ihren Eindr\u00fccken gepostet. Hier kamen u.a. auch KI-generierte Bilder zum Einsatz.<\/p>\n<table style=\"border-collapse: collapse; width: 100%;\">\n<tbody>\n<tr>\n<td style=\"width: 45.2869%;\"><img decoding=\"async\" class=\"alignnone size-full wp-image-18136\" src=\"http:\/\/altgsgrebenstein.de\/wp-content\/uploads\/2025\/05\/IMG_0569.jpeg\" alt=\"\" width=\"750\" height=\"1126\" srcset=\"https:\/\/altgsgrebenstein.de\/wp-content\/uploads\/2025\/05\/IMG_0569.jpeg 750w, https:\/\/altgsgrebenstein.de\/wp-content\/uploads\/2025\/05\/IMG_0569-200x300.jpeg 200w, https:\/\/altgsgrebenstein.de\/wp-content\/uploads\/2025\/05\/IMG_0569-682x1024.jpeg 682w\" sizes=\"(max-width: 750px) 100vw, 750px\" \/><\/td>\n<td style=\"width: 54.7131%;\"><img decoding=\"async\" class=\"alignnone size-full wp-image-18137\" src=\"http:\/\/altgsgrebenstein.de\/wp-content\/uploads\/2025\/05\/IMG_2019.jpg\" alt=\"\" width=\"750\" height=\"1015\" srcset=\"https:\/\/altgsgrebenstein.de\/wp-content\/uploads\/2025\/05\/IMG_2019.jpg 750w, https:\/\/altgsgrebenstein.de\/wp-content\/uploads\/2025\/05\/IMG_2019-222x300.jpg 222w\" sizes=\"(max-width: 750px) 100vw, 750px\" \/><\/td>\n<\/tr>\n<\/tbody>\n<\/table>\n<p style=\"text-align: justify;\">Auch eine sprachlich-inhaltlich am Kenntnisstand von F\u00fcnftkl\u00e4sslern ausgerichtete <a href=\"http:\/\/altgsgrebenstein.de\/wp-content\/uploads\/2025\/05\/Praesentation-Konzentrationslager.pdf\">Pra\u0308sentation zum Thema &#8222;Konzentrationslager&#8220;<\/a> verfehlte ihr Ziel nicht und soll nach M\u00f6glichkeit nach M\u00f6glichkeit noch einmal gezielt in den j\u00fcngeren Jahrg\u00e4ngen zum Einsatz kommen.<\/p>\n<p style=\"text-align: justify;\">Der Koordinator der Kulturpausen, Gymnasialzweigleiter Dirk Weidmann, zeigte sich sehr angetan von der kreativen und zugleich emotionalen Auseinandersetzung mit diesem historisch bedeutsamen Thema und betonte zum Abschluss: \u201eDer Nationalsozialismus war ein System, das Mitgef\u00fchl durch Verachtung und Menschlichkeit durch Grausamkeit ersetzt hat. Der heutige Gedenktag erinnert uns daran, dass Freiheit, W\u00fcrde und Demokratie nicht selbstverst\u00e4ndlich sind \u2013 und dass wir sie verteidigen m\u00fcssen. Jeder von uns\u2026\u201c<\/p>\n","protected":false},"excerpt":{"rendered":"<p>Der 8. Mai 1945 ist ein Tag von gro\u00dfer Bedeutung f\u00fcr Deutschland und f\u00fcr ganz Europa, denn an diesem Tag endete der Zweite Weltkrieg in Europa mit der bedingungslosen Kapitulation der deutschen Wehrmacht. Dieses Datum markiert somit das Ende von Krieg, Zerst\u00f6rung und der Schreckensherrschaft des Nationalsozialismus.\u00a0Aus Anlass des diesj\u00e4hrigen Gedenktages zum Gedenken des formalen &hellip; <a href=\"https:\/\/altgsgrebenstein.de\/?p=18135\" class=\"more-link\"><span class=\"screen-reader-text\">Bewegende Kulturpause erinnert an den &#8222;Tag der Befreiung&#8220;<\/span> weiterlesen <span class=\"meta-nav\">&rarr;<\/span><\/a><\/p>\n","protected":false},"author":22,"featured_media":0,"comment_status":"closed","ping_status":"closed","sticky":false,"template":"","format":"standard","meta":{"saved_in_kubio":false,"footnotes":""},"categories":[1],"tags":[],"class_list":["post-18135","post","type-post","status-publish","format-standard","hentry","category-uncategorized"],"_links":{"self":[{"href":"https:\/\/altgsgrebenstein.de\/index.php?rest_route=\/wp\/v2\/posts\/18135","targetHints":{"allow":["GET"]}}],"collection":[{"href":"https:\/\/altgsgrebenstein.de\/index.php?rest_route=\/wp\/v2\/posts"}],"about":[{"href":"https:\/\/altgsgrebenstein.de\/index.php?rest_route=\/wp\/v2\/types\/post"}],"author":[{"embeddable":true,"href":"https:\/\/altgsgrebenstein.de\/index.php?rest_route=\/wp\/v2\/users\/22"}],"replies":[{"embeddable":true,"href":"https:\/\/altgsgrebenstein.de\/index.php?rest_route=%2Fwp%2Fv2%2Fcomments&post=18135"}],"version-history":[{"count":1,"href":"https:\/\/altgsgrebenstein.de\/index.php?rest_route=\/wp\/v2\/posts\/18135\/revisions"}],"predecessor-version":[{"id":18142,"href":"https:\/\/altgsgrebenstein.de\/index.php?rest_route=\/wp\/v2\/posts\/18135\/revisions\/18142"}],"wp:attachment":[{"href":"https:\/\/altgsgrebenstein.de\/index.php?rest_route=%2Fwp%2Fv2%2Fmedia&parent=18135"}],"wp:term":[{"taxonomy":"category","embeddable":true,"href":"https:\/\/altgsgrebenstein.de\/index.php?rest_route=%2Fwp%2Fv2%2Fcategories&post=18135"},{"taxonomy":"post_tag","embeddable":true,"href":"https:\/\/altgsgrebenstein.de\/index.php?rest_route=%2Fwp%2Fv2%2Ftags&post=18135"}],"curies":[{"name":"wp","href":"https:\/\/api.w.org\/{rel}","templated":true}]}}