{"id":18083,"date":"2025-05-08T07:04:19","date_gmt":"2025-05-08T06:04:19","guid":{"rendered":"http:\/\/altgsgrebenstein.de\/?p=18083"},"modified":"2025-05-08T07:04:19","modified_gmt":"2025-05-08T06:04:19","slug":"auf-nach-gruenberg","status":"publish","type":"post","link":"https:\/\/altgsgrebenstein.de\/?p=18083","title":{"rendered":"Auf nach Gr\u00fcnberg!"},"content":{"rendered":"<p style=\"font-weight: 400;\">Es ist geschafft und das hochverdient! Die U15 Fu\u00dfballerinnen (Jahrg\u00e4nge 2011 bis 2013) qualifizierten sich mit drei Siegen souver\u00e4n f\u00fcr den Landesentscheid am 13. Juni 2025 in Gr\u00fcnberg und treten somit gegen die besten Schulmannschaften Hessens an!<\/p>\n<p style=\"font-weight: 400;\">Sechs Jahre nach der letzten Teilnahme einer M\u00e4dchenmannschaft der HGS am Landesentscheid verdienten sich die Spielerinnen die erneute Teilnahme durch einen \u00fcberzeugend gef\u00fchrten Regionalentscheid auf dem Kunstrasenplatz in Melsungen am 07. Mai 2025.<\/p>\n<p style=\"font-weight: 400;\"><img decoding=\"async\" class=\"aligncenter wp-image-18087 size-full\" src=\"http:\/\/altgsgrebenstein.de\/wp-content\/uploads\/2025\/05\/IMG_7143-scaled.jpg\" alt=\"\" width=\"2560\" height=\"1920\" srcset=\"https:\/\/altgsgrebenstein.de\/wp-content\/uploads\/2025\/05\/IMG_7143-scaled.jpg 2560w, https:\/\/altgsgrebenstein.de\/wp-content\/uploads\/2025\/05\/IMG_7143-300x225.jpg 300w, https:\/\/altgsgrebenstein.de\/wp-content\/uploads\/2025\/05\/IMG_7143-1024x768.jpg 1024w, https:\/\/altgsgrebenstein.de\/wp-content\/uploads\/2025\/05\/IMG_7143-768x576.jpg 768w, https:\/\/altgsgrebenstein.de\/wp-content\/uploads\/2025\/05\/IMG_7143-1536x1152.jpg 1536w, https:\/\/altgsgrebenstein.de\/wp-content\/uploads\/2025\/05\/IMG_7143-2048x1536.jpg 2048w\" sizes=\"(max-width: 2560px) 100vw, 2560px\" \/><\/p>\n<p style=\"font-weight: 400; text-align: center;\"><span style=\"font-size: 10pt;\">Leni Berndt, Levke Eisenhuth, Svea Hellwig, Liviana Paroglou, Svea Fricke, Robin G\u00f6ring<\/span><\/p>\n<p style=\"font-weight: 400; text-align: center;\"><span style=\"font-size: 10pt;\">Cheyenne Heiek, Kim Krohne, Luzine Mescher, Anna-Lena Walter und Nia Lohr<\/span><\/p>\n<p style=\"font-weight: 400;\">Das Team um die Caldener M\u00e4dchenfu\u00dfballerinnen Kim Krohne, Svea Hellwig, Leni Berndt, Levke Eisenhuth, Liviana Paroglou und Cheyenne Heiek bildeten mit den ehemals Aktiven oder in der M\u00e4dchenfu\u00dfball-AG spielenden Fu\u00dfballerinnen Nia Lohr, Svea Fricke, Anna-Lena Walter und Luzine Mescher ein harmonisches und zielstrebiges Team.<\/p>\n<p style=\"font-weight: 400;\">Durch ein 5:1 gegen die Gesamtschule Melsungen (Tore: 2 x Krohne, 2 x Hellwig, 1x Paroglou), ein 8:1 gegen die Wilhelm-Leuschner-Schule (Tore: 3 x Hellwig, 2 x Paroglou, 2 x Eisenhuth, 1 x Krohne) und ein 5:0 gegen die Alte Landesschule Korbach (Tore: 2 x Paroglou, 1 x Eisenhuth, 1 x Hellwig und 1 x Krohne) qualifizierte sich das Team hochverdient f\u00fcr den Landesentscheid.<\/p>\n<p style=\"font-weight: 400;\"><img decoding=\"async\" class=\"alignnone size-medium wp-image-18084\" src=\"http:\/\/altgsgrebenstein.de\/wp-content\/uploads\/2025\/05\/IMG_7126-300x225.jpg\" alt=\"\" width=\"300\" height=\"225\" srcset=\"https:\/\/altgsgrebenstein.de\/wp-content\/uploads\/2025\/05\/IMG_7126-300x225.jpg 300w, https:\/\/altgsgrebenstein.de\/wp-content\/uploads\/2025\/05\/IMG_7126-1024x768.jpg 1024w, https:\/\/altgsgrebenstein.de\/wp-content\/uploads\/2025\/05\/IMG_7126-768x576.jpg 768w, https:\/\/altgsgrebenstein.de\/wp-content\/uploads\/2025\/05\/IMG_7126-1536x1152.jpg 1536w, https:\/\/altgsgrebenstein.de\/wp-content\/uploads\/2025\/05\/IMG_7126-2048x1536.jpg 2048w\" sizes=\"(max-width: 300px) 100vw, 300px\" \/> <img decoding=\"async\" class=\"alignnone size-medium wp-image-18085\" src=\"http:\/\/altgsgrebenstein.de\/wp-content\/uploads\/2025\/05\/IMG_7127-225x300.jpg\" alt=\"\" width=\"225\" height=\"300\" srcset=\"https:\/\/altgsgrebenstein.de\/wp-content\/uploads\/2025\/05\/IMG_7127-225x300.jpg 225w, https:\/\/altgsgrebenstein.de\/wp-content\/uploads\/2025\/05\/IMG_7127-768x1024.jpg 768w, https:\/\/altgsgrebenstein.de\/wp-content\/uploads\/2025\/05\/IMG_7127-1152x1536.jpg 1152w, https:\/\/altgsgrebenstein.de\/wp-content\/uploads\/2025\/05\/IMG_7127-1536x2048.jpg 1536w, https:\/\/altgsgrebenstein.de\/wp-content\/uploads\/2025\/05\/IMG_7127-scaled.jpg 1920w\" sizes=\"(max-width: 225px) 100vw, 225px\" \/><\/p>\n<p style=\"font-weight: 400;\">Neben dem von allen Seiten anerkannten, sportlichem Auftreten, \u00fcberzeugte die Mannschaft durch ihr respektvolles und freudiges Auftreten. Ob es das Wechseln der Torh\u00fcterposition oder das geduldige Warten am Spielfeldrand war, die M\u00e4dchen zeigten sich einsichtig und nahmen R\u00fccksicht aufeinander \u2013 ein toller Teamgedanke!<\/p>\n<p style=\"font-weight: 400;\"><img decoding=\"async\" class=\"alignnone size-medium wp-image-18088\" src=\"http:\/\/altgsgrebenstein.de\/wp-content\/uploads\/2025\/05\/IMG_7145-225x300.jpg\" alt=\"\" width=\"225\" height=\"300\" srcset=\"https:\/\/altgsgrebenstein.de\/wp-content\/uploads\/2025\/05\/IMG_7145-225x300.jpg 225w, https:\/\/altgsgrebenstein.de\/wp-content\/uploads\/2025\/05\/IMG_7145-768x1024.jpg 768w, https:\/\/altgsgrebenstein.de\/wp-content\/uploads\/2025\/05\/IMG_7145-1152x1536.jpg 1152w, https:\/\/altgsgrebenstein.de\/wp-content\/uploads\/2025\/05\/IMG_7145-1536x2048.jpg 1536w, https:\/\/altgsgrebenstein.de\/wp-content\/uploads\/2025\/05\/IMG_7145-scaled.jpg 1920w\" sizes=\"(max-width: 225px) 100vw, 225px\" \/> <img decoding=\"async\" class=\"alignnone size-medium wp-image-18086\" src=\"http:\/\/altgsgrebenstein.de\/wp-content\/uploads\/2025\/05\/IMG_7136-225x300.jpg\" alt=\"\" width=\"225\" height=\"300\" srcset=\"https:\/\/altgsgrebenstein.de\/wp-content\/uploads\/2025\/05\/IMG_7136-225x300.jpg 225w, https:\/\/altgsgrebenstein.de\/wp-content\/uploads\/2025\/05\/IMG_7136-768x1024.jpg 768w, https:\/\/altgsgrebenstein.de\/wp-content\/uploads\/2025\/05\/IMG_7136-1152x1536.jpg 1152w, https:\/\/altgsgrebenstein.de\/wp-content\/uploads\/2025\/05\/IMG_7136-1536x2048.jpg 1536w, https:\/\/altgsgrebenstein.de\/wp-content\/uploads\/2025\/05\/IMG_7136-scaled.jpg 1920w\" sizes=\"(max-width: 225px) 100vw, 225px\" \/><\/p>\n<p><span style=\"font-weight: 400;\">Nun freuen sich sowohl Betreuer Robin G\u00f6ring als auch die Spielerinnen auf die Teilnahme am Hessenentscheid und fiebern dem 13. Juni 2025 entgegen. Bis dahin gilt es, sich weiter einzuspielen und die Zeit zu nutzen, um vielleicht f\u00fcr eine \u00dcberraschung zu sorgen \u2013 unabh\u00e4ngig vom Ergebnis in Gr\u00fcnberg kann die HGS sehr stolz auf diese Mannschaft sein!<\/span><\/p>\n","protected":false},"excerpt":{"rendered":"<p>Es ist geschafft und das hochverdient! Die U15 Fu\u00dfballerinnen (Jahrg\u00e4nge 2011 bis 2013) qualifizierten sich mit drei Siegen souver\u00e4n f\u00fcr den Landesentscheid am 13. Juni 2025 in Gr\u00fcnberg und treten somit gegen die besten Schulmannschaften Hessens an! Sechs Jahre nach der letzten Teilnahme einer M\u00e4dchenmannschaft der HGS am Landesentscheid verdienten sich die Spielerinnen die erneute &hellip; <a href=\"https:\/\/altgsgrebenstein.de\/?p=18083\" class=\"more-link\"><span class=\"screen-reader-text\">Auf nach Gr\u00fcnberg!<\/span> weiterlesen <span class=\"meta-nav\">&rarr;<\/span><\/a><\/p>\n","protected":false},"author":20,"featured_media":0,"comment_status":"closed","ping_status":"closed","sticky":false,"template":"","format":"standard","meta":{"saved_in_kubio":false,"footnotes":""},"categories":[1],"tags":[],"class_list":["post-18083","post","type-post","status-publish","format-standard","hentry","category-uncategorized"],"_links":{"self":[{"href":"https:\/\/altgsgrebenstein.de\/index.php?rest_route=\/wp\/v2\/posts\/18083","targetHints":{"allow":["GET"]}}],"collection":[{"href":"https:\/\/altgsgrebenstein.de\/index.php?rest_route=\/wp\/v2\/posts"}],"about":[{"href":"https:\/\/altgsgrebenstein.de\/index.php?rest_route=\/wp\/v2\/types\/post"}],"author":[{"embeddable":true,"href":"https:\/\/altgsgrebenstein.de\/index.php?rest_route=\/wp\/v2\/users\/20"}],"replies":[{"embeddable":true,"href":"https:\/\/altgsgrebenstein.de\/index.php?rest_route=%2Fwp%2Fv2%2Fcomments&post=18083"}],"version-history":[{"count":2,"href":"https:\/\/altgsgrebenstein.de\/index.php?rest_route=\/wp\/v2\/posts\/18083\/revisions"}],"predecessor-version":[{"id":18090,"href":"https:\/\/altgsgrebenstein.de\/index.php?rest_route=\/wp\/v2\/posts\/18083\/revisions\/18090"}],"wp:attachment":[{"href":"https:\/\/altgsgrebenstein.de\/index.php?rest_route=%2Fwp%2Fv2%2Fmedia&parent=18083"}],"wp:term":[{"taxonomy":"category","embeddable":true,"href":"https:\/\/altgsgrebenstein.de\/index.php?rest_route=%2Fwp%2Fv2%2Fcategories&post=18083"},{"taxonomy":"post_tag","embeddable":true,"href":"https:\/\/altgsgrebenstein.de\/index.php?rest_route=%2Fwp%2Fv2%2Ftags&post=18083"}],"curies":[{"name":"wp","href":"https:\/\/api.w.org\/{rel}","templated":true}]}}