{"id":18070,"date":"2025-04-29T17:51:45","date_gmt":"2025-04-29T16:51:45","guid":{"rendered":"http:\/\/altgsgrebenstein.de\/?p=18070"},"modified":"2025-04-29T17:51:45","modified_gmt":"2025-04-29T16:51:45","slug":"lesewettbewerb-2024-2025-malte-suender-g6b-vertat-den-landkreis-kassel-beim-bezirksentscheid-am-23-april-in-korbach","status":"publish","type":"post","link":"https:\/\/altgsgrebenstein.de\/?p=18070","title":{"rendered":"Lesewettbewerb 2024\/2025: Malte S\u00fcnder (G6b) vertat den Landkreis Kassel beim Bezirksentscheid am 23. April in Korbach"},"content":{"rendered":"<p>Still und konzentriert war es letzten Dienstag im Gemeindezentrum Johannes in Korbach. Die besten Leserinnen und Leser aus allen nordhessischen Landkreisen trafen sich, um dann zwei Sieger nach Frankfurt zur Landesebene zu schicken.<\/p>\n<p>Zwei Runden hatten Malte und alle Teilnehmenden bereits geschafft. Schulentscheid und Kreisentscheid lagen hinter ihnen. Neben Malte zeigten acht weitere Jungen und M\u00e4dchen mit ihrem Vorlesen, was in ihnen steckte. Zuerst konnten sie ihr vorbereites Buch pr\u00e4sentieren und danach bekamen sie einen Fremdtext. Die f\u00fcnfk\u00f6pfige Jury achtete dabei auf Lesetechnik, Tempo, Betonung, deutliche Aussprache und das fl\u00fcssige Lesen. Das Rennen machten am Ende ein Junge aus der Stadt Kassel und ein M\u00e4dchen aus dem Landkreis Homberg Efze. Die Jury lobte am Schluss alle Teilnehmenden. Sie hatte es sich mit ihrer Entscheidung nicht leicht gemacht, denn alle M\u00e4dchen und Jungen lasen gekonnt und souver\u00e4n vor.\u00a0 Malte vertrat mit viel Engagement unsere Schule und den Landkreis Kassel. Mit dem Sieg von Malte im Schul- und Kreisentscheid hatte es auch in diesem Jahr ein Sch\u00fcler unsere Schule bis zum Bezirksentscheid geschafft.\u00a0 Bravo Malte!<\/p>\n<p><a href=\"http:\/\/altgsgrebenstein.de\/wp-content\/uploads\/2025\/04\/Malte-Suender-G6b-scaled.jpg\"><img decoding=\"async\" class=\"aligncenter size-large wp-image-18071\" src=\"http:\/\/altgsgrebenstein.de\/wp-content\/uploads\/2025\/04\/Malte-Suender-G6b-629x1024.jpg\" alt=\"\" width=\"604\" height=\"983\" srcset=\"https:\/\/altgsgrebenstein.de\/wp-content\/uploads\/2025\/04\/Malte-Suender-G6b-629x1024.jpg 629w, https:\/\/altgsgrebenstein.de\/wp-content\/uploads\/2025\/04\/Malte-Suender-G6b-184x300.jpg 184w, https:\/\/altgsgrebenstein.de\/wp-content\/uploads\/2025\/04\/Malte-Suender-G6b-768x1251.jpg 768w, https:\/\/altgsgrebenstein.de\/wp-content\/uploads\/2025\/04\/Malte-Suender-G6b-943x1536.jpg 943w, https:\/\/altgsgrebenstein.de\/wp-content\/uploads\/2025\/04\/Malte-Suender-G6b-1257x2048.jpg 1257w, https:\/\/altgsgrebenstein.de\/wp-content\/uploads\/2025\/04\/Malte-Suender-G6b-scaled.jpg 1572w\" sizes=\"(max-width: 604px) 100vw, 604px\" \/><\/a><\/p>\n<p>(RHB)<\/p>\n<p>&nbsp;<\/p>\n<p>&nbsp;<\/p>\n","protected":false},"excerpt":{"rendered":"<p>Still und konzentriert war es letzten Dienstag im Gemeindezentrum Johannes in Korbach. Die besten Leserinnen und Leser aus allen nordhessischen Landkreisen trafen sich, um dann zwei Sieger nach Frankfurt zur Landesebene zu schicken. Zwei Runden hatten Malte und alle Teilnehmenden bereits geschafft. Schulentscheid und Kreisentscheid lagen hinter ihnen. Neben Malte zeigten acht weitere Jungen und &hellip; <a href=\"https:\/\/altgsgrebenstein.de\/?p=18070\" class=\"more-link\"><span class=\"screen-reader-text\">Lesewettbewerb 2024\/2025: Malte S\u00fcnder (G6b) vertat den Landkreis Kassel beim Bezirksentscheid am 23. April in Korbach<\/span> weiterlesen <span class=\"meta-nav\">&rarr;<\/span><\/a><\/p>\n","protected":false},"author":28,"featured_media":0,"comment_status":"closed","ping_status":"closed","sticky":false,"template":"","format":"standard","meta":{"saved_in_kubio":false,"footnotes":""},"categories":[1],"tags":[],"class_list":["post-18070","post","type-post","status-publish","format-standard","hentry","category-uncategorized"],"_links":{"self":[{"href":"https:\/\/altgsgrebenstein.de\/index.php?rest_route=\/wp\/v2\/posts\/18070","targetHints":{"allow":["GET"]}}],"collection":[{"href":"https:\/\/altgsgrebenstein.de\/index.php?rest_route=\/wp\/v2\/posts"}],"about":[{"href":"https:\/\/altgsgrebenstein.de\/index.php?rest_route=\/wp\/v2\/types\/post"}],"author":[{"embeddable":true,"href":"https:\/\/altgsgrebenstein.de\/index.php?rest_route=\/wp\/v2\/users\/28"}],"replies":[{"embeddable":true,"href":"https:\/\/altgsgrebenstein.de\/index.php?rest_route=%2Fwp%2Fv2%2Fcomments&post=18070"}],"version-history":[{"count":1,"href":"https:\/\/altgsgrebenstein.de\/index.php?rest_route=\/wp\/v2\/posts\/18070\/revisions"}],"predecessor-version":[{"id":18072,"href":"https:\/\/altgsgrebenstein.de\/index.php?rest_route=\/wp\/v2\/posts\/18070\/revisions\/18072"}],"wp:attachment":[{"href":"https:\/\/altgsgrebenstein.de\/index.php?rest_route=%2Fwp%2Fv2%2Fmedia&parent=18070"}],"wp:term":[{"taxonomy":"category","embeddable":true,"href":"https:\/\/altgsgrebenstein.de\/index.php?rest_route=%2Fwp%2Fv2%2Fcategories&post=18070"},{"taxonomy":"post_tag","embeddable":true,"href":"https:\/\/altgsgrebenstein.de\/index.php?rest_route=%2Fwp%2Fv2%2Ftags&post=18070"}],"curies":[{"name":"wp","href":"https:\/\/api.w.org\/{rel}","templated":true}]}}