{"id":18052,"date":"2025-04-27T23:36:34","date_gmt":"2025-04-27T22:36:34","guid":{"rendered":"http:\/\/altgsgrebenstein.de\/?p=18052"},"modified":"2025-04-28T23:34:21","modified_gmt":"2025-04-28T22:34:21","slug":"klangwand-vorstellung-beim-parcours-der-moeglichkeiten","status":"publish","type":"post","link":"https:\/\/altgsgrebenstein.de\/?p=18052","title":{"rendered":"&#8222;Klangwand&#8220;-Projekt in Darmstadt pr\u00e4sentiert"},"content":{"rendered":"<table style=\"width: 100%;\">\n<tbody>\n<tr>\n<td style=\"width: 42.7969%;\"><img decoding=\"async\" class=\"aligncenter wp-image-18053\" src=\"http:\/\/altgsgrebenstein.de\/wp-content\/uploads\/2025\/04\/Clipboard01.jpg\" alt=\"\" width=\"191\" height=\"410\" srcset=\"https:\/\/altgsgrebenstein.de\/wp-content\/uploads\/2025\/04\/Clipboard01.jpg 314w, https:\/\/altgsgrebenstein.de\/wp-content\/uploads\/2025\/04\/Clipboard01-140x300.jpg 140w\" sizes=\"(max-width: 191px) 100vw, 191px\" \/><\/td>\n<td style=\"width: 57.2031%; text-align: justify;\"><span style=\"font-size: 16px;\">W\u00e4hrend der Osterferien fand in Darmstadt die\u00a0<\/span><a style=\"font-size: 16px;\" href=\"https:\/\/www.neue-musik.org\/2024\/04\/02\/78-fruehjahrstagung-2025\/\" target=\"_blank\" rel=\"noopener\">78. Fr\u00fchjahrstagung des Instituts f\u00fcr Neue Musik und Musikerziehung (INMM)<\/a><span style=\"font-size: 16px;\"> statt. Unter dem Oberthema &#8222;zugeh\u00f6ren&#8220; kamen hier Vertreterinnen und Vertreter aus Kunst, Wissenschaft und P\u00e4dagogik zu einer viert\u00e4gigen Tagung zusammen, um anhand von inner- und au\u00dfermusikalischen Aspekten u.a. der Frage nachzugehen, wie Musizierpraktiken wie <em>Community Music<\/em> oder <em>Social Composing<\/em> musikalische Teilhabe erm\u00f6glichen.<\/span><\/td>\n<\/tr>\n<\/tbody>\n<\/table>\n<p style=\"text-align: justify;\">Am dritten Veranstaltungstag erhielt die Heinrich-Grupe-Schule die M\u00f6glichkeit, im Rahmen des &#8222;Parcours der M\u00f6glichkeiten&#8220; ihr Klangwand-Projekt vorzustellen. Hierzu reisten mit Frederik Weidmann (G7b) und Gymnasialzweigleiter Dirk Weidmann zwei Vertreter der HGS nach Darmstadt und standen den Tagungsteilnehmenden an ihrer Parcours-Station mit ihrer Sch\u00fcler- bzw. Lehrerperspektive einen Nachmittag lang f\u00fcr Fragen und Diskussionen zur Verf\u00fcgung.<\/p>\n<p><img decoding=\"async\" class=\"alignnone size-full wp-image-18054\" src=\"http:\/\/altgsgrebenstein.de\/wp-content\/uploads\/2025\/04\/IMG_5593-scaled.jpg\" alt=\"\" width=\"2560\" height=\"1751\" srcset=\"https:\/\/altgsgrebenstein.de\/wp-content\/uploads\/2025\/04\/IMG_5593-scaled.jpg 2560w, https:\/\/altgsgrebenstein.de\/wp-content\/uploads\/2025\/04\/IMG_5593-300x205.jpg 300w, https:\/\/altgsgrebenstein.de\/wp-content\/uploads\/2025\/04\/IMG_5593-1024x700.jpg 1024w, https:\/\/altgsgrebenstein.de\/wp-content\/uploads\/2025\/04\/IMG_5593-768x525.jpg 768w, https:\/\/altgsgrebenstein.de\/wp-content\/uploads\/2025\/04\/IMG_5593-1536x1051.jpg 1536w, https:\/\/altgsgrebenstein.de\/wp-content\/uploads\/2025\/04\/IMG_5593-2048x1401.jpg 2048w\" sizes=\"(max-width: 2560px) 100vw, 2560px\" \/><\/p>\n<p style=\"text-align: justify;\">Das Klangwand-Projekt erfuhr w\u00e4hrend der Veranstaltung viel Beachtung und Lob, insbesondere f\u00fcr das \u00e4sthetische Potential und die vielschichtigen M\u00f6glichkeiten, \u00fcber die Schulgrenzen hinaus kreativ mit anderen Kooperationspartner zusammenzuarbeiten. Das Vorhaben soll im Rahmen eines l\u00e4ngeren Beitrags auch Eingang in den diesj\u00e4hrigen Tagungsband finden. Einen kleinen Eindruck von der Parcours-Station liefert der nachfolgende Film:<\/p>\n<div id=\"wpfp_f2221c5098f8c4a6c865028f8cce6a26\" data-item=\"{&quot;sources&quot;:[{&quot;src&quot;:&quot;http:\\\/\\\/altgsgrebenstein.de\\\/wp-content\\\/uploads\\\/2025\\\/04\\\/Tagung-Klangwand-1.mov&quot;,&quot;type&quot;:&quot;video\\\/mp4&quot;}],&quot;id&quot;:&quot;40&quot;}\" class=\"flowplayer no-brand is-splash is-paused skin-slim no-svg fp-slim fp-edgy\" data-fv-embed=\"https:\/\/altgsgrebenstein.de\/?p=18052&amp;fv_player_embed=fvp-40\" style=\"position:relative; max-width: 1920px; max-height: 1080px; \" data-ratio=\"0.5625\">\n\t<div class=\"fp-ratio\" style=\"padding-top: 56.25%\"><\/div>\n\t<div class=\"fp-ui\"><noscript>Please enable JavaScript<\/noscript><div class=\"fp-play fp-visible\"><svg class=\"fp-play-sharp-fill\" xmlns=\"http:\/\/www.w3.org\/2000\/svg\" viewBox=\"0 0 100 100\"><defs><style>.fp-color-play{opacity:0.65;}.controlbutton{fill:#fff;}<\/style><\/defs><title>play-sharp-fill<\/title><path class=\"fp-color-play\" d=\"M49.9217-.078a50,50,0,1,0,50,50A50.0564,50.0564,0,0,0,49.9217-.078Z\"\/><polygon class=\"controlbutton\" points=\"73.601 50 37.968 70.573 37.968 29.427 73.601 50\" filter=\"url(#f1)\"\/><\/svg><\/div><div class=\"fp-preload\"><b><\/b><b><\/b><b><\/b><b><\/b><\/div><\/div>\n<div class='fvp-share-bar'><ul class=\"fvp-sharing\">\r\n    <li><a class=\"sharing-facebook\" href=\"https:\/\/www.facebook.com\/sharer\/sharer.php?u=https%3A%2F%2Faltgsgrebenstein.de%2F%3Fp%3D18052\" target=\"_blank\"><\/a><\/li>\r\n    <li><a class=\"sharing-twitter\" href=\"https:\/\/twitter.com\/intent\/tweet?text=Heinrich-Grupe-Schule+Grebenstein+&url=https%3A%2F%2Faltgsgrebenstein.de%2F%3Fp%3D18052\" target=\"_blank\"><\/a><\/li>\r\n    <li><a class=\"sharing-email\" href=\"mailto:?body=Check%20out%20the%20amazing%20video%20here%3A%20https%3A%2F%2Faltgsgrebenstein.de%2F%3Fp%3D18052\" target=\"_blank\"><\/a><\/li><\/ul><div><a class=\"sharing-link\" href=\"https:\/\/altgsgrebenstein.de\/?p=18052\" target=\"_blank\">Link<\/a><\/div><div><label><a class=\"embed-code-toggle\" href=\"#\"><strong>Embed<\/strong><\/a><\/label><\/div><div class=\"embed-code\"><label>Copy and paste this HTML code into your webpage to embed.<\/label><textarea><\/textarea><\/div><\/div>\n<\/div>\n\n<p style=\"text-align: justify;\">Zum Veranstalter: Das <a href=\"https:\/\/www.neue-musik.org\/\" target=\"_blank\" rel=\"noopener\">Institut f\u00fcr Neue Musik und Musikerziehung Darmstadt (INMM)<\/a> ist eine weltweit einmalige Einrichtung zur F\u00f6rderung Neuer Musik und als Forum des interdisziplin\u00e4ren Diskurses zwischen Produktion, Reproduktion und Reflexion innovativer k\u00fcnstlerischer Konzepte und ihrer musikp\u00e4dagogischen Vermittlung. Im Rahmen seiner Fr\u00fchjahrstagung schafft das Institut durch Konzerte, Vortr\u00e4ge, Seminare und Workshops M\u00f6glichkeiten der Information, der Diskussion und des Erfahrungsaustausches zwischen Aktiven aus den Bereichen Komposition, Interpretation, Wissenschaft und P\u00e4dagogik und einer musik- und kunstinteressierten \u00d6ffentlichkeit.<\/p>\n<p>WD \/ Film: Frederik Weidmann<\/p>\n","protected":false},"excerpt":{"rendered":"<p>W\u00e4hrend der Osterferien fand in Darmstadt die\u00a078. Fr\u00fchjahrstagung des Instituts f\u00fcr Neue Musik und Musikerziehung (INMM) statt. Unter dem Oberthema &#8222;zugeh\u00f6ren&#8220; kamen hier Vertreterinnen und Vertreter aus Kunst, Wissenschaft und P\u00e4dagogik zu einer viert\u00e4gigen Tagung zusammen, um anhand von inner- und au\u00dfermusikalischen Aspekten u.a. der Frage nachzugehen, wie Musizierpraktiken wie Community Music oder Social Composing &hellip; <a href=\"https:\/\/altgsgrebenstein.de\/?p=18052\" class=\"more-link\"><span class=\"screen-reader-text\">&#8222;Klangwand&#8220;-Projekt in Darmstadt pr\u00e4sentiert<\/span> weiterlesen <span class=\"meta-nav\">&rarr;<\/span><\/a><\/p>\n","protected":false},"author":22,"featured_media":0,"comment_status":"closed","ping_status":"closed","sticky":false,"template":"","format":"standard","meta":{"saved_in_kubio":false,"footnotes":""},"categories":[1],"tags":[],"class_list":["post-18052","post","type-post","status-publish","format-standard","hentry","category-uncategorized"],"_links":{"self":[{"href":"https:\/\/altgsgrebenstein.de\/index.php?rest_route=\/wp\/v2\/posts\/18052","targetHints":{"allow":["GET"]}}],"collection":[{"href":"https:\/\/altgsgrebenstein.de\/index.php?rest_route=\/wp\/v2\/posts"}],"about":[{"href":"https:\/\/altgsgrebenstein.de\/index.php?rest_route=\/wp\/v2\/types\/post"}],"author":[{"embeddable":true,"href":"https:\/\/altgsgrebenstein.de\/index.php?rest_route=\/wp\/v2\/users\/22"}],"replies":[{"embeddable":true,"href":"https:\/\/altgsgrebenstein.de\/index.php?rest_route=%2Fwp%2Fv2%2Fcomments&post=18052"}],"version-history":[{"count":12,"href":"https:\/\/altgsgrebenstein.de\/index.php?rest_route=\/wp\/v2\/posts\/18052\/revisions"}],"predecessor-version":[{"id":18056,"href":"https:\/\/altgsgrebenstein.de\/index.php?rest_route=\/wp\/v2\/posts\/18052\/revisions\/18056"}],"wp:attachment":[{"href":"https:\/\/altgsgrebenstein.de\/index.php?rest_route=%2Fwp%2Fv2%2Fmedia&parent=18052"}],"wp:term":[{"taxonomy":"category","embeddable":true,"href":"https:\/\/altgsgrebenstein.de\/index.php?rest_route=%2Fwp%2Fv2%2Fcategories&post=18052"},{"taxonomy":"post_tag","embeddable":true,"href":"https:\/\/altgsgrebenstein.de\/index.php?rest_route=%2Fwp%2Fv2%2Ftags&post=18052"}],"curies":[{"name":"wp","href":"https:\/\/api.w.org\/{rel}","templated":true}]}}