{"id":18034,"date":"2025-04-17T06:38:53","date_gmt":"2025-04-17T05:38:53","guid":{"rendered":"http:\/\/altgsgrebenstein.de\/?p=18034"},"modified":"2025-04-17T06:38:53","modified_gmt":"2025-04-17T05:38:53","slug":"english-reading-competition-des-jahrgang-7","status":"publish","type":"post","link":"https:\/\/altgsgrebenstein.de\/?p=18034","title":{"rendered":"English Reading Competition des Jahrgang 7"},"content":{"rendered":"<p>Kurz vor Ostern veranstaltete der Fachbereich Englisch den allj\u00e4hrlichen Vorleser Wettbewerb des Jahrgangs 7. In der mit allen Sch\u00fclerinnen und Sch\u00fclern des Jahrgangs 7 besetzten Neuen Aula stellten sechs VorleserInnen ihr K\u00f6nnen unter Beweis. Nachdem schon klasseninterne Ausscheidungen durchgef\u00fchrt wurden, konnten hier die Klassensieger des Gymnasialzweiges und des Realschulzweiges gegeneinander antreten. In diesem Jahr traten zudem freiwillige Vorleserinnen aus beiden Hauptschulklassen gegeneinander an.<\/p>\n<p>Die Jury, bestehend aus Frau Dehne, Herrn Weidmann, Herrn Erdmann und Herrn Dickel bewertete die Vortr\u00e4ge unter den Aspekten Textauswahl, Vorstellung des Buches, Betonung, Aussprache und Lesetempo.<\/p>\n<p><a href=\"http:\/\/altgsgrebenstein.de\/wp-content\/uploads\/2025\/04\/392c7695-5544-443b-a682-c5823d79562e1.jpg\"><img decoding=\"async\" class=\"aligncenter size-large wp-image-18035\" src=\"http:\/\/altgsgrebenstein.de\/wp-content\/uploads\/2025\/04\/392c7695-5544-443b-a682-c5823d79562e1-1024x768.jpg\" alt=\"\" width=\"604\" height=\"453\" srcset=\"https:\/\/altgsgrebenstein.de\/wp-content\/uploads\/2025\/04\/392c7695-5544-443b-a682-c5823d79562e1-1024x768.jpg 1024w, https:\/\/altgsgrebenstein.de\/wp-content\/uploads\/2025\/04\/392c7695-5544-443b-a682-c5823d79562e1-300x225.jpg 300w, https:\/\/altgsgrebenstein.de\/wp-content\/uploads\/2025\/04\/392c7695-5544-443b-a682-c5823d79562e1-768x576.jpg 768w, https:\/\/altgsgrebenstein.de\/wp-content\/uploads\/2025\/04\/392c7695-5544-443b-a682-c5823d79562e1-1536x1152.jpg 1536w, https:\/\/altgsgrebenstein.de\/wp-content\/uploads\/2025\/04\/392c7695-5544-443b-a682-c5823d79562e1.jpg 1600w\" sizes=\"(max-width: 604px) 100vw, 604px\" \/><\/a><\/p>\n<p>Schon zu Beginn des Wettbewerbes konnte Amy Schr\u00f6der aus der H7a gl\u00e4nzen, jedoch ganz besonders erw\u00e4hnenswert war Nasle Niedzwiecka, die sowohl sprachlich als auch in der Art und Weise des Vorlesens die Zuh\u00f6rerinnen und Zuh\u00f6rer in ihren Bann zog. Der begeisterte Applaus war mehr als verdient: erster Platz f\u00fcr Nasle im Hauptschulzweig.<\/p>\n<p>Anschlie\u00dfend las f\u00fcr den Realschulzweig Joanna Harder aus Diary of a Wimpy Kid und konnte sich gegen Hannah B\u00f6hm durchsetzen.<\/p>\n<p>Im Gymnasialzweig gab es ein Kopf an Kopf Rennen zwischen Nathanael Stehl und Nia Lohr. Beide zeigten sprachliche Topleistungen. Letztendlich konnte sich Nathanael Stehl aus der G7a mit seiner frei vorgetragenen Buchvorstellung der Lekt\u00fcre The Perks of Being a Wallflower und seinen Entertainment- Qualit\u00e4ten durchsetzen. Wir sind stolz, dass wir an der HGS Sch\u00fclerinnen und Sch\u00fcler mit solch fortgeschrittene Leistungen im Jahrgang sieben vorfinden. Keep it up!<\/p>\n<p><a href=\"http:\/\/altgsgrebenstein.de\/wp-content\/uploads\/2025\/04\/IMG_77141-scaled.jpg\"><img decoding=\"async\" class=\"aligncenter size-large wp-image-18036\" src=\"http:\/\/altgsgrebenstein.de\/wp-content\/uploads\/2025\/04\/IMG_77141-576x1024.jpg\" alt=\"\" width=\"576\" height=\"1024\" srcset=\"https:\/\/altgsgrebenstein.de\/wp-content\/uploads\/2025\/04\/IMG_77141-576x1024.jpg 576w, https:\/\/altgsgrebenstein.de\/wp-content\/uploads\/2025\/04\/IMG_77141-169x300.jpg 169w, https:\/\/altgsgrebenstein.de\/wp-content\/uploads\/2025\/04\/IMG_77141-768x1365.jpg 768w, https:\/\/altgsgrebenstein.de\/wp-content\/uploads\/2025\/04\/IMG_77141-864x1536.jpg 864w, https:\/\/altgsgrebenstein.de\/wp-content\/uploads\/2025\/04\/IMG_77141-1152x2048.jpg 1152w, https:\/\/altgsgrebenstein.de\/wp-content\/uploads\/2025\/04\/IMG_77141-scaled.jpg 1440w\" sizes=\"(max-width: 576px) 100vw, 576px\" \/><\/a><\/p>\n<p>&nbsp;<\/p>\n<p>Claudia Dehne, Fachvorsteherin Englisch<\/p>\n<p>&nbsp;<\/p>\n","protected":false},"excerpt":{"rendered":"<p>Kurz vor Ostern veranstaltete der Fachbereich Englisch den allj\u00e4hrlichen Vorleser Wettbewerb des Jahrgangs 7. In der mit allen Sch\u00fclerinnen und Sch\u00fclern des Jahrgangs 7 besetzten Neuen Aula stellten sechs VorleserInnen ihr K\u00f6nnen unter Beweis. Nachdem schon klasseninterne Ausscheidungen durchgef\u00fchrt wurden, konnten hier die Klassensieger des Gymnasialzweiges und des Realschulzweiges gegeneinander antreten. In diesem Jahr traten &hellip; <a href=\"https:\/\/altgsgrebenstein.de\/?p=18034\" class=\"more-link\"><span class=\"screen-reader-text\">English Reading Competition des Jahrgang 7<\/span> weiterlesen <span class=\"meta-nav\">&rarr;<\/span><\/a><\/p>\n","protected":false},"author":28,"featured_media":0,"comment_status":"closed","ping_status":"closed","sticky":false,"template":"","format":"standard","meta":{"saved_in_kubio":false,"footnotes":""},"categories":[1],"tags":[],"class_list":["post-18034","post","type-post","status-publish","format-standard","hentry","category-uncategorized"],"_links":{"self":[{"href":"https:\/\/altgsgrebenstein.de\/index.php?rest_route=\/wp\/v2\/posts\/18034","targetHints":{"allow":["GET"]}}],"collection":[{"href":"https:\/\/altgsgrebenstein.de\/index.php?rest_route=\/wp\/v2\/posts"}],"about":[{"href":"https:\/\/altgsgrebenstein.de\/index.php?rest_route=\/wp\/v2\/types\/post"}],"author":[{"embeddable":true,"href":"https:\/\/altgsgrebenstein.de\/index.php?rest_route=\/wp\/v2\/users\/28"}],"replies":[{"embeddable":true,"href":"https:\/\/altgsgrebenstein.de\/index.php?rest_route=%2Fwp%2Fv2%2Fcomments&post=18034"}],"version-history":[{"count":1,"href":"https:\/\/altgsgrebenstein.de\/index.php?rest_route=\/wp\/v2\/posts\/18034\/revisions"}],"predecessor-version":[{"id":18037,"href":"https:\/\/altgsgrebenstein.de\/index.php?rest_route=\/wp\/v2\/posts\/18034\/revisions\/18037"}],"wp:attachment":[{"href":"https:\/\/altgsgrebenstein.de\/index.php?rest_route=%2Fwp%2Fv2%2Fmedia&parent=18034"}],"wp:term":[{"taxonomy":"category","embeddable":true,"href":"https:\/\/altgsgrebenstein.de\/index.php?rest_route=%2Fwp%2Fv2%2Fcategories&post=18034"},{"taxonomy":"post_tag","embeddable":true,"href":"https:\/\/altgsgrebenstein.de\/index.php?rest_route=%2Fwp%2Fv2%2Ftags&post=18034"}],"curies":[{"name":"wp","href":"https:\/\/api.w.org\/{rel}","templated":true}]}}