{"id":18013,"date":"2025-04-06T13:47:43","date_gmt":"2025-04-06T12:47:43","guid":{"rendered":"http:\/\/altgsgrebenstein.de\/?p=18013"},"modified":"2025-04-06T13:47:43","modified_gmt":"2025-04-06T12:47:43","slug":"wo-ist-anne-frank-ausbruch-aus-dem-museum","status":"publish","type":"post","link":"https:\/\/altgsgrebenstein.de\/?p=18013","title":{"rendered":"\u201cWo ist Anne Frank?\u201c- Ausbruch aus dem Museum"},"content":{"rendered":"<p>Am 27.03.25 war die Klasse G8a mit ihrer Klassenlehrerin Nina Gilfert im Cineplex in Kassel und sah den Animationsfilm &#8222;Wo ist Anne Frank?&#8220; des israelischen Regisseurs Ari Folman, der im Rahmen der \u201eSchulkinowochen\u201c ausgestrahlt wurde.<\/p>\n<p><img decoding=\"async\" class=\"size-medium wp-image-18021 aligncenter\" src=\"http:\/\/altgsgrebenstein.de\/wp-content\/uploads\/2025\/04\/IMG_8748-300x225.jpeg\" alt=\"\" width=\"300\" height=\"225\" srcset=\"https:\/\/altgsgrebenstein.de\/wp-content\/uploads\/2025\/04\/IMG_8748-300x225.jpeg 300w, https:\/\/altgsgrebenstein.de\/wp-content\/uploads\/2025\/04\/IMG_8748-1024x768.jpeg 1024w, https:\/\/altgsgrebenstein.de\/wp-content\/uploads\/2025\/04\/IMG_8748-768x576.jpeg 768w, https:\/\/altgsgrebenstein.de\/wp-content\/uploads\/2025\/04\/IMG_8748-1536x1152.jpeg 1536w, https:\/\/altgsgrebenstein.de\/wp-content\/uploads\/2025\/04\/IMG_8748-2048x1536.jpeg 2048w\" sizes=\"(max-width: 300px) 100vw, 300px\" \/><\/p>\n<p>In den Wochen vor dem Kinobesuch hatte sich die Klasse mit verschiedenen Aufgaben auf den Film vorbereitet, z. B. mit der \u201eWDR AR 1933-1945\u201c-App, mit der man zwei Zeitzeuginnen in den Klassenraum holen und erleben konnte, die \u00fcber ihre Freundschaft mit Anne Frank berichteten. Zudem gab es eine kreative Aufgabe: Die Sch\u00fclerinnen und Sch\u00fcler bauten zur besseren r\u00e4umlichen Vorstellung das Hinterhaus, in dem sich Anne Frank mehr als zwei Jahre vor den Nationalsozialisten versteckt hatte, als Schuhkartonmodell nach.<\/p>\n<p>Um die Schuhkartons zu bauen, erhielten die Sch\u00fclerinnen und Sch\u00fcler vorbereitende Arbeitsbl\u00e4tter mit Informationen zu den R\u00e4umlichkeiten und passenden Textstellen aus Anne Franks Tagebuch, die sie zun\u00e4chst bearbeiteten. Zus\u00e4tzlich bekamen sie einen Link, mit dem sie das Hinterhaus in einer 3D-Darstellung erkunden konnten. Dadurch lie\u00df sich genau erkennen, wo sich welche R\u00e4ume befanden und wie sie aussahen.<\/p>\n<p>Nachgebaut wurden der B\u00fccherschrank und der Waschraum, Anne Franks Zimmer sowie das Zimmer der Familie Frank, das Zimmer der Familie Van Pels, Peter Van Pels&#8216; Zimmer und der Dachboden. Anschlie\u00dfend pr\u00e4sentierten sich die Lernenden ihre Ergebnisse und erkl\u00e4rten Details zu den einzelnen R\u00e4umen. So erfuhren sie zum Beispiel, welche Spiele die Familien im Hinterhaus spielten, welches das so genannte \u201eDurchgangszimmer war\u201c, welche Filmstars als Poster in Anne Franks Zimmer hingen und warum der Dachboden unbewohnt blieb.<\/p>\n<p><img decoding=\"async\" class=\"alignnone size-medium wp-image-18018\" src=\"http:\/\/altgsgrebenstein.de\/wp-content\/uploads\/2025\/04\/IMG_8725-225x300.jpeg\" alt=\"\" width=\"225\" height=\"300\" srcset=\"https:\/\/altgsgrebenstein.de\/wp-content\/uploads\/2025\/04\/IMG_8725-225x300.jpeg 225w, https:\/\/altgsgrebenstein.de\/wp-content\/uploads\/2025\/04\/IMG_8725-768x1024.jpeg 768w, https:\/\/altgsgrebenstein.de\/wp-content\/uploads\/2025\/04\/IMG_8725-1152x1536.jpeg 1152w, https:\/\/altgsgrebenstein.de\/wp-content\/uploads\/2025\/04\/IMG_8725-1536x2048.jpeg 1536w, https:\/\/altgsgrebenstein.de\/wp-content\/uploads\/2025\/04\/IMG_8725-scaled.jpeg 1920w\" sizes=\"(max-width: 225px) 100vw, 225px\" \/><img decoding=\"async\" class=\"alignnone size-medium wp-image-18016\" src=\"http:\/\/altgsgrebenstein.de\/wp-content\/uploads\/2025\/04\/IMG_8723-225x300.jpeg\" alt=\"\" width=\"225\" height=\"300\" srcset=\"https:\/\/altgsgrebenstein.de\/wp-content\/uploads\/2025\/04\/IMG_8723-225x300.jpeg 225w, https:\/\/altgsgrebenstein.de\/wp-content\/uploads\/2025\/04\/IMG_8723-768x1024.jpeg 768w, https:\/\/altgsgrebenstein.de\/wp-content\/uploads\/2025\/04\/IMG_8723-1152x1536.jpeg 1152w, https:\/\/altgsgrebenstein.de\/wp-content\/uploads\/2025\/04\/IMG_8723-1536x2048.jpeg 1536w, https:\/\/altgsgrebenstein.de\/wp-content\/uploads\/2025\/04\/IMG_8723-scaled.jpeg 1920w\" sizes=\"(max-width: 225px) 100vw, 225px\" \/><img decoding=\"async\" class=\"alignnone size-medium wp-image-18017\" src=\"http:\/\/altgsgrebenstein.de\/wp-content\/uploads\/2025\/04\/IMG_8724-225x300.jpeg\" alt=\"\" width=\"225\" height=\"300\" srcset=\"https:\/\/altgsgrebenstein.de\/wp-content\/uploads\/2025\/04\/IMG_8724-225x300.jpeg 225w, https:\/\/altgsgrebenstein.de\/wp-content\/uploads\/2025\/04\/IMG_8724-768x1024.jpeg 768w, https:\/\/altgsgrebenstein.de\/wp-content\/uploads\/2025\/04\/IMG_8724-1152x1536.jpeg 1152w, https:\/\/altgsgrebenstein.de\/wp-content\/uploads\/2025\/04\/IMG_8724-1536x2048.jpeg 1536w, https:\/\/altgsgrebenstein.de\/wp-content\/uploads\/2025\/04\/IMG_8724-scaled.jpeg 1920w\" sizes=\"(max-width: 225px) 100vw, 225px\" \/><img decoding=\"async\" class=\"alignnone size-medium wp-image-18019\" src=\"http:\/\/altgsgrebenstein.de\/wp-content\/uploads\/2025\/04\/IMG_8726-225x300.jpeg\" alt=\"\" width=\"225\" height=\"300\" srcset=\"https:\/\/altgsgrebenstein.de\/wp-content\/uploads\/2025\/04\/IMG_8726-225x300.jpeg 225w, https:\/\/altgsgrebenstein.de\/wp-content\/uploads\/2025\/04\/IMG_8726-768x1024.jpeg 768w, https:\/\/altgsgrebenstein.de\/wp-content\/uploads\/2025\/04\/IMG_8726-1152x1536.jpeg 1152w, https:\/\/altgsgrebenstein.de\/wp-content\/uploads\/2025\/04\/IMG_8726-1536x2048.jpeg 1536w, https:\/\/altgsgrebenstein.de\/wp-content\/uploads\/2025\/04\/IMG_8726-scaled.jpeg 1920w\" sizes=\"(max-width: 225px) 100vw, 225px\" \/><img decoding=\"async\" class=\"size-medium wp-image-18020 aligncenter\" src=\"http:\/\/altgsgrebenstein.de\/wp-content\/uploads\/2025\/04\/IMG_8727-225x300.jpeg\" alt=\"\" width=\"225\" height=\"300\" srcset=\"https:\/\/altgsgrebenstein.de\/wp-content\/uploads\/2025\/04\/IMG_8727-225x300.jpeg 225w, https:\/\/altgsgrebenstein.de\/wp-content\/uploads\/2025\/04\/IMG_8727-768x1024.jpeg 768w, https:\/\/altgsgrebenstein.de\/wp-content\/uploads\/2025\/04\/IMG_8727-1152x1536.jpeg 1152w, https:\/\/altgsgrebenstein.de\/wp-content\/uploads\/2025\/04\/IMG_8727-1536x2048.jpeg 1536w, https:\/\/altgsgrebenstein.de\/wp-content\/uploads\/2025\/04\/IMG_8727-scaled.jpeg 1920w\" sizes=\"(max-width: 225px) 100vw, 225px\" \/><\/p>\n<p>Au\u00dferdem nutzte die Klasse die \u201eWDR AR 1933-1945\u201c- App, um mehr \u00fcber Anne Franks Freundinnen Hannah Elisabeth Goslar und Jacqueline van Maarsen sowie deren Schicksale w\u00e4hrend des Holocausts zu erfahren. Hierzu arbeiteten sie in Gruppen, die sich mit Interviews mit den beiden Zeitzeuginnen besch\u00e4ftigten und Fragen dazu beantworteten. Sie lernten, wie die Freundinnen Anne nach ihrer Deportation suchten, erfuhren, dass Anne ein lebensfroher und nachdenklicher Mensch war und wie sie schlie\u00dflich im Konzentrationslager Bergen-Belsen ums Leben kam.<\/p>\n<p><img decoding=\"async\" class=\"size-medium wp-image-18014 aligncenter\" src=\"http:\/\/altgsgrebenstein.de\/wp-content\/uploads\/2025\/04\/IMG_2978-300x166.jpeg\" alt=\"\" width=\"300\" height=\"166\" srcset=\"https:\/\/altgsgrebenstein.de\/wp-content\/uploads\/2025\/04\/IMG_2978-300x166.jpeg 300w, https:\/\/altgsgrebenstein.de\/wp-content\/uploads\/2025\/04\/IMG_2978-1024x568.jpeg 1024w, https:\/\/altgsgrebenstein.de\/wp-content\/uploads\/2025\/04\/IMG_2978-768x426.jpeg 768w, https:\/\/altgsgrebenstein.de\/wp-content\/uploads\/2025\/04\/IMG_2978-1536x852.jpeg 1536w, https:\/\/altgsgrebenstein.de\/wp-content\/uploads\/2025\/04\/IMG_2978.jpeg 1619w\" sizes=\"(max-width: 300px) 100vw, 300px\" \/><\/p>\n<p>Doch genug von der Vorbereitung &#8211; jetzt zum Film:<\/p>\n<p>Der Film erz\u00e4hlt die Geschichte von Kitty, der imagin\u00e4ren Tagebuchfreundin Anne Franks, die aus den Tagebuchseiten in die reale Welt tritt. Zun\u00e4chst ist sie verwirrt und versteht nicht, dass sie sich in der heutigen Zeit befindet. Sie denkt, dass sie unsichtbar ist, bis sie bemerkt, dass die Polizei sie verfolgt, weil sie das Tagebuch aus dem Anne-Frank-Haus mitgenommen hat. Als sie erkennt, dass Anne nicht mehr lebt, will sie herausfinden, was mit ihr passiert ist. Auf ihrer Flucht begegnet sie einem Jungen, Peter, der ihr hilft, und lernt mehr \u00fcber das Schicksal von Anne. Der Film verbindet Annes Geschichte mit der heutigen Fl\u00fcchtlingsthematik und kritisiert, dass es nicht ausreicht Denkm\u00e4ler, wie das Anne-Frank-Haus oder das Anne-Frank-Theater zu errichten, sondern Demokratie und N\u00e4chstenliebe im Alltag zu leben.<\/p>\n<p><img decoding=\"async\" class=\"size-full wp-image-18022 aligncenter\" src=\"http:\/\/altgsgrebenstein.de\/wp-content\/uploads\/2025\/04\/IMG_2985.jpeg\" alt=\"\" width=\"300\" height=\"168\" \/><\/p>\n<p>Die Meinungen der Klasse waren zun\u00e4chst geteilt, doch am Ende war das Fazit gr\u00f6\u00dftenteils positiv. Einige bem\u00e4ngelten, dass die Zeitebenenwechsel verwirrend waren, andere fanden gerade das spannend. Besonders positiv wurde bewertet, dass der Film Annes Geschichte mit aktuellen Themen verkn\u00fcpft und jungen Menschen die M\u00f6glichkeit gibt, sich mit der Vergangenheit auseinanderzusetzen. Auch die Botschaft, sich nicht nur Denkm\u00e4ler zu bauen, sondern Demokratie und N\u00e4chstenliebe auch zu leben, erschien vielen sehr wichtig angesichts aktueller politischer Ereignisse.<\/p>\n<p>(Klasse G8a)<\/p>\n","protected":false},"excerpt":{"rendered":"<p>Am 27.03.25 war die Klasse G8a mit ihrer Klassenlehrerin Nina Gilfert im Cineplex in Kassel und sah den Animationsfilm &#8222;Wo ist Anne Frank?&#8220; des israelischen Regisseurs Ari Folman, der im Rahmen der \u201eSchulkinowochen\u201c ausgestrahlt wurde. In den Wochen vor dem Kinobesuch hatte sich die Klasse mit verschiedenen Aufgaben auf den Film vorbereitet, z. B. mit &hellip; <a href=\"https:\/\/altgsgrebenstein.de\/?p=18013\" class=\"more-link\"><span class=\"screen-reader-text\">\u201cWo ist Anne Frank?\u201c- Ausbruch aus dem Museum<\/span> weiterlesen <span class=\"meta-nav\">&rarr;<\/span><\/a><\/p>\n","protected":false},"author":38,"featured_media":0,"comment_status":"closed","ping_status":"closed","sticky":false,"template":"","format":"standard","meta":{"saved_in_kubio":false,"footnotes":""},"categories":[1],"tags":[],"class_list":["post-18013","post","type-post","status-publish","format-standard","hentry","category-uncategorized"],"_links":{"self":[{"href":"https:\/\/altgsgrebenstein.de\/index.php?rest_route=\/wp\/v2\/posts\/18013","targetHints":{"allow":["GET"]}}],"collection":[{"href":"https:\/\/altgsgrebenstein.de\/index.php?rest_route=\/wp\/v2\/posts"}],"about":[{"href":"https:\/\/altgsgrebenstein.de\/index.php?rest_route=\/wp\/v2\/types\/post"}],"author":[{"embeddable":true,"href":"https:\/\/altgsgrebenstein.de\/index.php?rest_route=\/wp\/v2\/users\/38"}],"replies":[{"embeddable":true,"href":"https:\/\/altgsgrebenstein.de\/index.php?rest_route=%2Fwp%2Fv2%2Fcomments&post=18013"}],"version-history":[{"count":1,"href":"https:\/\/altgsgrebenstein.de\/index.php?rest_route=\/wp\/v2\/posts\/18013\/revisions"}],"predecessor-version":[{"id":18023,"href":"https:\/\/altgsgrebenstein.de\/index.php?rest_route=\/wp\/v2\/posts\/18013\/revisions\/18023"}],"wp:attachment":[{"href":"https:\/\/altgsgrebenstein.de\/index.php?rest_route=%2Fwp%2Fv2%2Fmedia&parent=18013"}],"wp:term":[{"taxonomy":"category","embeddable":true,"href":"https:\/\/altgsgrebenstein.de\/index.php?rest_route=%2Fwp%2Fv2%2Fcategories&post=18013"},{"taxonomy":"post_tag","embeddable":true,"href":"https:\/\/altgsgrebenstein.de\/index.php?rest_route=%2Fwp%2Fv2%2Ftags&post=18013"}],"curies":[{"name":"wp","href":"https:\/\/api.w.org\/{rel}","templated":true}]}}