{"id":17997,"date":"2025-03-29T15:48:27","date_gmt":"2025-03-29T14:48:27","guid":{"rendered":"http:\/\/altgsgrebenstein.de\/?p=17997"},"modified":"2025-04-05T16:13:45","modified_gmt":"2025-04-05T15:13:45","slug":"besuch-bei-ferrari-eberlein","status":"publish","type":"post","link":"https:\/\/altgsgrebenstein.de\/?p=17997","title":{"rendered":"Besuch bei Ferrari Eberlein"},"content":{"rendered":"<p style=\"font-weight: 400; text-align: left;\">Zukunftstag zum Beruf des KFZ-Mechatroniker<\/p>\n<p style=\"font-weight: 400; text-align: left;\">Am 29.03.2025 hatten sechs Sch\u00fcler der Heinrich-Grupe-Schule die M\u00f6glichkeit an einem exklusiven Zukunftstag bei der Firma Ferrari Eberlein in Kassel teilzunehmen.<\/p>\n<p style=\"font-weight: 400; text-align: left;\"><!--more--><\/p>\n<p><img decoding=\"async\" class=\"alignnone size-medium wp-image-17998\" src=\"http:\/\/altgsgrebenstein.de\/wp-content\/uploads\/2025\/04\/Gruppenbild-Ferrari-300x184.jpg\" alt=\"\" width=\"300\" height=\"184\" srcset=\"https:\/\/altgsgrebenstein.de\/wp-content\/uploads\/2025\/04\/Gruppenbild-Ferrari-300x184.jpg 300w, https:\/\/altgsgrebenstein.de\/wp-content\/uploads\/2025\/04\/Gruppenbild-Ferrari-1024x627.jpg 1024w, https:\/\/altgsgrebenstein.de\/wp-content\/uploads\/2025\/04\/Gruppenbild-Ferrari-768x470.jpg 768w, https:\/\/altgsgrebenstein.de\/wp-content\/uploads\/2025\/04\/Gruppenbild-Ferrari-1536x940.jpg 1536w, https:\/\/altgsgrebenstein.de\/wp-content\/uploads\/2025\/04\/Gruppenbild-Ferrari-2048x1253.jpg 2048w\" sizes=\"(max-width: 300px) 100vw, 300px\" \/><\/p>\n<p style=\"font-weight: 400; text-align: left;\">An diesem Tag wurden von 1000 bis 1600 Uhr in drei verschiedenen Workshops, Einblicke in die Aufgabenfelder eines KFZ-Mechatronikers geboten. Dabei ging es unter anderem um die Arbeit in der Werkstatt, den Aufbau von Motoren, Z\u00fcndkerzenwechsel, Reifen und Ventile tauschen und vieles mehr.<\/p>\n<p><img decoding=\"async\" class=\"alignnone size-medium wp-image-17999\" src=\"http:\/\/altgsgrebenstein.de\/wp-content\/uploads\/2025\/04\/Eintreffen-bei-Ferrari-2-300x300.jpg\" alt=\"\" width=\"300\" height=\"300\" srcset=\"https:\/\/altgsgrebenstein.de\/wp-content\/uploads\/2025\/04\/Eintreffen-bei-Ferrari-2-300x300.jpg 300w, https:\/\/altgsgrebenstein.de\/wp-content\/uploads\/2025\/04\/Eintreffen-bei-Ferrari-2-1024x1024.jpg 1024w, https:\/\/altgsgrebenstein.de\/wp-content\/uploads\/2025\/04\/Eintreffen-bei-Ferrari-2-150x150.jpg 150w, https:\/\/altgsgrebenstein.de\/wp-content\/uploads\/2025\/04\/Eintreffen-bei-Ferrari-2-768x768.jpg 768w, https:\/\/altgsgrebenstein.de\/wp-content\/uploads\/2025\/04\/Eintreffen-bei-Ferrari-2-1536x1536.jpg 1536w, https:\/\/altgsgrebenstein.de\/wp-content\/uploads\/2025\/04\/Eintreffen-bei-Ferrari-2-2048x2048.jpg 2048w\" sizes=\"(max-width: 300px) 100vw, 300px\" \/><\/p>\n<p style=\"font-weight: 400; text-align: left;\">Zudem lernten die Sch\u00fcler die Welt von Ferrari kennen. Eine Welt in der es nicht nur darum geht, ein Fahrzeug zu warten oder Instand zu setzen. Nein, es geht darum, diese automobilen Sch\u00f6nheiten in ihrem ganzen Glanz und Strahlkraft zu erhalten. Zu sp\u00fcren, welche Leidenschaft in der Entwicklung, Produktion und in der Pflege der Fahrzeuge steckt. Eine enge Bindung zwischen den Kunden, den Fahrzeugen und den Mechaniker aufzubauen und zu pflegen. Dem Kunden, nach jedem Werkstattaufenthalt, das perfekte Fahrerlebnis zu bieten. Sodass er sp\u00fcrt, nicht einfach nur ein Auto zu fahren, sondern einen Ferrari.<\/p>\n<p style=\"font-weight: 400; text-align: left;\"><img decoding=\"async\" class=\"size-medium wp-image-18002 alignleft\" src=\"http:\/\/altgsgrebenstein.de\/wp-content\/uploads\/2025\/04\/IMG_3462-300x200.jpg\" alt=\"\" width=\"300\" height=\"200\" srcset=\"https:\/\/altgsgrebenstein.de\/wp-content\/uploads\/2025\/04\/IMG_3462-300x200.jpg 300w, https:\/\/altgsgrebenstein.de\/wp-content\/uploads\/2025\/04\/IMG_3462-1024x683.jpg 1024w, https:\/\/altgsgrebenstein.de\/wp-content\/uploads\/2025\/04\/IMG_3462-768x512.jpg 768w, https:\/\/altgsgrebenstein.de\/wp-content\/uploads\/2025\/04\/IMG_3462-1536x1024.jpg 1536w, https:\/\/altgsgrebenstein.de\/wp-content\/uploads\/2025\/04\/IMG_3462-2048x1365.jpg 2048w\" sizes=\"(max-width: 300px) 100vw, 300px\" \/>Diesen Eindruck bekamen die Sch\u00fcler bereits beim Eintreten durch die rote T\u00fcr. Alle wurden herzlich empfangen und in Gruppen eingeteilt. Nach einer Begr\u00fc\u00dfung durch den Eigent\u00fcmer der Firma Eberlein, Herrn Peter Enders, durchliefen die Sch\u00fcler jeweils einen Workshop zum Modellbau, zu Werkstatt und Technik und sowie zur Geschichte der Firma Eberlein und der Marke Ferrari.<\/p>\n<p style=\"font-weight: 400; text-align: left;\">Damit alle auch gest\u00e4rkt in den Tag starten konnten, wurde ein reichhaltiges italienisches Fr\u00fchst\u00fcck mit allerlei K\u00f6stlichkeiten aufgebaut. Auch an die Mittagsverpflegung wurde gedacht und f\u00fcr ein italienisches Lebensgef\u00fchl durfte eine Pasta nat\u00fcrlich nicht fehlen.<img decoding=\"async\" class=\"size-medium wp-image-18001 alignleft\" src=\"http:\/\/altgsgrebenstein.de\/wp-content\/uploads\/2025\/04\/IMG_3442-300x200.jpg\" alt=\"\" width=\"300\" height=\"200\" srcset=\"https:\/\/altgsgrebenstein.de\/wp-content\/uploads\/2025\/04\/IMG_3442-300x200.jpg 300w, https:\/\/altgsgrebenstein.de\/wp-content\/uploads\/2025\/04\/IMG_3442-1024x683.jpg 1024w, https:\/\/altgsgrebenstein.de\/wp-content\/uploads\/2025\/04\/IMG_3442-768x512.jpg 768w, https:\/\/altgsgrebenstein.de\/wp-content\/uploads\/2025\/04\/IMG_3442-1536x1024.jpg 1536w, https:\/\/altgsgrebenstein.de\/wp-content\/uploads\/2025\/04\/IMG_3442-2048x1365.jpg 2048w\" sizes=\"(max-width: 300px) 100vw, 300px\" \/><\/p>\n<p style=\"font-weight: 400; text-align: left;\">Nachdem die Sch\u00fcler eine Menge \u00fcber die Marke Ferrari, die Firma Eberlein, \u00fcber die Technik und Geschichte erlebt und gelernt haben, gab es am Ende noch ein Quiz, bei dem Timo M\u00f6bus (R8b) den 1. Platz belegte und eine exklusive Fahrt in einem Ferrari gewann.<\/p>\n<p style=\"font-weight: 400; text-align: left;\">Den 2. Platz belegte mit Finn Reich (R9b) ebenfalls ein Sch\u00fcler der Heinrich-Grupe-Schule.<img decoding=\"async\" class=\"size-medium wp-image-18003 alignleft\" src=\"http:\/\/altgsgrebenstein.de\/wp-content\/uploads\/2025\/04\/Siegerehrung-Ferrari-213x300.jpg\" alt=\"\" width=\"213\" height=\"300\" srcset=\"https:\/\/altgsgrebenstein.de\/wp-content\/uploads\/2025\/04\/Siegerehrung-Ferrari-213x300.jpg 213w, https:\/\/altgsgrebenstein.de\/wp-content\/uploads\/2025\/04\/Siegerehrung-Ferrari.jpg 510w\" sizes=\"(max-width: 213px) 100vw, 213px\" \/><\/p>\n<p style=\"font-weight: 400; text-align: left;\">Am Ende eines aufregenden und ereignisreichen Tages, mit vielen unvergesslichen Momenten, wurde zur Kr\u00f6nung der Motor eines Ferrari gestartet. Ein Ferrari Motor ist nicht nur ein Motor, sondern ein Kunstwerk aus Leidenschaft, Perfektion und Leistung \u2026 und sein Klang kommt einer Symphonie gleich.<img decoding=\"async\" class=\"size-medium wp-image-18000 alignright\" src=\"http:\/\/altgsgrebenstein.de\/wp-content\/uploads\/2025\/04\/F8-300x249.jpg\" alt=\"\" width=\"300\" height=\"249\" srcset=\"https:\/\/altgsgrebenstein.de\/wp-content\/uploads\/2025\/04\/F8-300x249.jpg 300w, https:\/\/altgsgrebenstein.de\/wp-content\/uploads\/2025\/04\/F8-1024x849.jpg 1024w, https:\/\/altgsgrebenstein.de\/wp-content\/uploads\/2025\/04\/F8-768x637.jpg 768w, https:\/\/altgsgrebenstein.de\/wp-content\/uploads\/2025\/04\/F8-1536x1273.jpg 1536w, https:\/\/altgsgrebenstein.de\/wp-content\/uploads\/2025\/04\/F8-2048x1698.jpg 2048w\" sizes=\"(max-width: 300px) 100vw, 300px\" \/><\/p>\n<p style=\"font-weight: 400; text-align: left;\">Mit diesen Kl\u00e4ngen im Ohr ging es wieder auf die Heimreise. An diesen Tag werden die Sch\u00fcler noch lange zur\u00fcckdenken und wir freuen uns bereits auf das n\u00e4chste Jahr beim Zukunftstag von Ferrari Eberlein.<\/p>\n<p style=\"font-weight: 400; text-align: left;\">Sascha Thiele<\/p>\n<p style=\"font-weight: 400; text-align: left;\">\n","protected":false},"excerpt":{"rendered":"<p>Zukunftstag zum Beruf des KFZ-Mechatroniker Am 29.03.2025 hatten sechs Sch\u00fcler der Heinrich-Grupe-Schule die M\u00f6glichkeit an einem exklusiven Zukunftstag bei der Firma Ferrari Eberlein in Kassel teilzunehmen.<\/p>\n","protected":false},"author":33,"featured_media":17998,"comment_status":"closed","ping_status":"closed","sticky":false,"template":"","format":"standard","meta":{"saved_in_kubio":false,"footnotes":""},"categories":[1],"tags":[],"class_list":["post-17997","post","type-post","status-publish","format-standard","has-post-thumbnail","hentry","category-uncategorized"],"_links":{"self":[{"href":"https:\/\/altgsgrebenstein.de\/index.php?rest_route=\/wp\/v2\/posts\/17997","targetHints":{"allow":["GET"]}}],"collection":[{"href":"https:\/\/altgsgrebenstein.de\/index.php?rest_route=\/wp\/v2\/posts"}],"about":[{"href":"https:\/\/altgsgrebenstein.de\/index.php?rest_route=\/wp\/v2\/types\/post"}],"author":[{"embeddable":true,"href":"https:\/\/altgsgrebenstein.de\/index.php?rest_route=\/wp\/v2\/users\/33"}],"replies":[{"embeddable":true,"href":"https:\/\/altgsgrebenstein.de\/index.php?rest_route=%2Fwp%2Fv2%2Fcomments&post=17997"}],"version-history":[{"count":4,"href":"https:\/\/altgsgrebenstein.de\/index.php?rest_route=\/wp\/v2\/posts\/17997\/revisions"}],"predecessor-version":[{"id":18007,"href":"https:\/\/altgsgrebenstein.de\/index.php?rest_route=\/wp\/v2\/posts\/17997\/revisions\/18007"}],"wp:featuredmedia":[{"embeddable":true,"href":"https:\/\/altgsgrebenstein.de\/index.php?rest_route=\/wp\/v2\/media\/17998"}],"wp:attachment":[{"href":"https:\/\/altgsgrebenstein.de\/index.php?rest_route=%2Fwp%2Fv2%2Fmedia&parent=17997"}],"wp:term":[{"taxonomy":"category","embeddable":true,"href":"https:\/\/altgsgrebenstein.de\/index.php?rest_route=%2Fwp%2Fv2%2Fcategories&post=17997"},{"taxonomy":"post_tag","embeddable":true,"href":"https:\/\/altgsgrebenstein.de\/index.php?rest_route=%2Fwp%2Fv2%2Ftags&post=17997"}],"curies":[{"name":"wp","href":"https:\/\/api.w.org\/{rel}","templated":true}]}}