{"id":17968,"date":"2025-04-05T01:11:19","date_gmt":"2025-04-05T00:11:19","guid":{"rendered":"http:\/\/altgsgrebenstein.de\/?p=17968"},"modified":"2025-08-08T00:59:03","modified_gmt":"2025-08-07T23:59:03","slug":"kulturpausen-begeistern-erneut-zuschauer","status":"publish","type":"post","link":"https:\/\/altgsgrebenstein.de\/?p=17968","title":{"rendered":"Kulturpausen begeistern erneut Zuschauer"},"content":{"rendered":"<p style=\"text-align: justify;\">Kurz vor den Osterferien fungierten erneut zwei Kulturpausen als Zuschauermagnete: Am Dienstagmittag wurde der Schulhof vor der Mensa bei strahlendem Sonnenschein zur B\u00fchne, als in einer schul\u00fcbergreifenden Kulturpause die Tanz-AG der benachbarten Burgbergschule ihren ersten Auftritt des Tages hatte. <!--more--><\/p>\n<p>&nbsp;<\/p>\n<p style=\"text-align: justify;\"><img decoding=\"async\" class=\"alignnone size-medium wp-image-18010\" src=\"http:\/\/altgsgrebenstein.de\/wp-content\/uploads\/2025\/04\/1000086132-1-300x225.jpg\" alt=\"\" width=\"300\" height=\"225\" srcset=\"https:\/\/altgsgrebenstein.de\/wp-content\/uploads\/2025\/04\/1000086132-1-300x225.jpg 300w, https:\/\/altgsgrebenstein.de\/wp-content\/uploads\/2025\/04\/1000086132-1-1024x768.jpg 1024w, https:\/\/altgsgrebenstein.de\/wp-content\/uploads\/2025\/04\/1000086132-1-768x576.jpg 768w, https:\/\/altgsgrebenstein.de\/wp-content\/uploads\/2025\/04\/1000086132-1-1536x1152.jpg 1536w, https:\/\/altgsgrebenstein.de\/wp-content\/uploads\/2025\/04\/1000086132-1.jpg 1600w\" sizes=\"(max-width: 300px) 100vw, 300px\" \/><\/p>\n<p style=\"text-align: justify;\">Die AG unter Leitung von BBS-Lehrerin Laura Schallert ist seit ihrem Debut-Auftritt kurz vor den Weihnachtsferien noch einmal deutlich angewachsen, und so erfreuten dieses Mal ca. 30 Kinder der Jahrgangsstufen 1 bis 4 ausdrucksstark die ca. 350 Zuschauerinnen und Zuschauer beider Schulen.<\/p>\n<div style=\"width: 604px;\" class=\"wp-video\"><!--[if lt IE 9]><script>document.createElement('video');<\/script><![endif]-->\n<video class=\"wp-video-shortcode\" id=\"video-17968-1\" width=\"604\" height=\"453\" preload=\"metadata\" controls=\"controls\"><source type=\"video\/mp4\" src=\"http:\/\/altgsgrebenstein.de\/wp-content\/uploads\/2025\/04\/Kulturpause_HGS_01_04_25.mp4?_=1\" \/><a href=\"http:\/\/altgsgrebenstein.de\/wp-content\/uploads\/2025\/04\/Kulturpause_HGS_01_04_25.mp4\">http:\/\/altgsgrebenstein.de\/wp-content\/uploads\/2025\/04\/Kulturpause_HGS_01_04_25.mp4<\/a><\/video><\/div>\n<p style=\"text-align: justify;\">Gro\u00df war danach auch die Freude \u00fcber die Darbietung der Klasse G6b, die sich bereit erkl\u00e4rt hatte, ihren vielgefeierten Auftritt vom Fr\u00fchlingsfest unter freiem Himmel zu wiederholen. Mit spektakul\u00e4ren Soloeinlagen und Figuren \u00fcberzeugte die Klasse \u2013 betreut von ihrer Sportlehrerin Frauke Lackner \u2013 mit viel Zwischenapplaus auch dieses Mal auf ganzer Linie, lautstark angefeuert von den die Tanzfl\u00e4che einrahmenden Sch\u00fclerinnen und Sch\u00fclern.<\/p>\n<p><img decoding=\"async\" class=\"alignnone size-full wp-image-17969\" src=\"http:\/\/altgsgrebenstein.de\/wp-content\/uploads\/2025\/04\/IMG_2076.jpg\" alt=\"\" width=\"1280\" height=\"960\" srcset=\"https:\/\/altgsgrebenstein.de\/wp-content\/uploads\/2025\/04\/IMG_2076.jpg 1280w, https:\/\/altgsgrebenstein.de\/wp-content\/uploads\/2025\/04\/IMG_2076-300x225.jpg 300w, https:\/\/altgsgrebenstein.de\/wp-content\/uploads\/2025\/04\/IMG_2076-1024x768.jpg 1024w, https:\/\/altgsgrebenstein.de\/wp-content\/uploads\/2025\/04\/IMG_2076-768x576.jpg 768w\" sizes=\"(max-width: 1280px) 100vw, 1280px\" \/><\/p>\n<p style=\"text-align: justify;\">Zum Abschluss setzte noch einmal die Tanz-AG der Burgbergschule ein starkes Zeichen f\u00fcr das wichtige Thema Umweltschutz, indem sie lautstark zur Titelmusik des aktuellen Kinofilms \u201eDie Schule der magischen Tiere 3\u201c tanzten. Der Soundtrack \u201eHalt, das ist unser Wald!\u201c versteht sich als Pl\u00e4doyer f\u00fcr einen bewussten Umgang mit dem Lebensraum Wald und m\u00f6chte f\u00fcr den Schutz der Natur sensibilisieren \u2013 Themen, die beiden Schulen am Herzen liegen.<\/p>\n<p style=\"text-align: justify;\"><img decoding=\"async\" class=\"alignnone size-full wp-image-17972\" src=\"http:\/\/altgsgrebenstein.de\/wp-content\/uploads\/2025\/04\/1000086135.jpg\" alt=\"\" width=\"1300\" height=\"739\" srcset=\"https:\/\/altgsgrebenstein.de\/wp-content\/uploads\/2025\/04\/1000086135.jpg 1300w, https:\/\/altgsgrebenstein.de\/wp-content\/uploads\/2025\/04\/1000086135-300x171.jpg 300w, https:\/\/altgsgrebenstein.de\/wp-content\/uploads\/2025\/04\/1000086135-1024x582.jpg 1024w, https:\/\/altgsgrebenstein.de\/wp-content\/uploads\/2025\/04\/1000086135-768x437.jpg 768w\" sizes=\"(max-width: 1300px) 100vw, 1300px\" \/><\/p>\n<p style=\"text-align: justify;\">Bereits einen Tag sp\u00e4ter luden die Teilnehmenden des Schwerpunktbandes Musik der Jahrgangsstufe 5 sowie die Klasse F5b zu einer weiteren Kulturpause in die Alte Aula ein. Unter dem Titel \u201eRockig Richtung Ostern\u201c zeigten beide Gruppen unter der Leitung von Musiklehrer Jonathan Kunz, was sie in den zur\u00fcckliegenden Wochen in ihrem jeweiligen Unterricht erarbeitet hatten.<\/p>\n<p><img decoding=\"async\" class=\"alignnone size-full wp-image-17973\" src=\"http:\/\/altgsgrebenstein.de\/wp-content\/uploads\/2025\/04\/20250402_113504-scaled.jpg\" alt=\"\" width=\"2560\" height=\"1658\" srcset=\"https:\/\/altgsgrebenstein.de\/wp-content\/uploads\/2025\/04\/20250402_113504-scaled.jpg 2560w, https:\/\/altgsgrebenstein.de\/wp-content\/uploads\/2025\/04\/20250402_113504-300x194.jpg 300w, https:\/\/altgsgrebenstein.de\/wp-content\/uploads\/2025\/04\/20250402_113504-1024x663.jpg 1024w, https:\/\/altgsgrebenstein.de\/wp-content\/uploads\/2025\/04\/20250402_113504-768x497.jpg 768w, https:\/\/altgsgrebenstein.de\/wp-content\/uploads\/2025\/04\/20250402_113504-1536x995.jpg 1536w, https:\/\/altgsgrebenstein.de\/wp-content\/uploads\/2025\/04\/20250402_113504-2048x1326.jpg 2048w\" sizes=\"(max-width: 2560px) 100vw, 2560px\" \/><\/p>\n<table style=\"border-collapse: collapse; width: 100%;\">\n<tbody>\n<tr>\n<td style=\"width: 63.1148%;\"><img decoding=\"async\" class=\"alignnone wp-image-17979\" src=\"http:\/\/altgsgrebenstein.de\/wp-content\/uploads\/2025\/04\/20250402_113655-scaled.jpg\" alt=\"\" width=\"296\" height=\"222\" srcset=\"https:\/\/altgsgrebenstein.de\/wp-content\/uploads\/2025\/04\/20250402_113655-scaled.jpg 2560w, https:\/\/altgsgrebenstein.de\/wp-content\/uploads\/2025\/04\/20250402_113655-300x225.jpg 300w, https:\/\/altgsgrebenstein.de\/wp-content\/uploads\/2025\/04\/20250402_113655-1024x768.jpg 1024w, https:\/\/altgsgrebenstein.de\/wp-content\/uploads\/2025\/04\/20250402_113655-768x576.jpg 768w, https:\/\/altgsgrebenstein.de\/wp-content\/uploads\/2025\/04\/20250402_113655-1536x1152.jpg 1536w, https:\/\/altgsgrebenstein.de\/wp-content\/uploads\/2025\/04\/20250402_113655-2048x1536.jpg 2048w\" sizes=\"(max-width: 296px) 100vw, 296px\" \/><\/td>\n<td style=\"width: 36.8852%;\"><img decoding=\"async\" class=\"alignnone size-full wp-image-17980\" src=\"http:\/\/altgsgrebenstein.de\/wp-content\/uploads\/2025\/04\/20250402_113704-scaled.jpg\" alt=\"\" width=\"1920\" height=\"2560\" srcset=\"https:\/\/altgsgrebenstein.de\/wp-content\/uploads\/2025\/04\/20250402_113704-scaled.jpg 1920w, https:\/\/altgsgrebenstein.de\/wp-content\/uploads\/2025\/04\/20250402_113704-225x300.jpg 225w, https:\/\/altgsgrebenstein.de\/wp-content\/uploads\/2025\/04\/20250402_113704-768x1024.jpg 768w, https:\/\/altgsgrebenstein.de\/wp-content\/uploads\/2025\/04\/20250402_113704-1152x1536.jpg 1152w, https:\/\/altgsgrebenstein.de\/wp-content\/uploads\/2025\/04\/20250402_113704-1536x2048.jpg 1536w\" sizes=\"(max-width: 1920px) 100vw, 1920px\" \/><\/td>\n<\/tr>\n<\/tbody>\n<\/table>\n<p style=\"text-align: justify;\">Die gut 80 G\u00e4ste \u2013 darunter erfreulicherweise auch einige Eltern \u2013 wurden dabei insbesondere auch von engagierten S\u00e4ngerinnen und S\u00e4ngern \u00fcberrascht, die zuk\u00fcnftig vielleicht auch einmal den Weg in die schuleigene Band finden k\u00f6nnten.<\/p>\n<table style=\"border-collapse: collapse; width: 100%;\">\n<tbody>\n<tr>\n<td style=\"width: 64.3442%;\"><img decoding=\"async\" class=\" wp-image-17976 alignnone\" src=\"http:\/\/altgsgrebenstein.de\/wp-content\/uploads\/2025\/04\/20250402_114238-scaled.jpg\" alt=\"\" width=\"303\" height=\"404\" srcset=\"https:\/\/altgsgrebenstein.de\/wp-content\/uploads\/2025\/04\/20250402_114238-scaled.jpg 1920w, https:\/\/altgsgrebenstein.de\/wp-content\/uploads\/2025\/04\/20250402_114238-225x300.jpg 225w, https:\/\/altgsgrebenstein.de\/wp-content\/uploads\/2025\/04\/20250402_114238-768x1024.jpg 768w, https:\/\/altgsgrebenstein.de\/wp-content\/uploads\/2025\/04\/20250402_114238-1152x1536.jpg 1152w, https:\/\/altgsgrebenstein.de\/wp-content\/uploads\/2025\/04\/20250402_114238-1536x2048.jpg 1536w\" sizes=\"(max-width: 303px) 100vw, 303px\" \/><\/td>\n<td style=\"width: 35.6558%;\"><img decoding=\"async\" class=\"wp-image-17977 aligncenter\" src=\"http:\/\/altgsgrebenstein.de\/wp-content\/uploads\/2025\/04\/20250402_114257-1-scaled.jpg\" alt=\"\" width=\"161\" height=\"403\" srcset=\"https:\/\/altgsgrebenstein.de\/wp-content\/uploads\/2025\/04\/20250402_114257-1-scaled.jpg 1021w, https:\/\/altgsgrebenstein.de\/wp-content\/uploads\/2025\/04\/20250402_114257-1-120x300.jpg 120w, https:\/\/altgsgrebenstein.de\/wp-content\/uploads\/2025\/04\/20250402_114257-1-409x1024.jpg 409w, https:\/\/altgsgrebenstein.de\/wp-content\/uploads\/2025\/04\/20250402_114257-1-768x1925.jpg 768w, https:\/\/altgsgrebenstein.de\/wp-content\/uploads\/2025\/04\/20250402_114257-1-613x1536.jpg 613w, https:\/\/altgsgrebenstein.de\/wp-content\/uploads\/2025\/04\/20250402_114257-1-817x2048.jpg 817w\" sizes=\"(max-width: 161px) 100vw, 161px\" \/><\/td>\n<\/tr>\n<\/tbody>\n<\/table>\n<p><img decoding=\"async\" class=\"alignnone size-full wp-image-17975\" src=\"http:\/\/altgsgrebenstein.de\/wp-content\/uploads\/2025\/04\/20250402_114141-scaled.jpg\" alt=\"\" width=\"2560\" height=\"1920\" srcset=\"https:\/\/altgsgrebenstein.de\/wp-content\/uploads\/2025\/04\/20250402_114141-scaled.jpg 2560w, https:\/\/altgsgrebenstein.de\/wp-content\/uploads\/2025\/04\/20250402_114141-300x225.jpg 300w, https:\/\/altgsgrebenstein.de\/wp-content\/uploads\/2025\/04\/20250402_114141-1024x768.jpg 1024w, https:\/\/altgsgrebenstein.de\/wp-content\/uploads\/2025\/04\/20250402_114141-768x576.jpg 768w, https:\/\/altgsgrebenstein.de\/wp-content\/uploads\/2025\/04\/20250402_114141-1536x1152.jpg 1536w, https:\/\/altgsgrebenstein.de\/wp-content\/uploads\/2025\/04\/20250402_114141-2048x1536.jpg 2048w\" sizes=\"(max-width: 2560px) 100vw, 2560px\" \/><\/p>\n<p style=\"text-align: justify;\">Aktuell trugen beide Ensembles mit ihren Darbietungen jedoch vor allem dazu bei, dass alle Anwesenden nach dieser Kulturpause gut gelaunt (und manchmal auch Melodien der aufgef\u00fchrten St\u00fccke summend!) in den Unterricht zur\u00fcckkehrten.<\/p>\n<p style=\"text-align: justify;\">\u00a0<img decoding=\"async\" class=\"alignnone size-full wp-image-17978\" src=\"http:\/\/altgsgrebenstein.de\/wp-content\/uploads\/2025\/04\/20250402_113754-scaled.jpg\" alt=\"\" width=\"2560\" height=\"941\" srcset=\"https:\/\/altgsgrebenstein.de\/wp-content\/uploads\/2025\/04\/20250402_113754-scaled.jpg 2560w, https:\/\/altgsgrebenstein.de\/wp-content\/uploads\/2025\/04\/20250402_113754-300x110.jpg 300w, https:\/\/altgsgrebenstein.de\/wp-content\/uploads\/2025\/04\/20250402_113754-1024x376.jpg 1024w, https:\/\/altgsgrebenstein.de\/wp-content\/uploads\/2025\/04\/20250402_113754-768x282.jpg 768w, https:\/\/altgsgrebenstein.de\/wp-content\/uploads\/2025\/04\/20250402_113754-1536x564.jpg 1536w, https:\/\/altgsgrebenstein.de\/wp-content\/uploads\/2025\/04\/20250402_113754-2048x753.jpg 2048w\" sizes=\"(max-width: 2560px) 100vw, 2560px\" \/><\/p>\n<p style=\"text-align: justify;\">An dieser Stelle danken wir noch einmal allen Aktiven f\u00fcr ihr Engagement im Rahmen der beiden Kulturpausen: Ihr habt unseren Schulalltag in jedem Fall bereichert und uns sehr sch\u00f6ne Momente geschenkt! Wir freuen uns auf ein Wiedersehen nach den Osterferien\u2026<\/p>\n<p>WD<\/p>\n","protected":false},"excerpt":{"rendered":"<p>Kurz vor den Osterferien fungierten erneut zwei Kulturpausen als Zuschauermagnete: Am Dienstagmittag wurde der Schulhof vor der Mensa bei strahlendem Sonnenschein zur B\u00fchne, als in einer schul\u00fcbergreifenden Kulturpause die Tanz-AG der benachbarten Burgbergschule ihren ersten Auftritt des Tages hatte.<\/p>\n","protected":false},"author":22,"featured_media":18010,"comment_status":"closed","ping_status":"closed","sticky":false,"template":"","format":"standard","meta":{"saved_in_kubio":false,"footnotes":""},"categories":[1],"tags":[],"class_list":["post-17968","post","type-post","status-publish","format-standard","has-post-thumbnail","hentry","category-uncategorized"],"_links":{"self":[{"href":"https:\/\/altgsgrebenstein.de\/index.php?rest_route=\/wp\/v2\/posts\/17968","targetHints":{"allow":["GET"]}}],"collection":[{"href":"https:\/\/altgsgrebenstein.de\/index.php?rest_route=\/wp\/v2\/posts"}],"about":[{"href":"https:\/\/altgsgrebenstein.de\/index.php?rest_route=\/wp\/v2\/types\/post"}],"author":[{"embeddable":true,"href":"https:\/\/altgsgrebenstein.de\/index.php?rest_route=\/wp\/v2\/users\/22"}],"replies":[{"embeddable":true,"href":"https:\/\/altgsgrebenstein.de\/index.php?rest_route=%2Fwp%2Fv2%2Fcomments&post=17968"}],"version-history":[{"count":7,"href":"https:\/\/altgsgrebenstein.de\/index.php?rest_route=\/wp\/v2\/posts\/17968\/revisions"}],"predecessor-version":[{"id":18493,"href":"https:\/\/altgsgrebenstein.de\/index.php?rest_route=\/wp\/v2\/posts\/17968\/revisions\/18493"}],"wp:featuredmedia":[{"embeddable":true,"href":"https:\/\/altgsgrebenstein.de\/index.php?rest_route=\/wp\/v2\/media\/18010"}],"wp:attachment":[{"href":"https:\/\/altgsgrebenstein.de\/index.php?rest_route=%2Fwp%2Fv2%2Fmedia&parent=17968"}],"wp:term":[{"taxonomy":"category","embeddable":true,"href":"https:\/\/altgsgrebenstein.de\/index.php?rest_route=%2Fwp%2Fv2%2Fcategories&post=17968"},{"taxonomy":"post_tag","embeddable":true,"href":"https:\/\/altgsgrebenstein.de\/index.php?rest_route=%2Fwp%2Fv2%2Ftags&post=17968"}],"curies":[{"name":"wp","href":"https:\/\/api.w.org\/{rel}","templated":true}]}}