{"id":17954,"date":"2025-04-02T15:21:24","date_gmt":"2025-04-02T14:21:24","guid":{"rendered":"http:\/\/altgsgrebenstein.de\/?p=17954"},"modified":"2025-04-05T15:58:02","modified_gmt":"2025-04-05T14:58:02","slug":"projektbeitrag-zum-geschichtswettbewerb-des-bundespraesidenten","status":"publish","type":"post","link":"https:\/\/altgsgrebenstein.de\/?p=17954","title":{"rendered":"Projektbeitrag zum Geschichtswettbewerb des Bundespr\u00e4sidenten"},"content":{"rendered":"<p style=\"text-align: justify;\">W\u00fcrden Sie 5 Monate freiwillig eine Stunde pro Woche fr\u00fcher zur Schule kommen, um ein Geschichtsprojekt umzusetzen? Zwei Sch\u00fclerinnen der G6b, Hanne Kunz und Annalena Walter, sowie ein Sch\u00fcler der G6a, Ben Schuchardt, haben dies gemacht. <!--more-->5 Monate haben sie an ihrem Beitrag \u201eDie DDR \u2013 ein Alltag nur in Grenzen?\u201c f\u00fcr den Geschichtswettbewerb des Bundespr\u00e4sidenten im Rahmen der Projektgruppe Begabtenf\u00f6rderung der Schule gearbeitet, viele Stunden geschrieben und geforscht. Dabei wollten die drei Lernenden herausfinden, wie sich der Alltag in der DDR konkret f\u00fcr dessen B\u00fcrgerinnen und B\u00fcrger angef\u00fchlt hat. Dass es daf\u00fcr noch Augenzeugen gibt, war ein entscheidendes Kriterium f\u00fcr diese Themenwahl. F\u00fcr den Projektbeitrag erstellte die Gruppe zun\u00e4chst einen Fragebogen zu den Themen Familie, Schule, Berufe in der DDR, Lebensalltag in der DDR, Medien und Mauerfall. Anschlie\u00dfend interviewten die Sch\u00fcler Verwandte und eine Lehrkraft der Schule, wie sie das Leben in der DDR empfunden haben. Diese Interviews wurden anschlie\u00dfend transkribiert und mit dem aktuellen Forschungsstand verglichen und gegen\u00fcbergestellt. Die Recherche daf\u00fcr fand sowohl digital als auch analog in der Universit\u00e4ts- und Landesbibliothek Kassel statt. Anschlie\u00dfend verfassten die Sch\u00fcler einen Projektbericht mit 13 Seiten Umfang, welcher f\u00fcr den Wettbewerb eingereicht wurde.<\/p>\n<figure id=\"attachment_17956\" aria-describedby=\"caption-attachment-17956\" style=\"width: 604px\" class=\"wp-caption alignnone\"><img decoding=\"async\" class=\"wp-image-17956 size-large\" src=\"http:\/\/altgsgrebenstein.de\/wp-content\/uploads\/2025\/04\/20250402_114255-K-986x1024.jpg\" alt=\"\" width=\"604\" height=\"627\" srcset=\"https:\/\/altgsgrebenstein.de\/wp-content\/uploads\/2025\/04\/20250402_114255-K-986x1024.jpg 986w, https:\/\/altgsgrebenstein.de\/wp-content\/uploads\/2025\/04\/20250402_114255-K-289x300.jpg 289w, https:\/\/altgsgrebenstein.de\/wp-content\/uploads\/2025\/04\/20250402_114255-K-768x797.jpg 768w, https:\/\/altgsgrebenstein.de\/wp-content\/uploads\/2025\/04\/20250402_114255-K-1480x1536.jpg 1480w, https:\/\/altgsgrebenstein.de\/wp-content\/uploads\/2025\/04\/20250402_114255-K-1973x2048.jpg 1973w\" sizes=\"(max-width: 604px) 100vw, 604px\" \/><figcaption id=\"caption-attachment-17956\" class=\"wp-caption-text\">(v.l.n.r.) Annalena Walter (G6b), Hanne Kunz (G6b) und Ben Schuchardt (G6a)<\/figcaption><\/figure>\n<p style=\"text-align: justify;\">Der Fachbereich Gesellschaftslehre m\u00f6chte solch ein Engagement f\u00fcr die historische Arbeit herausstellen und gratuliert bereits zu diesem Zeitpunkt zu der erfolgreichen Fertigstellung eines solchen umfangreichen Projektes. Der Geschichtswettbewerb des Bundespr\u00e4sidenten ist dabei der gr\u00f6\u00dfte und wichtigste Geschichtswettbewerb Deutschlands und wird allj\u00e4hrlich von der K\u00f6rber-Stiftung ausgerichtet. Um die M\u00fchen der Sch\u00fcler etwas zu entsch\u00e4digen und den Beginn der Osterferien zu vers\u00fc\u00dfen, gab es einen Eisgutschein f\u00fcr die Eisdiele Grebenstein \u2013 wohlverdient!<\/p>\n<p><em>Wilhelm Uebach<\/em><\/p>\n","protected":false},"excerpt":{"rendered":"<p>W\u00fcrden Sie 5 Monate freiwillig eine Stunde pro Woche fr\u00fcher zur Schule kommen, um ein Geschichtsprojekt umzusetzen? Zwei Sch\u00fclerinnen der G6b, Hanne Kunz und Annalena Walter, sowie ein Sch\u00fcler der G6a, Ben Schuchardt, haben dies gemacht.<\/p>\n","protected":false},"author":36,"featured_media":17956,"comment_status":"closed","ping_status":"closed","sticky":false,"template":"","format":"standard","meta":{"saved_in_kubio":false,"footnotes":""},"categories":[1],"tags":[],"class_list":["post-17954","post","type-post","status-publish","format-standard","has-post-thumbnail","hentry","category-uncategorized"],"_links":{"self":[{"href":"https:\/\/altgsgrebenstein.de\/index.php?rest_route=\/wp\/v2\/posts\/17954","targetHints":{"allow":["GET"]}}],"collection":[{"href":"https:\/\/altgsgrebenstein.de\/index.php?rest_route=\/wp\/v2\/posts"}],"about":[{"href":"https:\/\/altgsgrebenstein.de\/index.php?rest_route=\/wp\/v2\/types\/post"}],"author":[{"embeddable":true,"href":"https:\/\/altgsgrebenstein.de\/index.php?rest_route=\/wp\/v2\/users\/36"}],"replies":[{"embeddable":true,"href":"https:\/\/altgsgrebenstein.de\/index.php?rest_route=%2Fwp%2Fv2%2Fcomments&post=17954"}],"version-history":[{"count":5,"href":"https:\/\/altgsgrebenstein.de\/index.php?rest_route=\/wp\/v2\/posts\/17954\/revisions"}],"predecessor-version":[{"id":18012,"href":"https:\/\/altgsgrebenstein.de\/index.php?rest_route=\/wp\/v2\/posts\/17954\/revisions\/18012"}],"wp:featuredmedia":[{"embeddable":true,"href":"https:\/\/altgsgrebenstein.de\/index.php?rest_route=\/wp\/v2\/media\/17956"}],"wp:attachment":[{"href":"https:\/\/altgsgrebenstein.de\/index.php?rest_route=%2Fwp%2Fv2%2Fmedia&parent=17954"}],"wp:term":[{"taxonomy":"category","embeddable":true,"href":"https:\/\/altgsgrebenstein.de\/index.php?rest_route=%2Fwp%2Fv2%2Fcategories&post=17954"},{"taxonomy":"post_tag","embeddable":true,"href":"https:\/\/altgsgrebenstein.de\/index.php?rest_route=%2Fwp%2Fv2%2Ftags&post=17954"}],"curies":[{"name":"wp","href":"https:\/\/api.w.org\/{rel}","templated":true}]}}