{"id":17947,"date":"2025-03-28T13:13:52","date_gmt":"2025-03-28T12:13:52","guid":{"rendered":"http:\/\/altgsgrebenstein.de\/?p=17947"},"modified":"2025-03-28T13:13:52","modified_gmt":"2025-03-28T12:13:52","slug":"austauschfahrt-2025-ueber-paris-nach-pont-aven","status":"publish","type":"post","link":"https:\/\/altgsgrebenstein.de\/?p=17947","title":{"rendered":"Austauschfahrt 2025: \u00dcber Paris nach Pont-Aven"},"content":{"rendered":"<p>Vom 14. bis zum 21. M\u00e4rz 2025 nahmen neun Sch\u00fclerinnen und Sch\u00fcler der Heinrich-Grupe-Schule an der Austauschfahrt nach Pont-Aven, der Partnerstadt Hofgeismars, teil. Gemeinsam mit Gleichaltrigen der Gesamtschulen aus Bad Karlshafen und Hofgeismar lernten sie das Nachbarland n\u00e4her kennen und sammelten wertvolle interkulturelle Erfahrungen.<\/p>\n<p><a href=\"http:\/\/altgsgrebenstein.de\/?attachment_id=17948\" rel=\"attachment wp-att-17948\"><img decoding=\"async\" class=\"aligncenter size-large wp-image-17948\" src=\"http:\/\/altgsgrebenstein.de\/wp-content\/uploads\/2025\/03\/26aab5f0-5738-461d-8179-620a26b86783-1024x768.jpg\" alt=\"\" width=\"604\" height=\"453\" srcset=\"https:\/\/altgsgrebenstein.de\/wp-content\/uploads\/2025\/03\/26aab5f0-5738-461d-8179-620a26b86783-1024x768.jpg 1024w, https:\/\/altgsgrebenstein.de\/wp-content\/uploads\/2025\/03\/26aab5f0-5738-461d-8179-620a26b86783-300x225.jpg 300w, https:\/\/altgsgrebenstein.de\/wp-content\/uploads\/2025\/03\/26aab5f0-5738-461d-8179-620a26b86783-768x576.jpg 768w, https:\/\/altgsgrebenstein.de\/wp-content\/uploads\/2025\/03\/26aab5f0-5738-461d-8179-620a26b86783-1536x1152.jpg 1536w, https:\/\/altgsgrebenstein.de\/wp-content\/uploads\/2025\/03\/26aab5f0-5738-461d-8179-620a26b86783.jpg 2048w\" sizes=\"(max-width: 604px) 100vw, 604px\" \/><\/a><\/p>\n<p>Doch zuvor verbrachten die Jugendlichen zwei Tage in der aufregenden Metropole Paris. Dort bewunderten sie gleich am ersten Abend die beleuchtete Stadt vom Fu\u00dfe der <em>Sacre C\u0153ur<\/em> aus. Am Samstag f\u00fchrte sie ihr Weg an weiteren bekannten Wahrzeichen der Stadt vorbei: <em>Notre Dame, Louvre, Champs Elys\u00e9es, Arc de Triomphe<\/em>\u2026 Gekr\u00f6nt wurde der Tag jedoch durch den Besuch der zweiten Etage des Eiffelturmes. Von dort oben konnten sie die besondere Atmosph\u00e4re der faszinierenden Hauptstadt Frankreichs genie\u00dfen.<\/p>\n<p><a href=\"http:\/\/altgsgrebenstein.de\/?attachment_id=17949\" rel=\"attachment wp-att-17949\"><img decoding=\"async\" class=\"aligncenter size-large wp-image-17949\" src=\"http:\/\/altgsgrebenstein.de\/wp-content\/uploads\/2025\/03\/IMG_1801-768x1024.jpeg\" alt=\"\" width=\"604\" height=\"805\" srcset=\"https:\/\/altgsgrebenstein.de\/wp-content\/uploads\/2025\/03\/IMG_1801-768x1024.jpeg 768w, https:\/\/altgsgrebenstein.de\/wp-content\/uploads\/2025\/03\/IMG_1801-225x300.jpeg 225w, https:\/\/altgsgrebenstein.de\/wp-content\/uploads\/2025\/03\/IMG_1801-1152x1536.jpeg 1152w, https:\/\/altgsgrebenstein.de\/wp-content\/uploads\/2025\/03\/IMG_1801-1536x2048.jpeg 1536w, https:\/\/altgsgrebenstein.de\/wp-content\/uploads\/2025\/03\/IMG_1801-scaled.jpeg 1920w\" sizes=\"(max-width: 604px) 100vw, 604px\" \/><\/a> <a href=\"http:\/\/altgsgrebenstein.de\/?attachment_id=17950\" rel=\"attachment wp-att-17950\"><img decoding=\"async\" class=\"aligncenter size-large wp-image-17950\" src=\"http:\/\/altgsgrebenstein.de\/wp-content\/uploads\/2025\/03\/3b9fc20e-6617-438f-bd13-a2c36554313b.jpg\" alt=\"\" width=\"604\" height=\"452\" srcset=\"https:\/\/altgsgrebenstein.de\/wp-content\/uploads\/2025\/03\/3b9fc20e-6617-438f-bd13-a2c36554313b.jpg 768w, https:\/\/altgsgrebenstein.de\/wp-content\/uploads\/2025\/03\/3b9fc20e-6617-438f-bd13-a2c36554313b-300x225.jpg 300w\" sizes=\"(max-width: 604px) 100vw, 604px\" \/><\/a><\/p>\n<p>Am Sonntag ging es schlie\u00dflich weiter zu den \u00ab\u00a0corres(pondants)\u00a0\u00bb nach Pont Aven und Bannalec. Hier tauchten unsere Sch\u00fclerinnen und Sch\u00fcler direkt in den franz\u00f6sischen Familienalltag ein. Bei gemeinsamen Aktivit\u00e4ten, wie einem ersten Besuch am Meer, einem Spaziergang durch den <em>Bois d\u2019Amour<\/em> und Gesellschaftsspielen, fanden die ersten Verst\u00e4ndi-gungsversuche in der Fremdsprache statt.<\/p>\n<p>W\u00e4hrend die Sch\u00fclerinnen und Sch\u00fcler in Bannalec den Unterricht ihrer Austauschpartner am Montagmorgen kennen lernen durften, standen am <em>Coll\u00e8ge Penanroz<\/em> Kennenlernspiele auf dem Programm.<\/p>\n<p>Am Dienstag erkundeten die Jugendlichen Pont-Aven, indem sie eine Foto-Rallye machten. Hierbei erhielten die Deutschen franz\u00f6sische und die Franzosen deutsche Arbeitsauftr\u00e4ge, was eine interkulturelle Zusammenarbeit unabdingbar machte. Beim anschlie\u00dfenden Besuch im Museum des Ortes konnten sich die Sch\u00fclerinnen und Sch\u00fcler mit Gem\u00e4lden einiger wichtiger K\u00fcnstler, wie z.B. Paul Gauguin, vertraut machen. Nach der Begr\u00fc\u00dfung durch den B\u00fcrgermeister im Rathaus von Pont-Aven am\u00fcsierten sich sowohl Sch\u00fcler als auch die begleitenden Lehrkr\u00e4fte nachmittags beim Erlernen typisch bretonischer T\u00e4nze.<\/p>\n<p>Der Mittwoch stand zun\u00e4chst im Zeichen des Sports: In den Sporthallen des Coll\u00e8ge Jean Jaurr\u00e8s konnte man sich mal so richtig nach Herzenslust austoben: Neben Boden- und Ger\u00e4teturnen wurden V\u00f6lkerball und Badminton gespielt.<\/p>\n<p>Da mittwochnachmittags in Frankreich unterrichtsfrei ist, standen weitere Aktivit\u00e4ten mit den Gastfamilien an, wie z.B. Eisessen, Strandspazierg\u00e4nge, Fahrradtouren etc.<\/p>\n<p><a href=\"http:\/\/altgsgrebenstein.de\/?attachment_id=17951\" rel=\"attachment wp-att-17951\"><img decoding=\"async\" class=\"aligncenter size-large wp-image-17951\" src=\"http:\/\/altgsgrebenstein.de\/wp-content\/uploads\/2025\/03\/1d4984d4-f8aa-4adf-b028-e951b8c9202e-1024x768.jpg\" alt=\"\" width=\"604\" height=\"453\" srcset=\"https:\/\/altgsgrebenstein.de\/wp-content\/uploads\/2025\/03\/1d4984d4-f8aa-4adf-b028-e951b8c9202e-1024x768.jpg 1024w, https:\/\/altgsgrebenstein.de\/wp-content\/uploads\/2025\/03\/1d4984d4-f8aa-4adf-b028-e951b8c9202e-300x225.jpg 300w, https:\/\/altgsgrebenstein.de\/wp-content\/uploads\/2025\/03\/1d4984d4-f8aa-4adf-b028-e951b8c9202e-768x576.jpg 768w, https:\/\/altgsgrebenstein.de\/wp-content\/uploads\/2025\/03\/1d4984d4-f8aa-4adf-b028-e951b8c9202e-1536x1152.jpg 1536w, https:\/\/altgsgrebenstein.de\/wp-content\/uploads\/2025\/03\/1d4984d4-f8aa-4adf-b028-e951b8c9202e.jpg 1600w\" sizes=\"(max-width: 604px) 100vw, 604px\" \/><\/a><\/p>\n<p>Nachdem wir am Donnerstag das malerische St\u00e4dtchen Concarneau mit seiner <em>Ville close<\/em> und dem dortigen Fischereimuseum besichtigt hatten, wurden wir abends in Bannalec von den jeweiligen Schulleitern der beiden Coll\u00e8ges bei einem f\u00fcr die Region typischen Galette-Essen verabschiedet.<\/p>\n<p>Gl\u00fccklicherweise fiel der Abschied am Bahnhof nicht ganz so traurig aus, denn schlie\u00dflich sieht man sich im Juni beim Gegenbesuch der neu gewonnenen Freunde in Deutschland wieder.<\/p>\n<p>Abschlie\u00dfend darf festgehalten werden, dass sich die Kooperation mit der Gustav-Heinemann-Schule Hofgeismar in Sachen Austausch bew\u00e4hrt hat und gerne fortgesetzt wird.<\/p>\n<p>Carmen Asmus<\/p>\n<p>&nbsp;<\/p>\n<p><a href=\"https:\/\/www.letelegramme.fr\/finistere\/pont-aven-29930\/une-delegation-de-collegiens-allemands-dhofgeismar-recue-a-la-mairie-de-pont-aven-6782213.php\">https:\/\/www.letelegramme.fr\/finistere\/pont-aven-29930\/une-delegation-de-collegiens-allemands-dhofgeismar-recue-a-la-mairie-de-pont-aven-6782213.php<\/a><\/p>\n","protected":false},"excerpt":{"rendered":"<p>Vom 14. bis zum 21. M\u00e4rz 2025 nahmen neun Sch\u00fclerinnen und Sch\u00fcler der Heinrich-Grupe-Schule an der Austauschfahrt nach Pont-Aven, der Partnerstadt Hofgeismars, teil. Gemeinsam mit Gleichaltrigen der Gesamtschulen aus Bad Karlshafen und Hofgeismar lernten sie das Nachbarland n\u00e4her kennen und sammelten wertvolle interkulturelle Erfahrungen. Doch zuvor verbrachten die Jugendlichen zwei Tage in der aufregenden Metropole &hellip; <a href=\"https:\/\/altgsgrebenstein.de\/?p=17947\" class=\"more-link\"><span class=\"screen-reader-text\">Austauschfahrt 2025: \u00dcber Paris nach Pont-Aven<\/span> weiterlesen <span class=\"meta-nav\">&rarr;<\/span><\/a><\/p>\n","protected":false},"author":28,"featured_media":0,"comment_status":"closed","ping_status":"closed","sticky":false,"template":"","format":"standard","meta":{"saved_in_kubio":false,"footnotes":""},"categories":[1],"tags":[],"class_list":["post-17947","post","type-post","status-publish","format-standard","hentry","category-uncategorized"],"_links":{"self":[{"href":"https:\/\/altgsgrebenstein.de\/index.php?rest_route=\/wp\/v2\/posts\/17947","targetHints":{"allow":["GET"]}}],"collection":[{"href":"https:\/\/altgsgrebenstein.de\/index.php?rest_route=\/wp\/v2\/posts"}],"about":[{"href":"https:\/\/altgsgrebenstein.de\/index.php?rest_route=\/wp\/v2\/types\/post"}],"author":[{"embeddable":true,"href":"https:\/\/altgsgrebenstein.de\/index.php?rest_route=\/wp\/v2\/users\/28"}],"replies":[{"embeddable":true,"href":"https:\/\/altgsgrebenstein.de\/index.php?rest_route=%2Fwp%2Fv2%2Fcomments&post=17947"}],"version-history":[{"count":1,"href":"https:\/\/altgsgrebenstein.de\/index.php?rest_route=\/wp\/v2\/posts\/17947\/revisions"}],"predecessor-version":[{"id":17952,"href":"https:\/\/altgsgrebenstein.de\/index.php?rest_route=\/wp\/v2\/posts\/17947\/revisions\/17952"}],"wp:attachment":[{"href":"https:\/\/altgsgrebenstein.de\/index.php?rest_route=%2Fwp%2Fv2%2Fmedia&parent=17947"}],"wp:term":[{"taxonomy":"category","embeddable":true,"href":"https:\/\/altgsgrebenstein.de\/index.php?rest_route=%2Fwp%2Fv2%2Fcategories&post=17947"},{"taxonomy":"post_tag","embeddable":true,"href":"https:\/\/altgsgrebenstein.de\/index.php?rest_route=%2Fwp%2Fv2%2Ftags&post=17947"}],"curies":[{"name":"wp","href":"https:\/\/api.w.org\/{rel}","templated":true}]}}