{"id":17928,"date":"2025-03-28T13:05:49","date_gmt":"2025-03-28T12:05:49","guid":{"rendered":"http:\/\/altgsgrebenstein.de\/?p=17928"},"modified":"2025-03-28T13:05:49","modified_gmt":"2025-03-28T12:05:49","slug":"sarsina-austausch-2025","status":"publish","type":"post","link":"https:\/\/altgsgrebenstein.de\/?p=17928","title":{"rendered":"Sarsina-Austausch 2025"},"content":{"rendered":"<p>Austausch! Zwei Wochen raus aus der Schule! Italien! Sarsina!? In einer mir noch fremden Familie \u00fcbernachten! Freunde in einem mir noch fremden Land finden?<\/p>\n<p>Was mag den Sch\u00fclerinnen und Sch\u00fclern alles durch den Kopf gegangen sein, als der Zeitpunkt des Austauschs mit der Schule der Grebensteiner Partnerstadt Sarsina (in der Emilia Romagna am \u00dcbergang der Poebene zum Apennin, westlich von Rimini,\/San Marino Italien) immer n\u00e4her kam?<a href=\"http:\/\/altgsgrebenstein.de\/?attachment_id=17929\" rel=\"attachment wp-att-17929\"><img decoding=\"async\" class=\"aligncenter size-large wp-image-17929\" src=\"http:\/\/altgsgrebenstein.de\/wp-content\/uploads\/2025\/03\/Sarsina-innerer-Stadtbereich-1024x683.jpg\" alt=\"\" width=\"604\" height=\"403\" srcset=\"https:\/\/altgsgrebenstein.de\/wp-content\/uploads\/2025\/03\/Sarsina-innerer-Stadtbereich-1024x683.jpg 1024w, https:\/\/altgsgrebenstein.de\/wp-content\/uploads\/2025\/03\/Sarsina-innerer-Stadtbereich-300x200.jpg 300w, https:\/\/altgsgrebenstein.de\/wp-content\/uploads\/2025\/03\/Sarsina-innerer-Stadtbereich-768x512.jpg 768w, https:\/\/altgsgrebenstein.de\/wp-content\/uploads\/2025\/03\/Sarsina-innerer-Stadtbereich-1536x1024.jpg 1536w, https:\/\/altgsgrebenstein.de\/wp-content\/uploads\/2025\/03\/Sarsina-innerer-Stadtbereich-2048x1365.jpg 2048w\" sizes=\"(max-width: 604px) 100vw, 604px\" \/><\/a><\/p>\n<p>Der erste Kontakt kam \u00fcber die einander zugesandten Steckbriefe zu Stande (Kommunikationssprache Englisch). Die kontaktfreudigeren unter den Sch\u00fclerinnen hatten sich recht schnell mit den italienischen M\u00e4dchen geschrieben und sehr schnell waren die Sch\u00fclerinnentandems gefunden. Bei den Jungen dauerte das ganze etwas l\u00e4nger und f\u00fcnf Sch\u00fcler konnten bzw. wollten auch gar nicht in eine Familie in Italien, sondern blieben mit den beiden betreuenden Lehrern, Frau Seewald und Herrn Haag, in einem Bed and Breakfast (B&amp;B).<\/p>\n<p>Am Montag, dem 10.03., ging es dann mit dem Zug los: Mit drei Umstiegen (in M\u00fcnchen, Verona, Bologna) kamen wir 13 Stunden sp\u00e4ter in Cesena am Bahnhof an und wurden dort herzlich von unseren Gastgebern empfangen und \u201enach Hause\u201c gebracht.<\/p>\n<p>Der Dienstagmorgen begann mit einer Begr\u00fc\u00dfung durch den B\u00fcrgermeister, ein Mitglied des Partnerschaftsvereins sowie die den Austausch organisierende Kollegin, die sch\u00f6ne Worte f\u00fcr den Austausch fand: Erinnerungen kreieren, in Beziehung treten, unvergessliche Erlebnisse schaffen, neugierig auf einander sein. Danach spielten die beiden ital. Klassen drei einstudierte Songs, wir sangen mit, wurden eingeladen, den Cupsong mitzuspielen und hatten unser erstes gemeinsames Erlebniss mit und durch die Musik. Wir bekamen anschlie\u00dfend noch eine F\u00fchrung durch Sarsina, eine schon in der R\u00f6merzeit durch den Handelsweg zwischen Ravenna und Rom und ihre durch Holzreichtum wohlhabende Stadt, erfuhren einiges zur Geschichte der Stadt, sahen gut erhaltene Grabm\u00e4ler, die Stadtmauer, Mosaik-, Stra\u00dfen- und Hausreste, Teile des Forums und des frisch ausgegrabenen Tempels, dem nun der Neubau der Sporthalle zum Opfer fiel. Der Nachmittag und Abend wurden zum Teil gemeinsam auf den Pl\u00e4tzen (Piazza) der Stadt beim Volleyball und\/oder individuell in den Familien verbracht.<\/p>\n<p><a href=\"http:\/\/altgsgrebenstein.de\/?attachment_id=17930\" rel=\"attachment wp-att-17930\"><img decoding=\"async\" class=\"aligncenter size-large wp-image-17930\" src=\"http:\/\/altgsgrebenstein.de\/wp-content\/uploads\/2025\/03\/Der-Schiefe-Turm-von-Pisa-683x1024.jpg\" alt=\"\" width=\"604\" height=\"906\" srcset=\"https:\/\/altgsgrebenstein.de\/wp-content\/uploads\/2025\/03\/Der-Schiefe-Turm-von-Pisa-683x1024.jpg 683w, https:\/\/altgsgrebenstein.de\/wp-content\/uploads\/2025\/03\/Der-Schiefe-Turm-von-Pisa-200x300.jpg 200w, https:\/\/altgsgrebenstein.de\/wp-content\/uploads\/2025\/03\/Der-Schiefe-Turm-von-Pisa-768x1152.jpg 768w, https:\/\/altgsgrebenstein.de\/wp-content\/uploads\/2025\/03\/Der-Schiefe-Turm-von-Pisa-1024x1536.jpg 1024w, https:\/\/altgsgrebenstein.de\/wp-content\/uploads\/2025\/03\/Der-Schiefe-Turm-von-Pisa-1365x2048.jpg 1365w, https:\/\/altgsgrebenstein.de\/wp-content\/uploads\/2025\/03\/Der-Schiefe-Turm-von-Pisa-scaled.jpg 1707w\" sizes=\"(max-width: 604px) 100vw, 604px\" \/><\/a> <a href=\"http:\/\/altgsgrebenstein.de\/?attachment_id=17931\" rel=\"attachment wp-att-17931\"><img decoding=\"async\" class=\"aligncenter size-large wp-image-17931\" src=\"http:\/\/altgsgrebenstein.de\/wp-content\/uploads\/2025\/03\/Gruppenfoto-Pisa-vor-Taufkapelle-Dom-und-Schiefem-Turm-1024x683.jpg\" alt=\"\" width=\"604\" height=\"403\" srcset=\"https:\/\/altgsgrebenstein.de\/wp-content\/uploads\/2025\/03\/Gruppenfoto-Pisa-vor-Taufkapelle-Dom-und-Schiefem-Turm-1024x683.jpg 1024w, https:\/\/altgsgrebenstein.de\/wp-content\/uploads\/2025\/03\/Gruppenfoto-Pisa-vor-Taufkapelle-Dom-und-Schiefem-Turm-300x200.jpg 300w, https:\/\/altgsgrebenstein.de\/wp-content\/uploads\/2025\/03\/Gruppenfoto-Pisa-vor-Taufkapelle-Dom-und-Schiefem-Turm-768x512.jpg 768w, https:\/\/altgsgrebenstein.de\/wp-content\/uploads\/2025\/03\/Gruppenfoto-Pisa-vor-Taufkapelle-Dom-und-Schiefem-Turm-1536x1024.jpg 1536w, https:\/\/altgsgrebenstein.de\/wp-content\/uploads\/2025\/03\/Gruppenfoto-Pisa-vor-Taufkapelle-Dom-und-Schiefem-Turm-2048x1365.jpg 2048w\" sizes=\"(max-width: 604px) 100vw, 604px\" \/><\/a><\/p>\n<p>Mittwochmorgen fuhren wir recht fr\u00fch einmal fast von der Ostk\u00fcste bis auf die andere Seite an die Westk\u00fcste nach Pisa (~400 km), den Geburtsort Galileo Galileis, und durften den ber\u00fchmten auf Sand gebauten und daher \u201eSchiefen Turm von Pisa\u201c bestaunen. Sehr sch\u00f6n waren auch der Dom und die recht gro\u00dfe, gemessen an anderen, riesige Taufkapelle mit ihrer fantastischen Akustik. Auch der Gang durch die Stadt war interessant, man merkt der Stadt sehr deutlich ihren touristischen Charakter an: \u00fcberall gab es St\u00e4nde mit Souvenirs oder Essensst\u00e4nde und Restaurants. Funfakt: In Pisa gibt es neben einer Eliteuniversit\u00e4t noch zwei weitere Universit\u00e4ten und man kann nahezu jedes Fach dort studieren, nur nicht Architektur. Wer will schon einen Architekten aus einer Stadt, in der man nicht einmal einen einfachen Glockenturm und auch nicht den Dom gerade bauen kann?<\/p>\n<p>Am Donnerstag waren wir in Projekte eingebunden, die jede der drei Gruppen in je zwei Stunden durchlief: Volleyball, Piadinaherstellung (die regionale Spezialit\u00e4t: eine Art Pfannkuchen, der mit Schweineschmalz gebacken wird und weil geschmacksneutral sowohl mit s\u00fc\u00dfen als auch mit salzigen Zutaten gegessen wird) und ein Bilderrahmen wurde selbst gestaltet, in den sp\u00e4ter ein Gruppenbild aus Pisa eingeklebt wurde.<\/p>\n<p><a href=\"http:\/\/altgsgrebenstein.de\/?attachment_id=17932\" rel=\"attachment wp-att-17932\"><img decoding=\"async\" class=\"aligncenter size-large wp-image-17932\" src=\"http:\/\/altgsgrebenstein.de\/wp-content\/uploads\/2025\/03\/Die-Piadinabaecker-768x1024.jpg\" alt=\"\" width=\"604\" height=\"805\" srcset=\"https:\/\/altgsgrebenstein.de\/wp-content\/uploads\/2025\/03\/Die-Piadinabaecker-768x1024.jpg 768w, https:\/\/altgsgrebenstein.de\/wp-content\/uploads\/2025\/03\/Die-Piadinabaecker-225x300.jpg 225w, https:\/\/altgsgrebenstein.de\/wp-content\/uploads\/2025\/03\/Die-Piadinabaecker-1152x1536.jpg 1152w, https:\/\/altgsgrebenstein.de\/wp-content\/uploads\/2025\/03\/Die-Piadinabaecker.jpg 1200w\" sizes=\"(max-width: 604px) 100vw, 604px\" \/><\/a><\/p>\n<p>Am Freitag ging es etwas sp\u00e4ter in das nahe Ravenna (~65 km) mit seinen acht (!) UNESCO-Weltkulturerbest\u00e4tten, wovon wir vier mit einer F\u00fchrung besichtigt haben: Sant` Apollinare Nuovo, die Taufkapelle der Neonianer, den Dom San Vitale sowie das Grabmal der Galla Placidia. Sie geh\u00f6ren alle zu den fr\u00fchesten christlichen Bauwerken der Welt und alle sind mit besonders sch\u00f6nen und kostbaren Wand- und Deckenmosaiken ausgestattet. Wir haben erfahren, dass auch in der Kunst durch Ver\u00e4nderungen an den Mosaiken Propaganda f\u00fcr sich selbst betrieben wurde und der Gegner oder Vorg\u00e4nger weichen musste. Da das Wetter in Ravenna eher bescheiden war, \u2013 \u00fcberhaupt regnete es in der Woche in Italien sehr viel -, fuhren wir am Nachmittag noch ein bisschen weiter nach S\u00fcden und schauten uns den von Leonardo da Vinci gestalteten Hafen von Cesenatico an und verbrachten ein paar Minuten dort am Strand, ehe es wieder zur\u00fcck nach Sarsina ging.<\/p>\n<p><a href=\"http:\/\/altgsgrebenstein.de\/?attachment_id=17933\" rel=\"attachment wp-att-17933\"><img decoding=\"async\" class=\"aligncenter size-large wp-image-17933\" src=\"http:\/\/altgsgrebenstein.de\/wp-content\/uploads\/2025\/03\/Ravenna-St.-Appolinare-Nuovo-Die-heiligen-drei-Koenige1-1024x683.jpg\" alt=\"\" width=\"604\" height=\"403\" srcset=\"https:\/\/altgsgrebenstein.de\/wp-content\/uploads\/2025\/03\/Ravenna-St.-Appolinare-Nuovo-Die-heiligen-drei-Koenige1-1024x683.jpg 1024w, https:\/\/altgsgrebenstein.de\/wp-content\/uploads\/2025\/03\/Ravenna-St.-Appolinare-Nuovo-Die-heiligen-drei-Koenige1-300x200.jpg 300w, https:\/\/altgsgrebenstein.de\/wp-content\/uploads\/2025\/03\/Ravenna-St.-Appolinare-Nuovo-Die-heiligen-drei-Koenige1-768x512.jpg 768w, https:\/\/altgsgrebenstein.de\/wp-content\/uploads\/2025\/03\/Ravenna-St.-Appolinare-Nuovo-Die-heiligen-drei-Koenige1-1536x1024.jpg 1536w, https:\/\/altgsgrebenstein.de\/wp-content\/uploads\/2025\/03\/Ravenna-St.-Appolinare-Nuovo-Die-heiligen-drei-Koenige1-2048x1365.jpg 2048w\" sizes=\"(max-width: 604px) 100vw, 604px\" \/><\/a> <a href=\"http:\/\/altgsgrebenstein.de\/?attachment_id=17934\" rel=\"attachment wp-att-17934\"><img decoding=\"async\" class=\"aligncenter size-large wp-image-17934\" src=\"http:\/\/altgsgrebenstein.de\/wp-content\/uploads\/2025\/03\/Ravenna-Taufkapelle-Deckenmosaik-1024x683.jpg\" alt=\"\" width=\"604\" height=\"403\" srcset=\"https:\/\/altgsgrebenstein.de\/wp-content\/uploads\/2025\/03\/Ravenna-Taufkapelle-Deckenmosaik-1024x683.jpg 1024w, https:\/\/altgsgrebenstein.de\/wp-content\/uploads\/2025\/03\/Ravenna-Taufkapelle-Deckenmosaik-300x200.jpg 300w, https:\/\/altgsgrebenstein.de\/wp-content\/uploads\/2025\/03\/Ravenna-Taufkapelle-Deckenmosaik-768x512.jpg 768w, https:\/\/altgsgrebenstein.de\/wp-content\/uploads\/2025\/03\/Ravenna-Taufkapelle-Deckenmosaik-1536x1024.jpg 1536w, https:\/\/altgsgrebenstein.de\/wp-content\/uploads\/2025\/03\/Ravenna-Taufkapelle-Deckenmosaik-2048x1365.jpg 2048w\" sizes=\"(max-width: 604px) 100vw, 604px\" \/><\/a><\/p>\n<p><a href=\"http:\/\/altgsgrebenstein.de\/?attachment_id=17935\" rel=\"attachment wp-att-17935\"><img decoding=\"async\" class=\"aligncenter size-large wp-image-17935\" src=\"http:\/\/altgsgrebenstein.de\/wp-content\/uploads\/2025\/03\/Ravenna-Mausoleum-der-Galla-Placidia-1024x683.jpg\" alt=\"\" width=\"604\" height=\"403\" srcset=\"https:\/\/altgsgrebenstein.de\/wp-content\/uploads\/2025\/03\/Ravenna-Mausoleum-der-Galla-Placidia-1024x683.jpg 1024w, https:\/\/altgsgrebenstein.de\/wp-content\/uploads\/2025\/03\/Ravenna-Mausoleum-der-Galla-Placidia-300x200.jpg 300w, https:\/\/altgsgrebenstein.de\/wp-content\/uploads\/2025\/03\/Ravenna-Mausoleum-der-Galla-Placidia-768x512.jpg 768w, https:\/\/altgsgrebenstein.de\/wp-content\/uploads\/2025\/03\/Ravenna-Mausoleum-der-Galla-Placidia-1536x1024.jpg 1536w, https:\/\/altgsgrebenstein.de\/wp-content\/uploads\/2025\/03\/Ravenna-Mausoleum-der-Galla-Placidia-2048x1365.jpg 2048w\" sizes=\"(max-width: 604px) 100vw, 604px\" \/><\/a><\/p>\n<p>Der Samstag wurde in Kleingruppen oder individuell in Sarsina, Cesena oder an der K\u00fcste verbracht und war der erste Tag, an dem wir etwas Sonne gesehen haben in dieser Woche. Und dann kam auch schon der Abschiedsabend mit einer Pr\u00e4sentation der Ergebnisse der Projekte, einigen Fotoimpressionen, einem von den Eltern gestalteten leckeren Abendessen mit viel Piadina und unserem herzlichen Dank mit einem Bl\u00fcmchen an unsere Gastgeber*innen und die ital. Kolleginnen.<\/p>\n<p>Der Sonntag wurde zum Fahrtag zwischen Sarsina und Grebenstein. Wieder 13 Stunden im Zug, aber mit zwei Gruppen, da unsere ital. Gastgeber nun zu unseren G\u00e4sten in Grebenstein und Calden wurden.<\/p>\n<p>Parallel zum ersten Tag in Sarsina begr\u00fc\u00dften auch wir an unserem ersten Tag in der Heimat unsere G\u00e4ste mit einem Besuch beim B\u00fcrgermeister und zeigten ihnen unsere Schule sowie Grebenstein und konnten endlich wieder die Sonne auf dem Burgberg mit dem Blick \u00fcber Grebenstein und Umgebung genie\u00dfen. Der Nachmittag und Abend wurde nun unsererseits individuell in Grebenstein, im Tierpark Sababurg oder andernorts verbracht.<\/p>\n<p><a href=\"http:\/\/altgsgrebenstein.de\/?attachment_id=17936\" rel=\"attachment wp-att-17936\"><img decoding=\"async\" class=\"aligncenter size-large wp-image-17936\" src=\"http:\/\/altgsgrebenstein.de\/wp-content\/uploads\/2025\/03\/P1311347-1024x683.jpg\" alt=\"\" width=\"604\" height=\"403\" srcset=\"https:\/\/altgsgrebenstein.de\/wp-content\/uploads\/2025\/03\/P1311347-1024x683.jpg 1024w, https:\/\/altgsgrebenstein.de\/wp-content\/uploads\/2025\/03\/P1311347-300x200.jpg 300w, https:\/\/altgsgrebenstein.de\/wp-content\/uploads\/2025\/03\/P1311347-768x512.jpg 768w, https:\/\/altgsgrebenstein.de\/wp-content\/uploads\/2025\/03\/P1311347-1536x1024.jpg 1536w, https:\/\/altgsgrebenstein.de\/wp-content\/uploads\/2025\/03\/P1311347-2048x1365.jpg 2048w\" sizes=\"(max-width: 604px) 100vw, 604px\" \/><\/a><\/p>\n<p>Am Dienstag nutzen wir ein Angebot des Heinz-Nixdorf-Museums f\u00fcr Informationstechnologie (das gr\u00f6\u00dfte der Welt!) und besuchten besagtes Museum in Paderborn, sahen die ersten Rechenmaschinen (abacus) der R\u00f6mer oder erste komplexere Rechenmaschinen (Leibnitz) bis hin zur ENIAC, den ersten Atari- und Apple-Computern und konnten uns mit Robotern unterhalten, auch erste eigene Programierungen mit chinesischen Winkekatzen durchf\u00fchren. Auch im Ahorn-Sportpark durften wir uns sportlich bet\u00e4tigen und schwangen eifrig den Squashschl\u00e4ger.<\/p>\n<p>Den Mittwoch fuhren wir nach Frankfurt, um uns vom Eisernen Steg \u201eMainhattan\u201c anzusehen, liefen \u00fcber den R\u00f6mer und die Paulskirche (erstes deutsches Parlament) zur Zeil (Shopping!). der H\u00f6hepunkt aber war klar der Besuch im Senkenbergmuseum mit einer guten F\u00fchrung und noch etwas Zeit zur Eigenerkundung, bevor es dann wegen einer defekten Weiche auf eine vier(!)st\u00fcndige R\u00fcckreise nach Kassel ging, wo uns dann die gut organisierten Eltern netter- und vor allem dankenswerterweise um 22.00 Uhr vom Bahnhof abholten.<\/p>\n<p><a href=\"http:\/\/altgsgrebenstein.de\/?attachment_id=17937\" rel=\"attachment wp-att-17937\"><img decoding=\"async\" class=\"aligncenter size-large wp-image-17937\" src=\"http:\/\/altgsgrebenstein.de\/wp-content\/uploads\/2025\/03\/Frankfurt-Gruppenfoto-vor-der-alten-EZB-683x1024.jpg\" alt=\"\" width=\"604\" height=\"906\" srcset=\"https:\/\/altgsgrebenstein.de\/wp-content\/uploads\/2025\/03\/Frankfurt-Gruppenfoto-vor-der-alten-EZB-683x1024.jpg 683w, https:\/\/altgsgrebenstein.de\/wp-content\/uploads\/2025\/03\/Frankfurt-Gruppenfoto-vor-der-alten-EZB-200x300.jpg 200w, https:\/\/altgsgrebenstein.de\/wp-content\/uploads\/2025\/03\/Frankfurt-Gruppenfoto-vor-der-alten-EZB-768x1152.jpg 768w, https:\/\/altgsgrebenstein.de\/wp-content\/uploads\/2025\/03\/Frankfurt-Gruppenfoto-vor-der-alten-EZB-1024x1536.jpg 1024w, https:\/\/altgsgrebenstein.de\/wp-content\/uploads\/2025\/03\/Frankfurt-Gruppenfoto-vor-der-alten-EZB-1365x2048.jpg 1365w, https:\/\/altgsgrebenstein.de\/wp-content\/uploads\/2025\/03\/Frankfurt-Gruppenfoto-vor-der-alten-EZB-scaled.jpg 1707w\" sizes=\"(max-width: 604px) 100vw, 604px\" \/><\/a><\/p>\n<p><a href=\"http:\/\/altgsgrebenstein.de\/?attachment_id=17938\" rel=\"attachment wp-att-17938\"><img decoding=\"async\" class=\"aligncenter size-large wp-image-17938\" src=\"http:\/\/altgsgrebenstein.de\/wp-content\/uploads\/2025\/03\/Frankfurt-Gruppen-im-Senkenbergmuseum-mit-Dinoskeletten1-1024x683.jpg\" alt=\"\" width=\"604\" height=\"403\" srcset=\"https:\/\/altgsgrebenstein.de\/wp-content\/uploads\/2025\/03\/Frankfurt-Gruppen-im-Senkenbergmuseum-mit-Dinoskeletten1-1024x683.jpg 1024w, https:\/\/altgsgrebenstein.de\/wp-content\/uploads\/2025\/03\/Frankfurt-Gruppen-im-Senkenbergmuseum-mit-Dinoskeletten1-300x200.jpg 300w, https:\/\/altgsgrebenstein.de\/wp-content\/uploads\/2025\/03\/Frankfurt-Gruppen-im-Senkenbergmuseum-mit-Dinoskeletten1-768x512.jpg 768w, https:\/\/altgsgrebenstein.de\/wp-content\/uploads\/2025\/03\/Frankfurt-Gruppen-im-Senkenbergmuseum-mit-Dinoskeletten1-1536x1024.jpg 1536w, https:\/\/altgsgrebenstein.de\/wp-content\/uploads\/2025\/03\/Frankfurt-Gruppen-im-Senkenbergmuseum-mit-Dinoskeletten1-2048x1365.jpg 2048w\" sizes=\"(max-width: 604px) 100vw, 604px\" \/><\/a><\/p>\n<p>Donnerstag ging es zum \u201eHeimspiel\u201c nach Kassel hinauf zum Herkules, hinunter durch den Bergpark Wilhelmsh\u00f6he, mit einer F\u00fchrung durch das gleichnamige Schloss von der Antikensammlung bis zu den Alten Meistern (Rembrandt, Rubens, Frans Hals, Albrecht D\u00fcrer, Lucas Cranach d. \u00c4ltere), in die Stadt, wo die meisten auch noch den Nachmittag mit ihren G\u00e4sten verbrachten.<\/p>\n<p><a href=\"http:\/\/altgsgrebenstein.de\/?attachment_id=17939\" rel=\"attachment wp-att-17939\"><img decoding=\"async\" class=\"aligncenter size-large wp-image-17939\" src=\"http:\/\/altgsgrebenstein.de\/wp-content\/uploads\/2025\/03\/Kassel-Gruppenfoto-am-Herkules-1024x683.jpg\" alt=\"\" width=\"604\" height=\"403\" srcset=\"https:\/\/altgsgrebenstein.de\/wp-content\/uploads\/2025\/03\/Kassel-Gruppenfoto-am-Herkules-1024x683.jpg 1024w, https:\/\/altgsgrebenstein.de\/wp-content\/uploads\/2025\/03\/Kassel-Gruppenfoto-am-Herkules-300x200.jpg 300w, https:\/\/altgsgrebenstein.de\/wp-content\/uploads\/2025\/03\/Kassel-Gruppenfoto-am-Herkules-768x512.jpg 768w, https:\/\/altgsgrebenstein.de\/wp-content\/uploads\/2025\/03\/Kassel-Gruppenfoto-am-Herkules-1536x1024.jpg 1536w, https:\/\/altgsgrebenstein.de\/wp-content\/uploads\/2025\/03\/Kassel-Gruppenfoto-am-Herkules-2048x1365.jpg 2048w\" sizes=\"(max-width: 604px) 100vw, 604px\" \/><\/a><\/p>\n<p>Bei uns war dann zum Abschluss der Freitag der Projekttag. Alle w\u00e4hlten sich entweder in das Projekt \u201eKochen\u201c oder \u201eProgrammieren mit LEGO\u201c oder \u201eHolzwerkstatt\u201c ein, produzierten dort leckeres Essen, lenkbare Autos oder Noten und Notenschl\u00fcssel f\u00fcr unsere neue Klangwand. Diese Produkte wurden dann abends auf unserem gemeinsamen Abschlussabend pr\u00e4sentiert bzw. das Essen zusammen mit den von den Eltern zubereiteten Gerichten verspeist. Eine PowerPointPr\u00e4sentation f\u00fchrte uns dann die zwei intensiven Wochen noch einmal vor Augen, die gute Chancen bereithielten f\u00fcr die oben angesprochenen zu kreierenden Erinnerungen, f\u00fcr unvergessliche Erlebnisse, f\u00fcr die M\u00f6glichkeiten, neue Freunde zu gewinnen und ein sch\u00f6nes kulturelles Programm zu genie\u00dfen.<\/p>\n<p><a href=\"http:\/\/altgsgrebenstein.de\/?attachment_id=17940\" rel=\"attachment wp-att-17940\"><img decoding=\"async\" class=\"aligncenter size-large wp-image-17940\" src=\"http:\/\/altgsgrebenstein.de\/wp-content\/uploads\/2025\/03\/In-der-Holzwerkstatt-1024x683.jpg\" alt=\"\" width=\"604\" height=\"403\" srcset=\"https:\/\/altgsgrebenstein.de\/wp-content\/uploads\/2025\/03\/In-der-Holzwerkstatt-1024x683.jpg 1024w, https:\/\/altgsgrebenstein.de\/wp-content\/uploads\/2025\/03\/In-der-Holzwerkstatt-300x200.jpg 300w, https:\/\/altgsgrebenstein.de\/wp-content\/uploads\/2025\/03\/In-der-Holzwerkstatt-768x512.jpg 768w, https:\/\/altgsgrebenstein.de\/wp-content\/uploads\/2025\/03\/In-der-Holzwerkstatt-1536x1024.jpg 1536w, https:\/\/altgsgrebenstein.de\/wp-content\/uploads\/2025\/03\/In-der-Holzwerkstatt-2048x1365.jpg 2048w\" sizes=\"(max-width: 604px) 100vw, 604px\" \/><\/a> <a href=\"http:\/\/altgsgrebenstein.de\/?attachment_id=17941\" rel=\"attachment wp-att-17941\"><img decoding=\"async\" class=\"aligncenter size-large wp-image-17941\" src=\"http:\/\/altgsgrebenstein.de\/wp-content\/uploads\/2025\/03\/Programmieren-mit-Lego-1024x683.jpg\" alt=\"\" width=\"604\" height=\"403\" srcset=\"https:\/\/altgsgrebenstein.de\/wp-content\/uploads\/2025\/03\/Programmieren-mit-Lego-1024x683.jpg 1024w, https:\/\/altgsgrebenstein.de\/wp-content\/uploads\/2025\/03\/Programmieren-mit-Lego-300x200.jpg 300w, https:\/\/altgsgrebenstein.de\/wp-content\/uploads\/2025\/03\/Programmieren-mit-Lego-768x512.jpg 768w, https:\/\/altgsgrebenstein.de\/wp-content\/uploads\/2025\/03\/Programmieren-mit-Lego-1536x1024.jpg 1536w, https:\/\/altgsgrebenstein.de\/wp-content\/uploads\/2025\/03\/Programmieren-mit-Lego-2048x1365.jpg 2048w\" sizes=\"(max-width: 604px) 100vw, 604px\" \/><\/a><\/p>\n<p>So gingen dann mit der Abfahrt unserer G\u00e4ste am Samstagmorgen zwei besondere Wochen im Leben der teilnehmenden Sch\u00fcler und Sch\u00fclerinnen zu Ende, von der wir hoffen, dass sie lohnend waren und sich jeder pers\u00f6nlich weiterentwickeln konnte.<\/p>\n","protected":false},"excerpt":{"rendered":"<p>Austausch! Zwei Wochen raus aus der Schule! Italien! Sarsina!? In einer mir noch fremden Familie \u00fcbernachten! Freunde in einem mir noch fremden Land finden? Was mag den Sch\u00fclerinnen und Sch\u00fclern alles durch den Kopf gegangen sein, als der Zeitpunkt des Austauschs mit der Schule der Grebensteiner Partnerstadt Sarsina (in der Emilia Romagna am \u00dcbergang der &hellip; <a href=\"https:\/\/altgsgrebenstein.de\/?p=17928\" class=\"more-link\"><span class=\"screen-reader-text\">Sarsina-Austausch 2025<\/span> weiterlesen <span class=\"meta-nav\">&rarr;<\/span><\/a><\/p>\n","protected":false},"author":28,"featured_media":0,"comment_status":"closed","ping_status":"closed","sticky":false,"template":"","format":"standard","meta":{"saved_in_kubio":false,"footnotes":""},"categories":[1],"tags":[],"class_list":["post-17928","post","type-post","status-publish","format-standard","hentry","category-uncategorized"],"_links":{"self":[{"href":"https:\/\/altgsgrebenstein.de\/index.php?rest_route=\/wp\/v2\/posts\/17928","targetHints":{"allow":["GET"]}}],"collection":[{"href":"https:\/\/altgsgrebenstein.de\/index.php?rest_route=\/wp\/v2\/posts"}],"about":[{"href":"https:\/\/altgsgrebenstein.de\/index.php?rest_route=\/wp\/v2\/types\/post"}],"author":[{"embeddable":true,"href":"https:\/\/altgsgrebenstein.de\/index.php?rest_route=\/wp\/v2\/users\/28"}],"replies":[{"embeddable":true,"href":"https:\/\/altgsgrebenstein.de\/index.php?rest_route=%2Fwp%2Fv2%2Fcomments&post=17928"}],"version-history":[{"count":1,"href":"https:\/\/altgsgrebenstein.de\/index.php?rest_route=\/wp\/v2\/posts\/17928\/revisions"}],"predecessor-version":[{"id":17946,"href":"https:\/\/altgsgrebenstein.de\/index.php?rest_route=\/wp\/v2\/posts\/17928\/revisions\/17946"}],"wp:attachment":[{"href":"https:\/\/altgsgrebenstein.de\/index.php?rest_route=%2Fwp%2Fv2%2Fmedia&parent=17928"}],"wp:term":[{"taxonomy":"category","embeddable":true,"href":"https:\/\/altgsgrebenstein.de\/index.php?rest_route=%2Fwp%2Fv2%2Fcategories&post=17928"},{"taxonomy":"post_tag","embeddable":true,"href":"https:\/\/altgsgrebenstein.de\/index.php?rest_route=%2Fwp%2Fv2%2Ftags&post=17928"}],"curies":[{"name":"wp","href":"https:\/\/api.w.org\/{rel}","templated":true}]}}