{"id":17893,"date":"2025-03-24T15:41:55","date_gmt":"2025-03-24T14:41:55","guid":{"rendered":"http:\/\/altgsgrebenstein.de\/?p=17893"},"modified":"2025-03-24T15:49:14","modified_gmt":"2025-03-24T14:49:14","slug":"r8a-pflanzt-baeume-im-reinhardswald","status":"publish","type":"post","link":"https:\/\/altgsgrebenstein.de\/?p=17893","title":{"rendered":"R8a pflanzt B\u00e4ume im Reinhardswald"},"content":{"rendered":"<p><span style=\"font-size: 10pt; font-family: verdana, geneva, sans-serif;\">Am 20.03.25 waren wir (Klasse R8a) mit Frau Fromm, im Reinhardswald zum B\u00e4ume pflanzen.<\/span><!--more--><\/p>\n<p><span style=\"font-size: 10pt; font-family: verdana, geneva, sans-serif;\">Wir haben uns morgens am Bahnhof in Grebenstein getroffen, von dort aus sind wir mit der RT nach Hofgeismar gefahren. In Hofgeismar sind wir dann in einen Bus umgestiegen und in den Reinhardswald gefahren. Dort angekommen haben wir die F\u00f6rsterin Anna und ihre beiden Hunde \u201eKleiner Muck\u201c und \u201eFlora\u201c kennengelernt. Mit denen sind wir dann in den Wald gegangen. Dort haben wir eine kleine Vorstellungsrunde gemacht und erz\u00e4hlt, was wir pers\u00f6nlich mit dem Wald verbinden und wann wir das letzte Mal im Wald waren. Au\u00dferdem haben wir einen Grundriss eines Baumes mit einem Seil gelegt und von Anna erkl\u00e4rt bekommen, was ein Baum zum \u00dcberleben braucht. Dabei haben wir auch noch unterschiedliche Arten von B\u00e4umen kennengelernt. Hiernach sind wir mit Anna an die Stelle im Wald gegangen, an der wir sp\u00e4ter die B\u00e4ume gepflanzt haben. Dort konnten wir erstmal eine Fr\u00fchst\u00fcckspause mit Brezeln und Apfelschorle machen. Die Fr\u00fchst\u00fcckspause wurde von den F\u00f6rstern organisiert, die uns dann anschlie\u00dfend etwas \u00fcber den Zustand des Waldes erz\u00e4hlt haben.<\/span><\/p>\n<p><span style=\"font-family: verdana, geneva, sans-serif; font-size: 10pt;\"><img decoding=\"async\" class=\"size-medium wp-image-17898 alignleft\" src=\"http:\/\/altgsgrebenstein.de\/wp-content\/uploads\/2025\/03\/IMG-20250324-WA0003-300x225.jpg\" alt=\"\" width=\"300\" height=\"225\" srcset=\"https:\/\/altgsgrebenstein.de\/wp-content\/uploads\/2025\/03\/IMG-20250324-WA0003-300x225.jpg 300w, https:\/\/altgsgrebenstein.de\/wp-content\/uploads\/2025\/03\/IMG-20250324-WA0003-1024x768.jpg 1024w, https:\/\/altgsgrebenstein.de\/wp-content\/uploads\/2025\/03\/IMG-20250324-WA0003-768x576.jpg 768w, https:\/\/altgsgrebenstein.de\/wp-content\/uploads\/2025\/03\/IMG-20250324-WA0003-1536x1152.jpg 1536w, https:\/\/altgsgrebenstein.de\/wp-content\/uploads\/2025\/03\/IMG-20250324-WA0003.jpg 1600w\" sizes=\"(max-width: 300px) 100vw, 300px\" \/>Nach der Pause hat Anna uns gezeigt, wie man einen Baum richtig einpflanzt. Nach der Erkl\u00e4rung sind wir in kleine Gruppen aufgeteilt worden. Wir haben eine Reihe zugeteilt bekommen, in der wir die B\u00e4ume einpflanzen sollten. An diesem Tag haben wir Roteichen gepflanzt, da uns der F\u00f6rster erkl\u00e4rt hatte, dass diese sehr gut mit der Trockenheit umgehen k\u00f6nnen. In den letzten Jahren kam es immer wieder zu langen Trockenperioden und f\u00fcr diese Zeiten w\u00e4ren die Roteichen besonders geeignet.<\/span><\/p>\n<p><span style=\"font-family: verdana, geneva, sans-serif; font-size: 10pt;\">Sp\u00e4ter kamen dann auch noch die B\u00fcrgermeister von Hofgeismar, Trendelburg, Immenhausen und ein Vertreter des B\u00fcrgermeisters von Grebenstein sowie ein Reporter der HNA dazu.\u00a0 Auch sie haben beim Pflanzen geholfen. Am Ende hat die HNA noch Fotos von uns gemacht. Dieses war am Freitag, den 21.03.25 mit einem Artikel in der HNA zu sehen.<\/span><\/p>\n<p><span style=\"font-family: verdana, geneva, sans-serif; font-size: 10pt;\"><img decoding=\"async\" class=\"size-medium wp-image-17897 alignnone\" src=\"http:\/\/altgsgrebenstein.de\/wp-content\/uploads\/2025\/03\/IMG-20250324-WA0002-225x300.jpg\" alt=\"\" width=\"225\" height=\"300\" srcset=\"https:\/\/altgsgrebenstein.de\/wp-content\/uploads\/2025\/03\/IMG-20250324-WA0002-225x300.jpg 225w, https:\/\/altgsgrebenstein.de\/wp-content\/uploads\/2025\/03\/IMG-20250324-WA0002-768x1024.jpg 768w, https:\/\/altgsgrebenstein.de\/wp-content\/uploads\/2025\/03\/IMG-20250324-WA0002-1152x1536.jpg 1152w, https:\/\/altgsgrebenstein.de\/wp-content\/uploads\/2025\/03\/IMG-20250324-WA0002.jpg 1200w\" sizes=\"(max-width: 225px) 100vw, 225px\" \/> <img decoding=\"async\" class=\"size-medium wp-image-17899 alignnone\" src=\"http:\/\/altgsgrebenstein.de\/wp-content\/uploads\/2025\/03\/IMG-20250324-WA0004-225x300.jpg\" alt=\"\" width=\"225\" height=\"300\" srcset=\"https:\/\/altgsgrebenstein.de\/wp-content\/uploads\/2025\/03\/IMG-20250324-WA0004-225x300.jpg 225w, https:\/\/altgsgrebenstein.de\/wp-content\/uploads\/2025\/03\/IMG-20250324-WA0004-768x1024.jpg 768w, https:\/\/altgsgrebenstein.de\/wp-content\/uploads\/2025\/03\/IMG-20250324-WA0004-1152x1536.jpg 1152w, https:\/\/altgsgrebenstein.de\/wp-content\/uploads\/2025\/03\/IMG-20250324-WA0004.jpg 1200w\" sizes=\"(max-width: 225px) 100vw, 225px\" \/><\/span><\/p>\n<p><span style=\"font-family: verdana, geneva, sans-serif; font-size: 10pt;\">Insgesamt haben wir 250 B\u00e4ume gepflanzt. Anschlie\u00dfend hat uns Anna mit den beiden Hunden zur Bushaltestelle gebracht.\u00a0 Daraufhin sind wir wieder nach Grebenstein gefahren. Wir hatten einen sehr sch\u00f6nen Ausflug, der uns sehr gut gefallen hat. Das Pflanzen der B\u00e4ume hat uns auch gro\u00dfen Spa\u00df bereitet.<\/span><\/p>\n<p><span style=\"font-family: verdana, geneva, sans-serif; font-size: 10pt;\"> <img decoding=\"async\" class=\"size-medium wp-image-17900 alignnone\" src=\"http:\/\/altgsgrebenstein.de\/wp-content\/uploads\/2025\/03\/IMG-20250324-WA0005-300x225.jpg\" alt=\"\" width=\"300\" height=\"225\" srcset=\"https:\/\/altgsgrebenstein.de\/wp-content\/uploads\/2025\/03\/IMG-20250324-WA0005-300x225.jpg 300w, https:\/\/altgsgrebenstein.de\/wp-content\/uploads\/2025\/03\/IMG-20250324-WA0005-1024x768.jpg 1024w, https:\/\/altgsgrebenstein.de\/wp-content\/uploads\/2025\/03\/IMG-20250324-WA0005-768x576.jpg 768w, https:\/\/altgsgrebenstein.de\/wp-content\/uploads\/2025\/03\/IMG-20250324-WA0005-1536x1152.jpg 1536w, https:\/\/altgsgrebenstein.de\/wp-content\/uploads\/2025\/03\/IMG-20250324-WA0005.jpg 1600w\" sizes=\"(max-width: 300px) 100vw, 300px\" \/> <img decoding=\"async\" class=\"size-medium wp-image-17901 alignnone\" src=\"http:\/\/altgsgrebenstein.de\/wp-content\/uploads\/2025\/03\/IMG-20250324-WA0006-225x300.jpg\" alt=\"\" width=\"225\" height=\"300\" srcset=\"https:\/\/altgsgrebenstein.de\/wp-content\/uploads\/2025\/03\/IMG-20250324-WA0006-225x300.jpg 225w, https:\/\/altgsgrebenstein.de\/wp-content\/uploads\/2025\/03\/IMG-20250324-WA0006-768x1024.jpg 768w, https:\/\/altgsgrebenstein.de\/wp-content\/uploads\/2025\/03\/IMG-20250324-WA0006-1152x1536.jpg 1152w, https:\/\/altgsgrebenstein.de\/wp-content\/uploads\/2025\/03\/IMG-20250324-WA0006.jpg 1200w\" sizes=\"(max-width: 225px) 100vw, 225px\" \/><\/span><\/p>\n<p><span style=\"font-family: verdana, geneva, sans-serif; font-size: 10pt;\">Liv Kirchner &amp; Leona von Juterczenka R8a<\/span><\/p>\n","protected":false},"excerpt":{"rendered":"<p>Am 20.03.25 waren wir (Klasse R8a) mit Frau Fromm, im Reinhardswald zum B\u00e4ume pflanzen.<\/p>\n","protected":false},"author":13,"featured_media":17896,"comment_status":"closed","ping_status":"closed","sticky":false,"template":"","format":"standard","meta":{"saved_in_kubio":false,"footnotes":""},"categories":[116],"tags":[],"class_list":["post-17893","post","type-post","status-publish","format-standard","has-post-thumbnail","hentry","category-aktuell"],"_links":{"self":[{"href":"https:\/\/altgsgrebenstein.de\/index.php?rest_route=\/wp\/v2\/posts\/17893","targetHints":{"allow":["GET"]}}],"collection":[{"href":"https:\/\/altgsgrebenstein.de\/index.php?rest_route=\/wp\/v2\/posts"}],"about":[{"href":"https:\/\/altgsgrebenstein.de\/index.php?rest_route=\/wp\/v2\/types\/post"}],"author":[{"embeddable":true,"href":"https:\/\/altgsgrebenstein.de\/index.php?rest_route=\/wp\/v2\/users\/13"}],"replies":[{"embeddable":true,"href":"https:\/\/altgsgrebenstein.de\/index.php?rest_route=%2Fwp%2Fv2%2Fcomments&post=17893"}],"version-history":[{"count":5,"href":"https:\/\/altgsgrebenstein.de\/index.php?rest_route=\/wp\/v2\/posts\/17893\/revisions"}],"predecessor-version":[{"id":17904,"href":"https:\/\/altgsgrebenstein.de\/index.php?rest_route=\/wp\/v2\/posts\/17893\/revisions\/17904"}],"wp:featuredmedia":[{"embeddable":true,"href":"https:\/\/altgsgrebenstein.de\/index.php?rest_route=\/wp\/v2\/media\/17896"}],"wp:attachment":[{"href":"https:\/\/altgsgrebenstein.de\/index.php?rest_route=%2Fwp%2Fv2%2Fmedia&parent=17893"}],"wp:term":[{"taxonomy":"category","embeddable":true,"href":"https:\/\/altgsgrebenstein.de\/index.php?rest_route=%2Fwp%2Fv2%2Fcategories&post=17893"},{"taxonomy":"post_tag","embeddable":true,"href":"https:\/\/altgsgrebenstein.de\/index.php?rest_route=%2Fwp%2Fv2%2Ftags&post=17893"}],"curies":[{"name":"wp","href":"https:\/\/api.w.org\/{rel}","templated":true}]}}