{"id":17850,"date":"2025-03-11T07:41:53","date_gmt":"2025-03-11T06:41:53","guid":{"rendered":"http:\/\/altgsgrebenstein.de\/?p=17850"},"modified":"2025-03-11T07:41:53","modified_gmt":"2025-03-11T06:41:53","slug":"der-neue-hgs-podcast-cafe-beruf","status":"publish","type":"post","link":"https:\/\/altgsgrebenstein.de\/?p=17850","title":{"rendered":"Der neue HGS-Podcast: Caf\u00e9 Beruf"},"content":{"rendered":"<p>Hallo liebe Schulgemeinschaft,<\/p>\n<p>&nbsp;<\/p>\n<p>wir von der Podcast-AG freuen uns, Euch unseren neuen Podcast vorstellen zu k\u00f6nnen. J<\/p>\n<p>Vor ungef\u00e4hr einem Monat fand an der HGS das 40. Caf\u00e9 Beruf statt.<\/p>\n<p>In dieser Folge stellen wir Euch das Caf\u00e9 Beruf vor. Au\u00dferdem haben wir nach der Veranstaltung mit Frau Gilfert, die die Veranstaltung haupts\u00e4chlich organisiert, gesprochen.<\/p>\n<p>Wie hat sich die Berufemesse an der HGS im Laufe der Jahre ver\u00e4ndert?<\/p>\n<p>War das 40. Caf\u00e9 Beruf erfolgreich?<\/p>\n<p>Was denken die teilnehmenden Sch\u00fcler*innen und Betriebe?<\/p>\n<p>In dieser Folge erfahrt Ihr es. Viel Spa\u00df dabei!<\/p>\n<!--[if lt IE 9]><script>document.createElement('audio');<\/script><![endif]-->\n<audio class=\"wp-audio-shortcode\" id=\"audio-17850-1\" preload=\"none\" style=\"width: 100%;\" controls=\"controls\"><source type=\"audio\/mpeg\" src=\"http:\/\/altgsgrebenstein.de\/wp-content\/uploads\/2025\/03\/cafe-beruf-einleitung_Pw7uHTRM.m4a?_=1\" \/><a href=\"http:\/\/altgsgrebenstein.de\/wp-content\/uploads\/2025\/03\/cafe-beruf-einleitung_Pw7uHTRM.m4a\">http:\/\/altgsgrebenstein.de\/wp-content\/uploads\/2025\/03\/cafe-beruf-einleitung_Pw7uHTRM.m4a<\/a><\/audio>\n<p>&nbsp;<\/p>\n<p>Eure Podcast-AG<\/p>\n","protected":false},"excerpt":{"rendered":"<p>Hallo liebe Schulgemeinschaft, &nbsp; wir von der Podcast-AG freuen uns, Euch unseren neuen Podcast vorstellen zu k\u00f6nnen. J Vor ungef\u00e4hr einem Monat fand an der HGS das 40. Caf\u00e9 Beruf statt. In dieser Folge stellen wir Euch das Caf\u00e9 Beruf vor. Au\u00dferdem haben wir nach der Veranstaltung mit Frau Gilfert, die die Veranstaltung haupts\u00e4chlich organisiert, &hellip; <a href=\"https:\/\/altgsgrebenstein.de\/?p=17850\" class=\"more-link\"><span class=\"screen-reader-text\">Der neue HGS-Podcast: Caf\u00e9 Beruf<\/span> weiterlesen <span class=\"meta-nav\">&rarr;<\/span><\/a><\/p>\n","protected":false},"author":28,"featured_media":0,"comment_status":"closed","ping_status":"closed","sticky":false,"template":"","format":"standard","meta":{"saved_in_kubio":false,"footnotes":""},"categories":[1],"tags":[],"class_list":["post-17850","post","type-post","status-publish","format-standard","hentry","category-uncategorized"],"_links":{"self":[{"href":"https:\/\/altgsgrebenstein.de\/index.php?rest_route=\/wp\/v2\/posts\/17850","targetHints":{"allow":["GET"]}}],"collection":[{"href":"https:\/\/altgsgrebenstein.de\/index.php?rest_route=\/wp\/v2\/posts"}],"about":[{"href":"https:\/\/altgsgrebenstein.de\/index.php?rest_route=\/wp\/v2\/types\/post"}],"author":[{"embeddable":true,"href":"https:\/\/altgsgrebenstein.de\/index.php?rest_route=\/wp\/v2\/users\/28"}],"replies":[{"embeddable":true,"href":"https:\/\/altgsgrebenstein.de\/index.php?rest_route=%2Fwp%2Fv2%2Fcomments&post=17850"}],"version-history":[{"count":1,"href":"https:\/\/altgsgrebenstein.de\/index.php?rest_route=\/wp\/v2\/posts\/17850\/revisions"}],"predecessor-version":[{"id":17852,"href":"https:\/\/altgsgrebenstein.de\/index.php?rest_route=\/wp\/v2\/posts\/17850\/revisions\/17852"}],"wp:attachment":[{"href":"https:\/\/altgsgrebenstein.de\/index.php?rest_route=%2Fwp%2Fv2%2Fmedia&parent=17850"}],"wp:term":[{"taxonomy":"category","embeddable":true,"href":"https:\/\/altgsgrebenstein.de\/index.php?rest_route=%2Fwp%2Fv2%2Fcategories&post=17850"},{"taxonomy":"post_tag","embeddable":true,"href":"https:\/\/altgsgrebenstein.de\/index.php?rest_route=%2Fwp%2Fv2%2Ftags&post=17850"}],"curies":[{"name":"wp","href":"https:\/\/api.w.org\/{rel}","templated":true}]}}