{"id":17804,"date":"2025-03-06T18:38:00","date_gmt":"2025-03-06T17:38:00","guid":{"rendered":"http:\/\/altgsgrebenstein.de\/?p=17804"},"modified":"2025-03-06T18:38:00","modified_gmt":"2025-03-06T17:38:00","slug":"diercke-wissen-geographiewettbewerb-2025","status":"publish","type":"post","link":"https:\/\/altgsgrebenstein.de\/?p=17804","title":{"rendered":"Diercke WISSEN Geographiewettbewerb 2025"},"content":{"rendered":"<p style=\"text-align: justify\">243 Teilnehmer, 11 Klassensieger, 6 Teilnehmer am Schulentscheid und 1 Schulsieger! Dieses Jahr nahm die Heinrich-Grupe-Schule zum ersten Mal am Geographiewettbewerb Diercke WISSEN teil und ermunterte so 243 Sch\u00fclerinnen und Sch\u00fcler, sich in Fragen zu Klimadiagrammen, geographischem Wissen oder amorphen Karten zu messen.<\/p>\n<p style=\"text-align: justify\">In diesem Durchgang nahmen die Sch\u00fclerinnen und Sch\u00fcler der Klassen G5a, G5b, G6a, G6b und F6b am Diercke WISSEN Junior teil, wobei jeweils ein Klassensieger ermittelt wurde. Dieser Wettbewerb ist speziell auf die 5. und 6. Klasse zugeschnitten.<\/p>\n<p style=\"text-align: justify\">Die Sch\u00fclerinnen und Sch\u00fcler der Klassen G8a, G8b, G9a, G9b, G10a und G10b nahmen am Wettbewerb f\u00fcr die \u201eGro\u00dfen\u201c teil, wobei der Klassensieger anschlie\u00dfend am Schulentscheid der besten 6 Sch\u00fcler teilnahm.<\/p>\n<figure id=\"attachment_17809\" aria-describedby=\"caption-attachment-17809\" style=\"width: 604px\" class=\"wp-caption alignnone\"><img decoding=\"async\" class=\"wp-image-17809 size-large\" src=\"http:\/\/altgsgrebenstein.de\/wp-content\/uploads\/2025\/03\/Diercke-1.-bis-3.-Platz_1-1024x777.jpg\" alt=\"\" width=\"604\" height=\"458\" srcset=\"https:\/\/altgsgrebenstein.de\/wp-content\/uploads\/2025\/03\/Diercke-1.-bis-3.-Platz_1-1024x777.jpg 1024w, https:\/\/altgsgrebenstein.de\/wp-content\/uploads\/2025\/03\/Diercke-1.-bis-3.-Platz_1-300x228.jpg 300w, https:\/\/altgsgrebenstein.de\/wp-content\/uploads\/2025\/03\/Diercke-1.-bis-3.-Platz_1-768x583.jpg 768w, https:\/\/altgsgrebenstein.de\/wp-content\/uploads\/2025\/03\/Diercke-1.-bis-3.-Platz_1-1536x1165.jpg 1536w, https:\/\/altgsgrebenstein.de\/wp-content\/uploads\/2025\/03\/Diercke-1.-bis-3.-Platz_1-2048x1554.jpg 2048w\" sizes=\"(max-width: 604px) 100vw, 604px\" \/><figcaption id=\"caption-attachment-17809\" class=\"wp-caption-text\">Schulsieger 2025 (v.l.n.r. Timotheus Kunz (G9a), Bastian Sasse (G10a) und Annika Faupel (G8a))<\/figcaption><\/figure>\n<p style=\"text-align: justify\">In diesem Jahr gewann der Sch\u00fcler Bastian Sasse aus der G10a den Schulwettbewerb, Platz zwei ging an Timotheus Kunz aus der G9a und den dritten Platz belegte Annika Faupel aus der G8a. Weitere Klassensieger waren Kerim Jusufovic (G9b), Mico Sharbaji (G10b) und Mian Berger (G8b). Die Klassensieger des Wettbewerbs Diercke WISSEN Junior waren Louis Schulze (G5a), Charlotte Lambrecht (G5b), Marvin Ledderhose (G6a), Melina Jung (G6b) und Johann Klinger (F6b).<\/p>\n<figure id=\"attachment_17810\" aria-describedby=\"caption-attachment-17810\" style=\"width: 604px\" class=\"wp-caption alignnone\"><img decoding=\"async\" class=\"wp-image-17810 size-large\" src=\"http:\/\/altgsgrebenstein.de\/wp-content\/uploads\/2025\/03\/Diercke-Gewinner-8-10_1-1024x671.jpg\" alt=\"\" width=\"604\" height=\"396\" srcset=\"https:\/\/altgsgrebenstein.de\/wp-content\/uploads\/2025\/03\/Diercke-Gewinner-8-10_1-1024x671.jpg 1024w, https:\/\/altgsgrebenstein.de\/wp-content\/uploads\/2025\/03\/Diercke-Gewinner-8-10_1-300x196.jpg 300w, https:\/\/altgsgrebenstein.de\/wp-content\/uploads\/2025\/03\/Diercke-Gewinner-8-10_1-768x503.jpg 768w, https:\/\/altgsgrebenstein.de\/wp-content\/uploads\/2025\/03\/Diercke-Gewinner-8-10_1-1536x1006.jpg 1536w, https:\/\/altgsgrebenstein.de\/wp-content\/uploads\/2025\/03\/Diercke-Gewinner-8-10_1-2048x1341.jpg 2048w\" sizes=\"(max-width: 604px) 100vw, 604px\" \/><figcaption id=\"caption-attachment-17810\" class=\"wp-caption-text\">Klassensieger (v.l.n.r. Timotheus Kunz (G9a), Annika Faupel (G8a), Kerim Jusufovic (G9b), Mico Sharbaji (G10b), Mian Berger (G8b), Bastian Sasse (G10a); Hr. Uebach (FB Gesellschaftslehre))<\/figcaption><\/figure>\n<p style=\"text-align: justify\">Neben der Urkunde erhielten alle Teilnehmerinnen und Teilnehmer einen Mensagutschein; der Schulsieger erhielt zus\u00e4tzlich noch einen Diercke Weltatlas zur geographischen Erkundung zuhause.<\/p>\n<figure id=\"attachment_17807\" aria-describedby=\"caption-attachment-17807\" style=\"width: 604px\" class=\"wp-caption alignnone\"><img decoding=\"async\" class=\"wp-image-17807 size-large\" src=\"http:\/\/altgsgrebenstein.de\/wp-content\/uploads\/2025\/03\/Diercke-Gewinner-Junior-5-6-1008x1024.jpg\" alt=\"\" width=\"604\" height=\"614\" srcset=\"https:\/\/altgsgrebenstein.de\/wp-content\/uploads\/2025\/03\/Diercke-Gewinner-Junior-5-6-1008x1024.jpg 1008w, https:\/\/altgsgrebenstein.de\/wp-content\/uploads\/2025\/03\/Diercke-Gewinner-Junior-5-6-295x300.jpg 295w, https:\/\/altgsgrebenstein.de\/wp-content\/uploads\/2025\/03\/Diercke-Gewinner-Junior-5-6-768x780.jpg 768w, https:\/\/altgsgrebenstein.de\/wp-content\/uploads\/2025\/03\/Diercke-Gewinner-Junior-5-6-1512x1536.jpg 1512w, https:\/\/altgsgrebenstein.de\/wp-content\/uploads\/2025\/03\/Diercke-Gewinner-Junior-5-6-2015x2048.jpg 2015w\" sizes=\"(max-width: 604px) 100vw, 604px\" \/><figcaption id=\"caption-attachment-17807\" class=\"wp-caption-text\">Klassensieger Diercke WISSEN Junior (v.l.n.r. Louis Schulze (G5a), Melina Jung (G6b), Charlotte Lambrecht (G5b); es fehlt: Marvin Ledderhose (G6a) und Johann Klinger (F6b))<\/figcaption><\/figure>\n<p style=\"text-align: justify\">Der Diercke WISSEN Wettbewerb feierte dieses Jahr sein 25. Jubil\u00e4um und ist Deutschlands gr\u00f6\u00dfter und bedeutendster Geographiewettbewerb. Teilnehmerinnen und Teilnehmer messen sich zun\u00e4chst auf Schulebene, um anschlie\u00dfend auf Landesebene und dann auf Bundesebene gegeneinander anzutreten.<\/p>\n<p style=\"text-align: justify\">Der Fachbereich Gesellschaftslehre sowie die gesamte Schulgemeinde gratulieren allen Klassensiegern sowie dem Schulsieger sehr herzlich und dr\u00fccken Bastian Sasse f\u00fcr die Teilnahme am Landeswettbewerb Hessen ganz fest die Daumen!<\/p>\n<p><em>Wilhelm Uebach<\/em><\/p>\n","protected":false},"excerpt":{"rendered":"<p>243 Teilnehmer, 11 Klassensieger, 6 Teilnehmer am Schulentscheid und 1 Schulsieger! Dieses Jahr nahm die Heinrich-Grupe-Schule zum ersten Mal am Geographiewettbewerb Diercke WISSEN teil und ermunterte so 243 Sch\u00fclerinnen und Sch\u00fcler, sich in Fragen zu Klimadiagrammen, geographischem Wissen oder amorphen Karten zu messen. In diesem Durchgang nahmen die Sch\u00fclerinnen und Sch\u00fcler der Klassen G5a, G5b, &hellip; <a href=\"https:\/\/altgsgrebenstein.de\/?p=17804\" class=\"more-link\"><span class=\"screen-reader-text\">Diercke WISSEN Geographiewettbewerb 2025<\/span> weiterlesen <span class=\"meta-nav\">&rarr;<\/span><\/a><\/p>\n","protected":false},"author":36,"featured_media":0,"comment_status":"closed","ping_status":"closed","sticky":false,"template":"","format":"standard","meta":{"saved_in_kubio":false,"footnotes":""},"categories":[1],"tags":[],"class_list":["post-17804","post","type-post","status-publish","format-standard","hentry","category-uncategorized"],"_links":{"self":[{"href":"https:\/\/altgsgrebenstein.de\/index.php?rest_route=\/wp\/v2\/posts\/17804","targetHints":{"allow":["GET"]}}],"collection":[{"href":"https:\/\/altgsgrebenstein.de\/index.php?rest_route=\/wp\/v2\/posts"}],"about":[{"href":"https:\/\/altgsgrebenstein.de\/index.php?rest_route=\/wp\/v2\/types\/post"}],"author":[{"embeddable":true,"href":"https:\/\/altgsgrebenstein.de\/index.php?rest_route=\/wp\/v2\/users\/36"}],"replies":[{"embeddable":true,"href":"https:\/\/altgsgrebenstein.de\/index.php?rest_route=%2Fwp%2Fv2%2Fcomments&post=17804"}],"version-history":[{"count":5,"href":"https:\/\/altgsgrebenstein.de\/index.php?rest_route=\/wp\/v2\/posts\/17804\/revisions"}],"predecessor-version":[{"id":17814,"href":"https:\/\/altgsgrebenstein.de\/index.php?rest_route=\/wp\/v2\/posts\/17804\/revisions\/17814"}],"wp:attachment":[{"href":"https:\/\/altgsgrebenstein.de\/index.php?rest_route=%2Fwp%2Fv2%2Fmedia&parent=17804"}],"wp:term":[{"taxonomy":"category","embeddable":true,"href":"https:\/\/altgsgrebenstein.de\/index.php?rest_route=%2Fwp%2Fv2%2Fcategories&post=17804"},{"taxonomy":"post_tag","embeddable":true,"href":"https:\/\/altgsgrebenstein.de\/index.php?rest_route=%2Fwp%2Fv2%2Ftags&post=17804"}],"curies":[{"name":"wp","href":"https:\/\/api.w.org\/{rel}","templated":true}]}}