{"id":17800,"date":"2025-03-06T11:19:27","date_gmt":"2025-03-06T10:19:27","guid":{"rendered":"http:\/\/altgsgrebenstein.de\/?p=17800"},"modified":"2025-03-06T11:19:27","modified_gmt":"2025-03-06T10:19:27","slug":"rosenmontag-an-der-hgs","status":"publish","type":"post","link":"https:\/\/altgsgrebenstein.de\/?p=17800","title":{"rendered":"Rosenmontag an der HGS"},"content":{"rendered":"<p>Am Rosenmontag, den 03. M\u00e4rz 2025, haben die Sch\u00fcler und Sch\u00fclerinnen des Jahrgangs 5 mit den Sch\u00fclerpaten und Sch\u00fclerpatinnen eine sch\u00f6ne Faschingsfeier erleben d\u00fcrfen.<\/p>\n<p>In der 1.-2. Stunde haben die Sch\u00fclerpaten und Sch\u00fclerpatinnen die neue Aula feierlich gestaltet und mit Hilfe eines Sch\u00fclers aus der Technik-AG f\u00fcr gute Musik gesorgt.<\/p>\n<p>Nach der 1. gro\u00dfen Pause wurden die Sch\u00fcler\/-innen der Jahrgangs 5 in einer Polonaise abgeholt und zur neuen Aula begleitet. Dort wartete schon das vorher bereitgestellte Buffet aus den selbst mitgebrachten Speisen.<\/p>\n<p>Die Sch\u00fclerpaten und Sch\u00fclerpatinnen veranstalteten einen Kost\u00fcmwettbewerb und mehrere Runden Stopptanz. Die Freude war gro\u00df und es wurde viel gelacht und mitgesungen.<\/p>\n<p><a href=\"http:\/\/altgsgrebenstein.de\/?attachment_id=17801\" rel=\"attachment wp-att-17801\"><img decoding=\"async\" class=\"aligncenter size-large wp-image-17801\" src=\"http:\/\/altgsgrebenstein.de\/wp-content\/uploads\/2025\/03\/Rosenmontag-Bild-1024x768.jpg\" alt=\"\" width=\"604\" height=\"453\" srcset=\"https:\/\/altgsgrebenstein.de\/wp-content\/uploads\/2025\/03\/Rosenmontag-Bild-1024x768.jpg 1024w, https:\/\/altgsgrebenstein.de\/wp-content\/uploads\/2025\/03\/Rosenmontag-Bild-300x225.jpg 300w, https:\/\/altgsgrebenstein.de\/wp-content\/uploads\/2025\/03\/Rosenmontag-Bild-768x576.jpg 768w, https:\/\/altgsgrebenstein.de\/wp-content\/uploads\/2025\/03\/Rosenmontag-Bild-1536x1152.jpg 1536w, https:\/\/altgsgrebenstein.de\/wp-content\/uploads\/2025\/03\/Rosenmontag-Bild-2048x1536.jpg 2048w\" sizes=\"(max-width: 604px) 100vw, 604px\" \/><\/a><\/p>\n<p>Wir hoffen das es n\u00e4chstes Jahr genauso sch\u00f6n wird wie dieses Jahr und sich n\u00e4chstes Jahr wieder so viele helfende Sch\u00fclerpaten und Sch\u00fclerpatinnen daran beteiligen<\/p>\n<p>Text: Alina Suchfort und Celine Engelbrecht<\/p>\n","protected":false},"excerpt":{"rendered":"<p>Am Rosenmontag, den 03. M\u00e4rz 2025, haben die Sch\u00fcler und Sch\u00fclerinnen des Jahrgangs 5 mit den Sch\u00fclerpaten und Sch\u00fclerpatinnen eine sch\u00f6ne Faschingsfeier erleben d\u00fcrfen. In der 1.-2. Stunde haben die Sch\u00fclerpaten und Sch\u00fclerpatinnen die neue Aula feierlich gestaltet und mit Hilfe eines Sch\u00fclers aus der Technik-AG f\u00fcr gute Musik gesorgt. Nach der 1. gro\u00dfen Pause &hellip; <a href=\"https:\/\/altgsgrebenstein.de\/?p=17800\" class=\"more-link\"><span class=\"screen-reader-text\">Rosenmontag an der HGS<\/span> weiterlesen <span class=\"meta-nav\">&rarr;<\/span><\/a><\/p>\n","protected":false},"author":28,"featured_media":0,"comment_status":"closed","ping_status":"closed","sticky":false,"template":"","format":"standard","meta":{"saved_in_kubio":false,"footnotes":""},"categories":[1],"tags":[],"class_list":["post-17800","post","type-post","status-publish","format-standard","hentry","category-uncategorized"],"_links":{"self":[{"href":"https:\/\/altgsgrebenstein.de\/index.php?rest_route=\/wp\/v2\/posts\/17800","targetHints":{"allow":["GET"]}}],"collection":[{"href":"https:\/\/altgsgrebenstein.de\/index.php?rest_route=\/wp\/v2\/posts"}],"about":[{"href":"https:\/\/altgsgrebenstein.de\/index.php?rest_route=\/wp\/v2\/types\/post"}],"author":[{"embeddable":true,"href":"https:\/\/altgsgrebenstein.de\/index.php?rest_route=\/wp\/v2\/users\/28"}],"replies":[{"embeddable":true,"href":"https:\/\/altgsgrebenstein.de\/index.php?rest_route=%2Fwp%2Fv2%2Fcomments&post=17800"}],"version-history":[{"count":1,"href":"https:\/\/altgsgrebenstein.de\/index.php?rest_route=\/wp\/v2\/posts\/17800\/revisions"}],"predecessor-version":[{"id":17802,"href":"https:\/\/altgsgrebenstein.de\/index.php?rest_route=\/wp\/v2\/posts\/17800\/revisions\/17802"}],"wp:attachment":[{"href":"https:\/\/altgsgrebenstein.de\/index.php?rest_route=%2Fwp%2Fv2%2Fmedia&parent=17800"}],"wp:term":[{"taxonomy":"category","embeddable":true,"href":"https:\/\/altgsgrebenstein.de\/index.php?rest_route=%2Fwp%2Fv2%2Fcategories&post=17800"},{"taxonomy":"post_tag","embeddable":true,"href":"https:\/\/altgsgrebenstein.de\/index.php?rest_route=%2Fwp%2Fv2%2Ftags&post=17800"}],"curies":[{"name":"wp","href":"https:\/\/api.w.org\/{rel}","templated":true}]}}