{"id":17787,"date":"2025-02-24T11:51:57","date_gmt":"2025-02-24T10:51:57","guid":{"rendered":"http:\/\/altgsgrebenstein.de\/?p=17787"},"modified":"2025-02-24T11:51:57","modified_gmt":"2025-02-24T10:51:57","slug":"teilnahme-an-der-juniorwahl-zur-bundestagswahl-2025","status":"publish","type":"post","link":"https:\/\/altgsgrebenstein.de\/?p=17787","title":{"rendered":"Teilnahme an der Juniorwahl zur Bundestagswahl 2025"},"content":{"rendered":"<p>Am vergangenen Freitag, 21.02.2025, haben die Sch\u00fclerinnen und Sch\u00fcler der Jahrg\u00e4nge 8-10 der HGS an der Juniorwahl zur Bundestagswahl 2025 teilgenommen. Mit gro\u00dfer Beteiligung und viel Interesse erlebten sie hautnah, wie eine demokratische Wahl abl\u00e4uft.<\/p>\n<p>Im Vorfeld der Wahl setzten sich die Sch\u00fclerinnen und Sch\u00fcler intensiv mit den Grundlagen der Demokratie, dem Wahlsystem und den politischen Positionen der zur Wahl stehenden Parteien auseinander.<\/p>\n<p>Am Wahltag wurde der Ablauf einer echten Wahl simuliert. Die Sch\u00fclerinnen und Sch\u00fcler kamen in das Wahllokal (Neue Aula), gaben ihre Stimmen in den vorbereiteten Wahlkabinen ab und warfen die Stimmzettel in eine Wahlurne. Nachdem alle 16 Klassen gew\u00e4hlt hatten, wurden die Stimmen durch den Wahlvorstand, Sch\u00fclerinnen und Sch\u00fcler der R10a sowie Frau Hofmeyer, ausgez\u00e4hlt.<\/p>\n<p><img decoding=\"async\" class=\"alignnone size-large wp-image-17789\" src=\"http:\/\/altgsgrebenstein.de\/wp-content\/uploads\/2025\/02\/IMG_0709-1024x546.jpeg\" alt=\"\" width=\"604\" height=\"322\" srcset=\"https:\/\/altgsgrebenstein.de\/wp-content\/uploads\/2025\/02\/IMG_0709-1024x546.jpeg 1024w, https:\/\/altgsgrebenstein.de\/wp-content\/uploads\/2025\/02\/IMG_0709-300x160.jpeg 300w, https:\/\/altgsgrebenstein.de\/wp-content\/uploads\/2025\/02\/IMG_0709-768x409.jpeg 768w, https:\/\/altgsgrebenstein.de\/wp-content\/uploads\/2025\/02\/IMG_0709-1536x819.jpeg 1536w, https:\/\/altgsgrebenstein.de\/wp-content\/uploads\/2025\/02\/IMG_0709-2048x1092.jpeg 2048w\" sizes=\"(max-width: 604px) 100vw, 604px\" \/><\/p>\n<p><em>(JH)<\/em><\/p>\n","protected":false},"excerpt":{"rendered":"<p>Am vergangenen Freitag, 21.02.2025, haben die Sch\u00fclerinnen und Sch\u00fcler der Jahrg\u00e4nge 8-10 der HGS an der Juniorwahl zur Bundestagswahl 2025 teilgenommen. Mit gro\u00dfer Beteiligung und viel Interesse erlebten sie hautnah, wie eine demokratische Wahl abl\u00e4uft. Im Vorfeld der Wahl setzten sich die Sch\u00fclerinnen und Sch\u00fcler intensiv mit den Grundlagen der Demokratie, dem Wahlsystem und den &hellip; <a href=\"https:\/\/altgsgrebenstein.de\/?p=17787\" class=\"more-link\"><span class=\"screen-reader-text\">Teilnahme an der Juniorwahl zur Bundestagswahl 2025<\/span> weiterlesen <span class=\"meta-nav\">&rarr;<\/span><\/a><\/p>\n","protected":false},"author":36,"featured_media":0,"comment_status":"closed","ping_status":"closed","sticky":false,"template":"","format":"standard","meta":{"saved_in_kubio":false,"footnotes":""},"categories":[1],"tags":[],"class_list":["post-17787","post","type-post","status-publish","format-standard","hentry","category-uncategorized"],"_links":{"self":[{"href":"https:\/\/altgsgrebenstein.de\/index.php?rest_route=\/wp\/v2\/posts\/17787","targetHints":{"allow":["GET"]}}],"collection":[{"href":"https:\/\/altgsgrebenstein.de\/index.php?rest_route=\/wp\/v2\/posts"}],"about":[{"href":"https:\/\/altgsgrebenstein.de\/index.php?rest_route=\/wp\/v2\/types\/post"}],"author":[{"embeddable":true,"href":"https:\/\/altgsgrebenstein.de\/index.php?rest_route=\/wp\/v2\/users\/36"}],"replies":[{"embeddable":true,"href":"https:\/\/altgsgrebenstein.de\/index.php?rest_route=%2Fwp%2Fv2%2Fcomments&post=17787"}],"version-history":[{"count":2,"href":"https:\/\/altgsgrebenstein.de\/index.php?rest_route=\/wp\/v2\/posts\/17787\/revisions"}],"predecessor-version":[{"id":17790,"href":"https:\/\/altgsgrebenstein.de\/index.php?rest_route=\/wp\/v2\/posts\/17787\/revisions\/17790"}],"wp:attachment":[{"href":"https:\/\/altgsgrebenstein.de\/index.php?rest_route=%2Fwp%2Fv2%2Fmedia&parent=17787"}],"wp:term":[{"taxonomy":"category","embeddable":true,"href":"https:\/\/altgsgrebenstein.de\/index.php?rest_route=%2Fwp%2Fv2%2Fcategories&post=17787"},{"taxonomy":"post_tag","embeddable":true,"href":"https:\/\/altgsgrebenstein.de\/index.php?rest_route=%2Fwp%2Fv2%2Ftags&post=17787"}],"curies":[{"name":"wp","href":"https:\/\/api.w.org\/{rel}","templated":true}]}}