{"id":17781,"date":"2025-02-21T08:14:06","date_gmt":"2025-02-21T07:14:06","guid":{"rendered":"http:\/\/altgsgrebenstein.de\/?p=17781"},"modified":"2025-02-21T08:14:06","modified_gmt":"2025-02-21T07:14:06","slug":"vorlesewettbewerb-kreisentscheid-2025-malte-suender-g6b-erfolgreich","status":"publish","type":"post","link":"https:\/\/altgsgrebenstein.de\/?p=17781","title":{"rendered":"Vorlesewettbewerb Kreisentscheid 2025 &#8211; Malte S\u00fcnder (G6b) erfolgreich"},"content":{"rendered":"<p>15 Sch\u00fclerinnen und Sch\u00fcler waren in diesem Jahr zum Kreisentscheid Vorlesewettbewerb<br \/>\n2025 in die Aula der Ahnatal-Schule nach Vellmar gekommen. Eine wirklich gro\u00dfe Anzahl, so Frau Schmidt von der Ahnatal-Schule in ihrer Begr\u00fc\u00dfung.<\/p>\n<p>Begleitet von Eltern, Freunden und Deutschlehrern und -lehrerinnen wurden alle vom<br \/>\nOrchester der Musikklasse 6 w\u00fcrdevoll empfangen.<\/p>\n<p><a href=\"http:\/\/altgsgrebenstein.de\/?attachment_id=17782\" rel=\"attachment wp-att-17782\"><img decoding=\"async\" class=\"aligncenter size-large wp-image-17782\" src=\"http:\/\/altgsgrebenstein.de\/wp-content\/uploads\/2025\/02\/IMG-20250220-WA0004-1024x297.jpg\" alt=\"\" width=\"604\" height=\"175\" srcset=\"https:\/\/altgsgrebenstein.de\/wp-content\/uploads\/2025\/02\/IMG-20250220-WA0004-1024x297.jpg 1024w, https:\/\/altgsgrebenstein.de\/wp-content\/uploads\/2025\/02\/IMG-20250220-WA0004-300x87.jpg 300w, https:\/\/altgsgrebenstein.de\/wp-content\/uploads\/2025\/02\/IMG-20250220-WA0004-768x223.jpg 768w, https:\/\/altgsgrebenstein.de\/wp-content\/uploads\/2025\/02\/IMG-20250220-WA0004-1536x446.jpg 1536w, https:\/\/altgsgrebenstein.de\/wp-content\/uploads\/2025\/02\/IMG-20250220-WA0004.jpg 1997w\" sizes=\"(max-width: 604px) 100vw, 604px\" \/><\/a><\/p>\n<p>Die Aufregung war gro\u00df, denn jetzt musste man gegen die besten aller Schulen aus dem<br \/>\ngesamten Landkreis lesen. Keine einfache Aufgabe, aber eine machbare.<br \/>\nMalte S\u00fcnder aus der G6b kam mit dem Vorlesen seines Buches \u201eWOLF\u201c von Sascha<br \/>\nStanisic als letzter Vorlesende dran. Eine echte Nervenprobe. Aber Malte zeigte<br \/>\nNervenst\u00e4rke und gestaltete seine ausgew\u00e4hlte Lesestelle spannend, betont und souver\u00e4n<br \/>\nund gelangte so in die Endrunde.<\/p>\n<p>Hier galt es aus einem Fremdtext zu lesen und sich gegen f\u00fcnf weitere Sch\u00fclerinnen und<br \/>\nSch\u00fcler durchzusetzen.<br \/>\nAuch dabei hatte Malte die Nase vorn und wird nun die HGS im Regionalentscheid in Korbach<br \/>\nvertreten.<\/p>\n<p><a href=\"http:\/\/altgsgrebenstein.de\/?attachment_id=17783\" rel=\"attachment wp-att-17783\"><img decoding=\"async\" class=\"aligncenter size-full wp-image-17783\" src=\"http:\/\/altgsgrebenstein.de\/wp-content\/uploads\/2025\/02\/IMG-20250220-WA0001.jpg\" alt=\"\" width=\"695\" height=\"617\" srcset=\"https:\/\/altgsgrebenstein.de\/wp-content\/uploads\/2025\/02\/IMG-20250220-WA0001.jpg 695w, https:\/\/altgsgrebenstein.de\/wp-content\/uploads\/2025\/02\/IMG-20250220-WA0001-300x266.jpg 300w\" sizes=\"(max-width: 695px) 100vw, 695px\" \/><\/a><\/p>\n<p>Bravo Malte!! Herzlichen Gl\u00fcckwunsch und alles Gute f\u00fcr den weiteren<br \/>\nWettbewerb. \u00dcbrigens hatte im letzten Jahr hierbei auch ein Sch\u00fcler der HGS gewonnen.<br \/>\n(RHB)<\/p>\n","protected":false},"excerpt":{"rendered":"<p>15 Sch\u00fclerinnen und Sch\u00fcler waren in diesem Jahr zum Kreisentscheid Vorlesewettbewerb 2025 in die Aula der Ahnatal-Schule nach Vellmar gekommen. Eine wirklich gro\u00dfe Anzahl, so Frau Schmidt von der Ahnatal-Schule in ihrer Begr\u00fc\u00dfung. Begleitet von Eltern, Freunden und Deutschlehrern und -lehrerinnen wurden alle vom Orchester der Musikklasse 6 w\u00fcrdevoll empfangen. Die Aufregung war gro\u00df, denn &hellip; <a href=\"https:\/\/altgsgrebenstein.de\/?p=17781\" class=\"more-link\"><span class=\"screen-reader-text\">Vorlesewettbewerb Kreisentscheid 2025 &#8211; Malte S\u00fcnder (G6b) erfolgreich<\/span> weiterlesen <span class=\"meta-nav\">&rarr;<\/span><\/a><\/p>\n","protected":false},"author":28,"featured_media":0,"comment_status":"closed","ping_status":"closed","sticky":false,"template":"","format":"standard","meta":{"saved_in_kubio":false,"footnotes":""},"categories":[1],"tags":[],"class_list":["post-17781","post","type-post","status-publish","format-standard","hentry","category-uncategorized"],"_links":{"self":[{"href":"https:\/\/altgsgrebenstein.de\/index.php?rest_route=\/wp\/v2\/posts\/17781","targetHints":{"allow":["GET"]}}],"collection":[{"href":"https:\/\/altgsgrebenstein.de\/index.php?rest_route=\/wp\/v2\/posts"}],"about":[{"href":"https:\/\/altgsgrebenstein.de\/index.php?rest_route=\/wp\/v2\/types\/post"}],"author":[{"embeddable":true,"href":"https:\/\/altgsgrebenstein.de\/index.php?rest_route=\/wp\/v2\/users\/28"}],"replies":[{"embeddable":true,"href":"https:\/\/altgsgrebenstein.de\/index.php?rest_route=%2Fwp%2Fv2%2Fcomments&post=17781"}],"version-history":[{"count":1,"href":"https:\/\/altgsgrebenstein.de\/index.php?rest_route=\/wp\/v2\/posts\/17781\/revisions"}],"predecessor-version":[{"id":17784,"href":"https:\/\/altgsgrebenstein.de\/index.php?rest_route=\/wp\/v2\/posts\/17781\/revisions\/17784"}],"wp:attachment":[{"href":"https:\/\/altgsgrebenstein.de\/index.php?rest_route=%2Fwp%2Fv2%2Fmedia&parent=17781"}],"wp:term":[{"taxonomy":"category","embeddable":true,"href":"https:\/\/altgsgrebenstein.de\/index.php?rest_route=%2Fwp%2Fv2%2Fcategories&post=17781"},{"taxonomy":"post_tag","embeddable":true,"href":"https:\/\/altgsgrebenstein.de\/index.php?rest_route=%2Fwp%2Fv2%2Ftags&post=17781"}],"curies":[{"name":"wp","href":"https:\/\/api.w.org\/{rel}","templated":true}]}}