{"id":17748,"date":"2025-02-13T10:11:27","date_gmt":"2025-02-13T09:11:27","guid":{"rendered":"http:\/\/altgsgrebenstein.de\/?p=17748"},"modified":"2025-02-13T10:11:27","modified_gmt":"2025-02-13T09:11:27","slug":"mein-fsj-an-der-heinrich-grupe-schule","status":"publish","type":"post","link":"https:\/\/altgsgrebenstein.de\/?p=17748","title":{"rendered":"Mein FSJ an der Heinrich-Grupe-Schule"},"content":{"rendered":"<p style=\"text-align: left;\">Hallo, mein Name ist Hannah Schmidt, ich bin 20 Jahre alt und komme aus Calden.<br \/>\nSeit Beginn des Schuljahres 2024\/25 absolviere ich mein Freiwilliges Soziales Jahr<br \/>\n(FSJ) an der HGS.<br \/>\nIch habe mich f\u00fcr das FSJ entschieden, um nach meiner Schulzeit neue Erfahrungen<br \/>\nzu sammeln, mich pers\u00f6nlich weiterzuentwickeln und um einen Einblick in das<br \/>\nBerufsleben zu bekommen. Zudem nutze ich das FSJ als Praxisjahr f\u00fcr mein<br \/>\nFachabitur, da ich bereits den schulischen Teil hierf\u00fcr absolviert habe.<\/p>\n<p style=\"text-align: left;\">F\u00fcr das FSJ habe ich mich im Dezember 2023 beim Deutschen Roten Kreuz Volunta<br \/>\nbeworben. Nach einem unkomplizierten Bewerbungsverfahren und der pers\u00f6nlichen<br \/>\nVorstellung hatte ich sehr schnell die Zusage f\u00fcr den Platz an der Heinrich-Grupe-<br \/>\nSchule. Dar\u00fcber habe ich mich sehr gefreut, da die HGS meine ehemalige Schule ist<br \/>\nund ich an meine Zeit als Sch\u00fclerin sehr sch\u00f6ne Erinnerungen habe. Im Sommer<br \/>\n2021 habe ich hier meinen Abschluss gemacht und freue mich sehr, dass ich mir die<br \/>\nSchule einmal aus einer anderen Perspektive anschauen darf.<\/p>\n<p style=\"text-align: left;\">Bis jetzt haben sich meine Erwartungen an das FSJ erf\u00fcllt und manche sogar<br \/>\n\u00fcbertroffen. Ich wurde hier mit offenen Armen empfangen, alle Kolleginnen und<br \/>\nKollegen sind sehr freundlich und hilfsbereit. Auch wenn der Alltag hier manchmal<br \/>\netwas stressig sein kann, gibt es immer jemanden, der ein offenes Ohr f\u00fcr mich hat.<br \/>\nDer Kontakt mit den Lehrerinnen und Lehrern bereichert mich sehr und es macht<br \/>\nSpa\u00df, sich mit vielen unterschiedlichen Menschen austauschen zu k\u00f6nnen.<br \/>\nMein Tag an der HGS ist abwechslungsreich und aufregend. Haupts\u00e4chlich<br \/>\nunterst\u00fctze ich das Sekretariat, aber ich bin auch im Unterricht dabei oder<br \/>\n\u00fcbernehme die Aufsicht in Vertretungsstunden. Zudem unterst\u00fctze ich das Kollegium<br \/>\nbei schulischen Veranstaltungen oder begleite Klassen auf Ausfl\u00fcgen. Au\u00dferdem<br \/>\nhabe ich einmal im Monat ein Seminar, indem ich mich mit anderen Freiwilligen zu<br \/>\nspannenden Themen und den jeweiligen Einsatzstellen austauschen kann. Dies ist<br \/>\nein interessantes Zusammentreffen und macht mir immer sehr viel Spa\u00df.<\/p>\n<p style=\"text-align: left;\">Ich bin noch bis zu den Sommerferien 2025 an der Heinrich-Grupe-Schule und<br \/>\nerhoffe mir, dass es bis dahin genauso gut weitergeht. Nach dieser Zeit m\u00f6chte ich<br \/>\nder HGS nat\u00fcrlich nicht den R\u00fccken kehren, sondern so oft es geht zu Besuch<br \/>\nkommen, denn die Menschen hier sind mir jetzt schon alle ans Herz gewachsen.<br \/>\nMein Plan nach dem FSJ ist es, Soziale Arbeit in Kassel zu studieren und mal<br \/>\nschauen, vielleicht komme ich in ein paar Jahren zum Berufseinstieg wieder zur\u00fcck.<br \/>\nDas Freiwillige Soziale Jahr an der Heinrich-Grupe-Schule kann ich sehr empfehlen.<br \/>\nEgal ob man gerne nach der Schule erst einmal praktische Erfahrungen sammeln<br \/>\nm\u00f6chte oder man sich noch unsicher ist, wie es f\u00fcr einen selbst beruflich<br \/>\nweitergehen soll. Die T\u00e4tigkeit ist vielseitig, abwechslungsreich und kein langweiliger<br \/>\nB\u00fcrojob. Als Anerkennung bekommt man ein monatliches Taschengeld und wird<br \/>\nzus\u00e4tzlich vom F\u00f6rderverein der Heinrich-Grupe-Schule unterst\u00fctzt.<\/p>\n<p><a href=\"http:\/\/altgsgrebenstein.de\/?attachment_id=17749\" rel=\"attachment wp-att-17749\"><img decoding=\"async\" class=\"size-large wp-image-17749\" src=\"http:\/\/altgsgrebenstein.de\/wp-content\/uploads\/2025\/02\/FSJ--1024x678.jpg\" alt=\"\" width=\"604\" height=\"400\" srcset=\"https:\/\/altgsgrebenstein.de\/wp-content\/uploads\/2025\/02\/FSJ--1024x678.jpg 1024w, https:\/\/altgsgrebenstein.de\/wp-content\/uploads\/2025\/02\/FSJ--300x199.jpg 300w, https:\/\/altgsgrebenstein.de\/wp-content\/uploads\/2025\/02\/FSJ--768x509.jpg 768w, https:\/\/altgsgrebenstein.de\/wp-content\/uploads\/2025\/02\/FSJ--1536x1017.jpg 1536w, https:\/\/altgsgrebenstein.de\/wp-content\/uploads\/2025\/02\/FSJ--2048x1356.jpg 2048w\" sizes=\"(max-width: 604px) 100vw, 604px\" \/><\/a><\/p>\n<p style=\"text-align: left;\">\nWenn ich Ihr\/Euer Interesse geweckt habe, folgt gerne dem Link, um weitere<br \/>\nInformationen \u00fcber das FSJ bei Volunta zu erhalten.<\/p>\n<p><a href=\"https:\/\/www.volunta.de\/\">https:\/\/www.volunta.de\/<\/a><\/p>\n","protected":false},"excerpt":{"rendered":"<p>Hallo, mein Name ist Hannah Schmidt, ich bin 20 Jahre alt und komme aus Calden. Seit Beginn des Schuljahres 2024\/25 absolviere ich mein Freiwilliges Soziales Jahr (FSJ) an der HGS. Ich habe mich f\u00fcr das FSJ entschieden, um nach meiner Schulzeit neue Erfahrungen zu sammeln, mich pers\u00f6nlich weiterzuentwickeln und um einen Einblick in das Berufsleben &hellip; <a href=\"https:\/\/altgsgrebenstein.de\/?p=17748\" class=\"more-link\"><span class=\"screen-reader-text\">Mein FSJ an der Heinrich-Grupe-Schule<\/span> weiterlesen <span class=\"meta-nav\">&rarr;<\/span><\/a><\/p>\n","protected":false},"author":28,"featured_media":0,"comment_status":"closed","ping_status":"closed","sticky":false,"template":"","format":"standard","meta":{"saved_in_kubio":false,"footnotes":""},"categories":[1],"tags":[],"class_list":["post-17748","post","type-post","status-publish","format-standard","hentry","category-uncategorized"],"_links":{"self":[{"href":"https:\/\/altgsgrebenstein.de\/index.php?rest_route=\/wp\/v2\/posts\/17748","targetHints":{"allow":["GET"]}}],"collection":[{"href":"https:\/\/altgsgrebenstein.de\/index.php?rest_route=\/wp\/v2\/posts"}],"about":[{"href":"https:\/\/altgsgrebenstein.de\/index.php?rest_route=\/wp\/v2\/types\/post"}],"author":[{"embeddable":true,"href":"https:\/\/altgsgrebenstein.de\/index.php?rest_route=\/wp\/v2\/users\/28"}],"replies":[{"embeddable":true,"href":"https:\/\/altgsgrebenstein.de\/index.php?rest_route=%2Fwp%2Fv2%2Fcomments&post=17748"}],"version-history":[{"count":1,"href":"https:\/\/altgsgrebenstein.de\/index.php?rest_route=\/wp\/v2\/posts\/17748\/revisions"}],"predecessor-version":[{"id":17750,"href":"https:\/\/altgsgrebenstein.de\/index.php?rest_route=\/wp\/v2\/posts\/17748\/revisions\/17750"}],"wp:attachment":[{"href":"https:\/\/altgsgrebenstein.de\/index.php?rest_route=%2Fwp%2Fv2%2Fmedia&parent=17748"}],"wp:term":[{"taxonomy":"category","embeddable":true,"href":"https:\/\/altgsgrebenstein.de\/index.php?rest_route=%2Fwp%2Fv2%2Fcategories&post=17748"},{"taxonomy":"post_tag","embeddable":true,"href":"https:\/\/altgsgrebenstein.de\/index.php?rest_route=%2Fwp%2Fv2%2Ftags&post=17748"}],"curies":[{"name":"wp","href":"https:\/\/api.w.org\/{rel}","templated":true}]}}