{"id":17720,"date":"2025-02-10T00:14:03","date_gmt":"2025-02-09T23:14:03","guid":{"rendered":"http:\/\/altgsgrebenstein.de\/?p=17720"},"modified":"2025-02-10T00:18:59","modified_gmt":"2025-02-09T23:18:59","slug":"apicius-bittet-zu-tisch-projekttag-roemisch-kochen-im-jahrgang-g8","status":"publish","type":"post","link":"https:\/\/altgsgrebenstein.de\/?p=17720","title":{"rendered":"&#8222;Apicius bittet zu Tisch!&#8220;-                                Projekttag &#8222;R\u00f6misch kochen&#8220; im Jahrgang G8"},"content":{"rendered":"<p><img decoding=\"async\" class=\"alignnone size-full wp-image-17730\" src=\"http:\/\/altgsgrebenstein.de\/wp-content\/uploads\/2025\/02\/IMG_1438-scaled.jpg\" alt=\"\" width=\"2560\" height=\"1920\" srcset=\"https:\/\/altgsgrebenstein.de\/wp-content\/uploads\/2025\/02\/IMG_1438-scaled.jpg 2560w, https:\/\/altgsgrebenstein.de\/wp-content\/uploads\/2025\/02\/IMG_1438-300x225.jpg 300w, https:\/\/altgsgrebenstein.de\/wp-content\/uploads\/2025\/02\/IMG_1438-1024x768.jpg 1024w, https:\/\/altgsgrebenstein.de\/wp-content\/uploads\/2025\/02\/IMG_1438-768x576.jpg 768w, https:\/\/altgsgrebenstein.de\/wp-content\/uploads\/2025\/02\/IMG_1438-1536x1152.jpg 1536w, https:\/\/altgsgrebenstein.de\/wp-content\/uploads\/2025\/02\/IMG_1438-2048x1536.jpg 2048w\" sizes=\"(max-width: 2560px) 100vw, 2560px\" \/><\/p>\n<p style=\"text-align: justify;\">Zu Beginn des neuen Schulhalbjahres erlebte der Lateinkurs der Jahrgangsstufe G8 im Rahmen eines Projekttages eine besondere Art des Lateinunterrichts: Anhand von \u00fcberlieferten Kochrezepten wagten sich die Lernenden in der Lehrk\u00fcche der Schule an die Zubereitung von authentischen Speisen aus der R\u00f6merzeit, die zu einem aufwendigen Buffet zusammengetragen wurden. Als Vorspeise wurden zun\u00e4chst \u201eMoretum\u201c (eine Schafsk\u00e4se-Knoblauch-Kr\u00e4uterpaste) sowie Eier in Honig-Liebst\u00f6ckelso\u00dfe vorbereitet. Hierauf folgten als Hauptspeise ein Spargelauflauf, ein H\u00e4hnchen-Minze-Salat, gebratene H\u00e4hnchenschenkel mit Dattelso\u00dfe sowie eine antike Form der Frikadelle (\u201eLucanicae\u201c), f\u00fcr deren Zubereitung unter anderem Pinienkerne, eine Vielzahl an Kr\u00e4utern und ein Hauch Fischsauce (&#8222;Liquamen&#8220;) Verwendung fanden. Den Abschluss bildete als Dessert ein Birnenauflauf und sogenannte &#8222;Globuli&#8220;, i.e. kleine B\u00e4llchen aus Quark, Gries und Mohn, die in der Pfanne gebacken und mit Honig \u00fcbergossen wurden.<\/p>\n<p><img decoding=\"async\" class=\"alignnone size-full wp-image-17726\" src=\"http:\/\/altgsgrebenstein.de\/wp-content\/uploads\/2025\/02\/IMG_1447-scaled.jpg\" alt=\"\" width=\"1920\" height=\"2560\" srcset=\"https:\/\/altgsgrebenstein.de\/wp-content\/uploads\/2025\/02\/IMG_1447-scaled.jpg 1920w, https:\/\/altgsgrebenstein.de\/wp-content\/uploads\/2025\/02\/IMG_1447-225x300.jpg 225w, https:\/\/altgsgrebenstein.de\/wp-content\/uploads\/2025\/02\/IMG_1447-768x1024.jpg 768w, https:\/\/altgsgrebenstein.de\/wp-content\/uploads\/2025\/02\/IMG_1447-1152x1536.jpg 1152w, https:\/\/altgsgrebenstein.de\/wp-content\/uploads\/2025\/02\/IMG_1447-1536x2048.jpg 1536w\" sizes=\"(max-width: 1920px) 100vw, 1920px\" \/><\/p>\n<p style=\"text-align: justify;\">Das au\u00dfergew\u00f6hnliche Mahl stie\u00df bei den Sch\u00fclerinnen und Sch\u00fcler auf ein positives Echo, und so wurde nicht nur der gute Geschmack gelobt, sondern auch die gute Stimmung beim gemeinsamen Kochen in kleinen Teams.<\/p>\n<table style=\"border-collapse: collapse; width: 100%;\">\n<tbody>\n<tr>\n<td style=\"width: 50%;\"><img decoding=\"async\" class=\"alignnone size-full wp-image-17723\" src=\"http:\/\/altgsgrebenstein.de\/wp-content\/uploads\/2025\/02\/IMG_1427-scaled.jpg\" alt=\"\" width=\"1920\" height=\"2560\" srcset=\"https:\/\/altgsgrebenstein.de\/wp-content\/uploads\/2025\/02\/IMG_1427-scaled.jpg 1920w, https:\/\/altgsgrebenstein.de\/wp-content\/uploads\/2025\/02\/IMG_1427-225x300.jpg 225w, https:\/\/altgsgrebenstein.de\/wp-content\/uploads\/2025\/02\/IMG_1427-768x1024.jpg 768w, https:\/\/altgsgrebenstein.de\/wp-content\/uploads\/2025\/02\/IMG_1427-1152x1536.jpg 1152w, https:\/\/altgsgrebenstein.de\/wp-content\/uploads\/2025\/02\/IMG_1427-1536x2048.jpg 1536w\" sizes=\"(max-width: 1920px) 100vw, 1920px\" \/><\/td>\n<td style=\"width: 50%;\"><img decoding=\"async\" class=\"alignnone size-full wp-image-17722\" src=\"http:\/\/altgsgrebenstein.de\/wp-content\/uploads\/2025\/02\/IMG_1431-scaled.jpg\" alt=\"\" width=\"1920\" height=\"2560\" srcset=\"https:\/\/altgsgrebenstein.de\/wp-content\/uploads\/2025\/02\/IMG_1431-scaled.jpg 1920w, https:\/\/altgsgrebenstein.de\/wp-content\/uploads\/2025\/02\/IMG_1431-225x300.jpg 225w, https:\/\/altgsgrebenstein.de\/wp-content\/uploads\/2025\/02\/IMG_1431-768x1024.jpg 768w, https:\/\/altgsgrebenstein.de\/wp-content\/uploads\/2025\/02\/IMG_1431-1152x1536.jpg 1152w, https:\/\/altgsgrebenstein.de\/wp-content\/uploads\/2025\/02\/IMG_1431-1536x2048.jpg 1536w\" sizes=\"(max-width: 1920px) 100vw, 1920px\" \/><\/td>\n<\/tr>\n<tr>\n<td style=\"width: 50%;\"><img decoding=\"async\" class=\"alignnone size-full wp-image-17729\" src=\"http:\/\/altgsgrebenstein.de\/wp-content\/uploads\/2025\/02\/IMG_1432-scaled.jpg\" alt=\"\" width=\"1920\" height=\"2560\" srcset=\"https:\/\/altgsgrebenstein.de\/wp-content\/uploads\/2025\/02\/IMG_1432-scaled.jpg 1920w, https:\/\/altgsgrebenstein.de\/wp-content\/uploads\/2025\/02\/IMG_1432-225x300.jpg 225w, https:\/\/altgsgrebenstein.de\/wp-content\/uploads\/2025\/02\/IMG_1432-768x1024.jpg 768w, https:\/\/altgsgrebenstein.de\/wp-content\/uploads\/2025\/02\/IMG_1432-1152x1536.jpg 1152w, https:\/\/altgsgrebenstein.de\/wp-content\/uploads\/2025\/02\/IMG_1432-1536x2048.jpg 1536w\" sizes=\"(max-width: 1920px) 100vw, 1920px\" \/><\/td>\n<td style=\"width: 50%;\"><img decoding=\"async\" class=\"alignnone size-full wp-image-17727\" src=\"http:\/\/altgsgrebenstein.de\/wp-content\/uploads\/2025\/02\/IMG_1435-scaled.jpg\" alt=\"\" width=\"1920\" height=\"2560\" srcset=\"https:\/\/altgsgrebenstein.de\/wp-content\/uploads\/2025\/02\/IMG_1435-scaled.jpg 1920w, https:\/\/altgsgrebenstein.de\/wp-content\/uploads\/2025\/02\/IMG_1435-225x300.jpg 225w, https:\/\/altgsgrebenstein.de\/wp-content\/uploads\/2025\/02\/IMG_1435-768x1024.jpg 768w, https:\/\/altgsgrebenstein.de\/wp-content\/uploads\/2025\/02\/IMG_1435-1152x1536.jpg 1152w, https:\/\/altgsgrebenstein.de\/wp-content\/uploads\/2025\/02\/IMG_1435-1536x2048.jpg 1536w\" sizes=\"(max-width: 1920px) 100vw, 1920px\" \/><\/td>\n<\/tr>\n<\/tbody>\n<\/table>\n<p style=\"text-align: justify;\">Zur Vorbereitung des Projekttages hatte sich der Lateinkurs zun\u00e4chst mit der antiken Tischkultur und dem Rezeptbuch des r\u00f6mischen Feinschmeckers Apicius besch\u00e4ftigt. Aufger\u00e4umt wurde dabei u.a. mit dem Mythos, dass alle R\u00f6mer im Liegen gegessen und vorwiegend Wein getrunken haben. Der Lateinlehrer der Gruppe, Gymnasialzweigleiter Dirk Weidmann, zeigte sich sehr erfreut \u00fcber die engagierte Mitarbeit und das Interesse an diesem Unterrichtsprojekt: \u201eGerade im altsprachlichen Unterricht ist es wichtig, den Sch\u00fclerinnen und Sch\u00fclern Br\u00fccken in die antike Welt zu bauen. Mit praxisbezogenen Unterrichtsprojekten machen wir diese spannende Epoche erfahrbar und tragen somit zur Horizonterweiterung der Lernenden sowie zur Lebendigkeit dieser interessanten Kultur bei.\u201c Ein besonderer Dank gilt Frau Aydin vom Fachbereich Arbeitslehre, die sich bereit erkl\u00e4rt hatte, das Projekt in der Lehrk\u00fcche tatkr\u00e4ftig zu unterst\u00fctzen.<\/p>\n<table style=\"border-collapse: collapse; width: 100%;\">\n<tbody>\n<tr>\n<td style=\"width: 50%;\"><img decoding=\"async\" class=\"alignnone size-full wp-image-17725\" src=\"http:\/\/altgsgrebenstein.de\/wp-content\/uploads\/2025\/02\/IMG_1428-scaled.jpg\" alt=\"\" width=\"1920\" height=\"2560\" srcset=\"https:\/\/altgsgrebenstein.de\/wp-content\/uploads\/2025\/02\/IMG_1428-scaled.jpg 1920w, https:\/\/altgsgrebenstein.de\/wp-content\/uploads\/2025\/02\/IMG_1428-225x300.jpg 225w, https:\/\/altgsgrebenstein.de\/wp-content\/uploads\/2025\/02\/IMG_1428-768x1024.jpg 768w, https:\/\/altgsgrebenstein.de\/wp-content\/uploads\/2025\/02\/IMG_1428-1152x1536.jpg 1152w, https:\/\/altgsgrebenstein.de\/wp-content\/uploads\/2025\/02\/IMG_1428-1536x2048.jpg 1536w\" sizes=\"(max-width: 1920px) 100vw, 1920px\" \/><\/td>\n<td style=\"width: 50%;\"><img decoding=\"async\" class=\"alignnone size-full wp-image-17724\" src=\"http:\/\/altgsgrebenstein.de\/wp-content\/uploads\/2025\/02\/IMG_1441-scaled.jpg\" alt=\"\" width=\"1920\" height=\"2560\" srcset=\"https:\/\/altgsgrebenstein.de\/wp-content\/uploads\/2025\/02\/IMG_1441-scaled.jpg 1920w, https:\/\/altgsgrebenstein.de\/wp-content\/uploads\/2025\/02\/IMG_1441-225x300.jpg 225w, https:\/\/altgsgrebenstein.de\/wp-content\/uploads\/2025\/02\/IMG_1441-768x1024.jpg 768w, https:\/\/altgsgrebenstein.de\/wp-content\/uploads\/2025\/02\/IMG_1441-1152x1536.jpg 1152w, https:\/\/altgsgrebenstein.de\/wp-content\/uploads\/2025\/02\/IMG_1441-1536x2048.jpg 1536w\" sizes=\"(max-width: 1920px) 100vw, 1920px\" \/><\/td>\n<\/tr>\n<\/tbody>\n<\/table>\n<p style=\"text-align: justify;\">Wer neugierig auf die antiken Rezepte geworden ist, kann diese <a href=\"http:\/\/altgsgrebenstein.de\/wp-content\/uploads\/2025\/02\/Projekttag-Kochen-wie-die-Roemer-2025-Ausgewaehlte-Rezepte.pdf\" target=\"_blank\" rel=\"noopener\">hier<\/a> zum Nachkochen in der eigenen K\u00fcche herunterladen.<\/p>\n","protected":false},"excerpt":{"rendered":"<p>Zu Beginn des neuen Schulhalbjahres erlebte der Lateinkurs der Jahrgangsstufe G8 im Rahmen eines Projekttages eine besondere Art des Lateinunterrichts: Anhand von \u00fcberlieferten Kochrezepten wagten sich die Lernenden in der Lehrk\u00fcche der Schule an die Zubereitung von authentischen Speisen aus der R\u00f6merzeit, die zu einem aufwendigen Buffet zusammengetragen wurden. Als Vorspeise wurden zun\u00e4chst \u201eMoretum\u201c (eine &hellip; <a href=\"https:\/\/altgsgrebenstein.de\/?p=17720\" class=\"more-link\"><span class=\"screen-reader-text\">&#8222;Apicius bittet zu Tisch!&#8220;-                                Projekttag &#8222;R\u00f6misch kochen&#8220; im Jahrgang G8<\/span> weiterlesen <span class=\"meta-nav\">&rarr;<\/span><\/a><\/p>\n","protected":false},"author":22,"featured_media":0,"comment_status":"closed","ping_status":"closed","sticky":false,"template":"","format":"standard","meta":{"saved_in_kubio":false,"footnotes":""},"categories":[1],"tags":[],"class_list":["post-17720","post","type-post","status-publish","format-standard","hentry","category-uncategorized"],"_links":{"self":[{"href":"https:\/\/altgsgrebenstein.de\/index.php?rest_route=\/wp\/v2\/posts\/17720","targetHints":{"allow":["GET"]}}],"collection":[{"href":"https:\/\/altgsgrebenstein.de\/index.php?rest_route=\/wp\/v2\/posts"}],"about":[{"href":"https:\/\/altgsgrebenstein.de\/index.php?rest_route=\/wp\/v2\/types\/post"}],"author":[{"embeddable":true,"href":"https:\/\/altgsgrebenstein.de\/index.php?rest_route=\/wp\/v2\/users\/22"}],"replies":[{"embeddable":true,"href":"https:\/\/altgsgrebenstein.de\/index.php?rest_route=%2Fwp%2Fv2%2Fcomments&post=17720"}],"version-history":[{"count":4,"href":"https:\/\/altgsgrebenstein.de\/index.php?rest_route=\/wp\/v2\/posts\/17720\/revisions"}],"predecessor-version":[{"id":17734,"href":"https:\/\/altgsgrebenstein.de\/index.php?rest_route=\/wp\/v2\/posts\/17720\/revisions\/17734"}],"wp:attachment":[{"href":"https:\/\/altgsgrebenstein.de\/index.php?rest_route=%2Fwp%2Fv2%2Fmedia&parent=17720"}],"wp:term":[{"taxonomy":"category","embeddable":true,"href":"https:\/\/altgsgrebenstein.de\/index.php?rest_route=%2Fwp%2Fv2%2Fcategories&post=17720"},{"taxonomy":"post_tag","embeddable":true,"href":"https:\/\/altgsgrebenstein.de\/index.php?rest_route=%2Fwp%2Fv2%2Ftags&post=17720"}],"curies":[{"name":"wp","href":"https:\/\/api.w.org\/{rel}","templated":true}]}}