{"id":17696,"date":"2025-02-03T16:25:42","date_gmt":"2025-02-03T15:25:42","guid":{"rendered":"http:\/\/altgsgrebenstein.de\/?p=17696"},"modified":"2025-02-03T16:25:42","modified_gmt":"2025-02-03T15:25:42","slug":"paedagogischer-tag-an-der-hgs-soziale-medien-und-politisch-motivierte-kriminalitaet","status":"publish","type":"post","link":"https:\/\/altgsgrebenstein.de\/?p=17696","title":{"rendered":"P\u00e4dagogischer Tag an der HGS: Soziale Medien und politisch motivierte Kriminalit\u00e4t"},"content":{"rendered":"<p>W\u00e4hrend die Sch\u00fclerinnen und Sch\u00fcler der HGS zum Halbjahresbeginn, versorgt mit Aufgaben noch einen Tag zu Hause arbeiteten, fand am Montag, den 03.02.2025 der p\u00e4dagogische Tag der Lehrkr\u00e4fte statt.<\/p>\n<p>Das Thema des heutigen Tages lautete \u201eSoziale Medien und politisch motivierte Kriminalit\u00e4t im Schulalltag: Handlungsstrategien, Pr\u00e4vention und Intervention\u201c.<\/p>\n<p>Begleitet und unterst\u00fctzt wurde der p\u00e4dagogische Tag von Herrn Aschermann und Herrn Henkel vom Polizeipr\u00e4sidium Nordhessen, die in zwei Workshops n\u00e4her auf die Thematik eingingen.<\/p>\n<p><a href=\"http:\/\/altgsgrebenstein.de\/?attachment_id=17697\" rel=\"attachment wp-att-17697\"><img decoding=\"async\" class=\"size-large wp-image-17697\" src=\"http:\/\/altgsgrebenstein.de\/wp-content\/uploads\/2025\/02\/DSC_9970-1024x678.jpg\" alt=\"\" width=\"604\" height=\"400\" srcset=\"https:\/\/altgsgrebenstein.de\/wp-content\/uploads\/2025\/02\/DSC_9970-1024x678.jpg 1024w, https:\/\/altgsgrebenstein.de\/wp-content\/uploads\/2025\/02\/DSC_9970-300x199.jpg 300w, https:\/\/altgsgrebenstein.de\/wp-content\/uploads\/2025\/02\/DSC_9970-768x509.jpg 768w, https:\/\/altgsgrebenstein.de\/wp-content\/uploads\/2025\/02\/DSC_9970-1536x1017.jpg 1536w, https:\/\/altgsgrebenstein.de\/wp-content\/uploads\/2025\/02\/DSC_9970-2048x1356.jpg 2048w\" sizes=\"(max-width: 604px) 100vw, 604px\" \/><\/a><\/p>\n<p>Nach einleitenden Gru\u00dfworten des stellvertretenden Schulleiters Herr Salomon sowie des Gymnasialleiters Herr Weidmann startete Herr Aschermann mit seinem Vortrag \u201eStrafbare Inhalte auf digitalen Endger\u00e4ten\u201c.<\/p>\n<p>Neben rechtlichen Grundlagen wies er unter anderem auf die Reichweite des Teilens privater Informationen und privater Bilder in sozialen Medien hin und verdeutlichte, wie wichtig es ist, Kinder und Jugendliche gerade in den Anf\u00e4ngen des Medienkonsums zu begleiten und zu unterst\u00fctzen. F\u00fcr Kinder unangemessene und strafbare Inhalte wurden an fiktiven Beispielen besprochen und verdeutlicht.<\/p>\n<figure id=\"attachment_17698\" aria-describedby=\"caption-attachment-17698\" style=\"width: 604px\" class=\"wp-caption aligncenter\"><a href=\"http:\/\/altgsgrebenstein.de\/?attachment_id=17698\" rel=\"attachment wp-att-17698\"><img decoding=\"async\" class=\"wp-image-17698 size-large\" src=\"http:\/\/altgsgrebenstein.de\/wp-content\/uploads\/2025\/02\/DSC_9971-scaled-e1738596137825-1024x681.jpg\" alt=\"\" width=\"604\" height=\"402\" srcset=\"https:\/\/altgsgrebenstein.de\/wp-content\/uploads\/2025\/02\/DSC_9971-scaled-e1738596137825-1024x681.jpg 1024w, https:\/\/altgsgrebenstein.de\/wp-content\/uploads\/2025\/02\/DSC_9971-scaled-e1738596137825-300x200.jpg 300w, https:\/\/altgsgrebenstein.de\/wp-content\/uploads\/2025\/02\/DSC_9971-scaled-e1738596137825-768x511.jpg 768w, https:\/\/altgsgrebenstein.de\/wp-content\/uploads\/2025\/02\/DSC_9971-scaled-e1738596137825-1536x1022.jpg 1536w, https:\/\/altgsgrebenstein.de\/wp-content\/uploads\/2025\/02\/DSC_9971-scaled-e1738596137825.jpg 1950w\" sizes=\"(max-width: 604px) 100vw, 604px\" \/><\/a><figcaption id=\"caption-attachment-17698\" class=\"wp-caption-text\">\u00a0<\/figcaption><\/figure>\n<p>Herr Henkel informierte in seinem Vortrag \u201ePolitisch motivierte Kriminalit\u00e4t im Kontext Schule\u201c \u00fcber aktuelle Hintergr\u00fcnde und M\u00f6glichkeiten des Vorgehens bei m\u00f6glichen Straftaten und Optionen f\u00fcr Schule als Handlungsfeld.<\/p>\n<figure id=\"attachment_17699\" aria-describedby=\"caption-attachment-17699\" style=\"width: 604px\" class=\"wp-caption aligncenter\"><a href=\"http:\/\/altgsgrebenstein.de\/?attachment_id=17699\" rel=\"attachment wp-att-17699\"><img decoding=\"async\" class=\"wp-image-17699 size-large\" src=\"http:\/\/altgsgrebenstein.de\/wp-content\/uploads\/2025\/02\/DSC_9980-scaled-e1738596243314-1024x655.jpg\" alt=\"\" width=\"604\" height=\"386\" srcset=\"https:\/\/altgsgrebenstein.de\/wp-content\/uploads\/2025\/02\/DSC_9980-scaled-e1738596243314-1024x655.jpg 1024w, https:\/\/altgsgrebenstein.de\/wp-content\/uploads\/2025\/02\/DSC_9980-scaled-e1738596243314-300x192.jpg 300w, https:\/\/altgsgrebenstein.de\/wp-content\/uploads\/2025\/02\/DSC_9980-scaled-e1738596243314-768x492.jpg 768w, https:\/\/altgsgrebenstein.de\/wp-content\/uploads\/2025\/02\/DSC_9980-scaled-e1738596243314-1536x983.jpg 1536w, https:\/\/altgsgrebenstein.de\/wp-content\/uploads\/2025\/02\/DSC_9980-scaled-e1738596243314-2048x1311.jpg 2048w\" sizes=\"(max-width: 604px) 100vw, 604px\" \/><\/a><figcaption id=\"caption-attachment-17699\" class=\"wp-caption-text\">\u00a0<\/figcaption><\/figure>\n<p>In vertiefenden Workshops konnten sich die Lehrkr\u00e4fte weitergehend informieren und austauschen<\/p>\n<p>Im zweiten Teil des Tages befassten sich die Lehrkr\u00e4fte, eingeteilt in verschiedene Arbeitsgruppen mit Konzepten f\u00fcr wie schulische Umsetzung.<\/p>\n<p>Somit blicken alle Beteiligten auf einen interessanten Tag zur\u00fcck, der informativ war und zum Nachdenken angeregt hat, um den aktuellen gesellschaftlichen Herausforderung besser begegnen zu k\u00f6nnen<\/p>\n","protected":false},"excerpt":{"rendered":"<p>W\u00e4hrend die Sch\u00fclerinnen und Sch\u00fcler der HGS zum Halbjahresbeginn, versorgt mit Aufgaben noch einen Tag zu Hause arbeiteten, fand am Montag, den 03.02.2025 der p\u00e4dagogische Tag der Lehrkr\u00e4fte statt. Das Thema des heutigen Tages lautete \u201eSoziale Medien und politisch motivierte Kriminalit\u00e4t im Schulalltag: Handlungsstrategien, Pr\u00e4vention und Intervention\u201c. Begleitet und unterst\u00fctzt wurde der p\u00e4dagogische Tag von &hellip; <a href=\"https:\/\/altgsgrebenstein.de\/?p=17696\" class=\"more-link\"><span class=\"screen-reader-text\">P\u00e4dagogischer Tag an der HGS: Soziale Medien und politisch motivierte Kriminalit\u00e4t<\/span> weiterlesen <span class=\"meta-nav\">&rarr;<\/span><\/a><\/p>\n","protected":false},"author":28,"featured_media":0,"comment_status":"closed","ping_status":"closed","sticky":false,"template":"","format":"standard","meta":{"saved_in_kubio":false,"footnotes":""},"categories":[1],"tags":[],"class_list":["post-17696","post","type-post","status-publish","format-standard","hentry","category-uncategorized"],"_links":{"self":[{"href":"https:\/\/altgsgrebenstein.de\/index.php?rest_route=\/wp\/v2\/posts\/17696","targetHints":{"allow":["GET"]}}],"collection":[{"href":"https:\/\/altgsgrebenstein.de\/index.php?rest_route=\/wp\/v2\/posts"}],"about":[{"href":"https:\/\/altgsgrebenstein.de\/index.php?rest_route=\/wp\/v2\/types\/post"}],"author":[{"embeddable":true,"href":"https:\/\/altgsgrebenstein.de\/index.php?rest_route=\/wp\/v2\/users\/28"}],"replies":[{"embeddable":true,"href":"https:\/\/altgsgrebenstein.de\/index.php?rest_route=%2Fwp%2Fv2%2Fcomments&post=17696"}],"version-history":[{"count":1,"href":"https:\/\/altgsgrebenstein.de\/index.php?rest_route=\/wp\/v2\/posts\/17696\/revisions"}],"predecessor-version":[{"id":17700,"href":"https:\/\/altgsgrebenstein.de\/index.php?rest_route=\/wp\/v2\/posts\/17696\/revisions\/17700"}],"wp:attachment":[{"href":"https:\/\/altgsgrebenstein.de\/index.php?rest_route=%2Fwp%2Fv2%2Fmedia&parent=17696"}],"wp:term":[{"taxonomy":"category","embeddable":true,"href":"https:\/\/altgsgrebenstein.de\/index.php?rest_route=%2Fwp%2Fv2%2Fcategories&post=17696"},{"taxonomy":"post_tag","embeddable":true,"href":"https:\/\/altgsgrebenstein.de\/index.php?rest_route=%2Fwp%2Fv2%2Ftags&post=17696"}],"curies":[{"name":"wp","href":"https:\/\/api.w.org\/{rel}","templated":true}]}}