{"id":17670,"date":"2025-01-28T23:33:55","date_gmt":"2025-01-28T22:33:55","guid":{"rendered":"http:\/\/altgsgrebenstein.de\/?p=17670"},"modified":"2025-01-28T23:36:31","modified_gmt":"2025-01-28T22:36:31","slug":"kulturpausenstart-2025-mit-violine-cello-und-klavier-ins-neue-jahr","status":"publish","type":"post","link":"https:\/\/altgsgrebenstein.de\/?p=17670","title":{"rendered":"Kulturpausenstart 2025: Mit Violine, Cello und Klavier ins neue Jahr"},"content":{"rendered":"<p><img decoding=\"async\" class=\"alignnone size-full wp-image-17677\" src=\"http:\/\/altgsgrebenstein.de\/wp-content\/uploads\/2025\/01\/IMG_1378-scaled.jpg\" alt=\"\" width=\"2245\" height=\"2560\" srcset=\"https:\/\/altgsgrebenstein.de\/wp-content\/uploads\/2025\/01\/IMG_1378-scaled.jpg 2245w, https:\/\/altgsgrebenstein.de\/wp-content\/uploads\/2025\/01\/IMG_1378-263x300.jpg 263w, https:\/\/altgsgrebenstein.de\/wp-content\/uploads\/2025\/01\/IMG_1378-898x1024.jpg 898w, https:\/\/altgsgrebenstein.de\/wp-content\/uploads\/2025\/01\/IMG_1378-768x876.jpg 768w, https:\/\/altgsgrebenstein.de\/wp-content\/uploads\/2025\/01\/IMG_1378-1347x1536.jpg 1347w, https:\/\/altgsgrebenstein.de\/wp-content\/uploads\/2025\/01\/IMG_1378-1796x2048.jpg 1796w\" sizes=\"(max-width: 2245px) 100vw, 2245px\" \/><\/p>\n<p style=\"text-align: justify;\">Kaum hat das neue Jahr begonnen, zeigt sich die Heinrich-Grupe-Schule bereits wieder von ihrer musikalischen Seite: Gleich zwei Kulturpausen mit instrumentalem Schwerpunkt entf\u00fchrten die zahlreichen Zuh\u00f6rerinnen und Zuh\u00f6rer in den ersten Wochen nach den Weihnachtsferien in verschiedene Epochen und Genres.<\/p>\n<table style=\"border-collapse: collapse; width: 100%;\">\n<tbody>\n<tr>\n<td style=\"width: 50%;\"><img decoding=\"async\" class=\"wp-image-17672 aligncenter\" src=\"http:\/\/altgsgrebenstein.de\/wp-content\/uploads\/2025\/01\/PHOTO-2025-01-20-11-52-26.jpg\" alt=\"\" width=\"230\" height=\"324\" srcset=\"https:\/\/altgsgrebenstein.de\/wp-content\/uploads\/2025\/01\/PHOTO-2025-01-20-11-52-26.jpg 1368w, https:\/\/altgsgrebenstein.de\/wp-content\/uploads\/2025\/01\/PHOTO-2025-01-20-11-52-26-213x300.jpg 213w, https:\/\/altgsgrebenstein.de\/wp-content\/uploads\/2025\/01\/PHOTO-2025-01-20-11-52-26-727x1024.jpg 727w, https:\/\/altgsgrebenstein.de\/wp-content\/uploads\/2025\/01\/PHOTO-2025-01-20-11-52-26-768x1082.jpg 768w, https:\/\/altgsgrebenstein.de\/wp-content\/uploads\/2025\/01\/PHOTO-2025-01-20-11-52-26-1090x1536.jpg 1090w\" sizes=\"(max-width: 230px) 100vw, 230px\" \/><\/td>\n<td style=\"width: 50%;\"><img decoding=\"async\" class=\"wp-image-17671 aligncenter\" src=\"http:\/\/altgsgrebenstein.de\/wp-content\/uploads\/2025\/01\/PHOTO-2025-01-20-11-52-27-2.jpg\" alt=\"\" width=\"248\" height=\"331\" srcset=\"https:\/\/altgsgrebenstein.de\/wp-content\/uploads\/2025\/01\/PHOTO-2025-01-20-11-52-27-2.jpg 1536w, https:\/\/altgsgrebenstein.de\/wp-content\/uploads\/2025\/01\/PHOTO-2025-01-20-11-52-27-2-225x300.jpg 225w, https:\/\/altgsgrebenstein.de\/wp-content\/uploads\/2025\/01\/PHOTO-2025-01-20-11-52-27-2-768x1024.jpg 768w, https:\/\/altgsgrebenstein.de\/wp-content\/uploads\/2025\/01\/PHOTO-2025-01-20-11-52-27-2-1152x1536.jpg 1152w\" sizes=\"(max-width: 248px) 100vw, 248px\" \/><\/td>\n<\/tr>\n<\/tbody>\n<\/table>\n<p style=\"text-align: justify;\">Zum Auftakt in die diesj\u00e4hrige Kulturpausensaison wurden bereits am 20.01.2025 unter dem Titel \u201eCellikatessen\u201c schwungvolle Cellost\u00fccke aufgef\u00fchrt. Frederik Weidmann (G7b) w\u00e4hlte f\u00fcr die von ihm gestaltete Kulturpause drei Werke aus drei verschiedenen Jahrhunderten aus und erfreute die G\u00e4ste zun\u00e4chst solo mit dem <em>Prelude<\/em> aus Johann Sebastian Bachs \u201eSuite Nr. 3\u201c in C-Dur (BWV 1009). Danach spielte er mit Klavierbegleitung ausdrucksstark das <em>Allegro appassionato<\/em> von Camille Saint-Sa\u00ebns in h-moll (op. 43), bevor er seine G\u00e4ste an diesem kalten Wintertag mit dem \u201eLibertango\u201c in e-moll von Astor Piazzolla abschlie\u00dfend nach S\u00fcdamerika entf\u00fchrte. Die knapp 60 Besucherinnen und Besucher \u2013 unter ihnen dieses Mal sehr viele interessierte Sch\u00fclerinnen und Sch\u00fcler aus den Jahrg\u00e4ngen 5 und 6 \u2013 dankten ihm die gef\u00fchlvoll vorgetragenen Rhythmen zum Abschluss mit viel Applaus.<\/p>\n<p><img decoding=\"async\" class=\"alignnone size-full wp-image-17679\" src=\"http:\/\/altgsgrebenstein.de\/wp-content\/uploads\/2025\/01\/IMG_1373-scaled.jpg\" alt=\"\" width=\"2560\" height=\"1920\" srcset=\"https:\/\/altgsgrebenstein.de\/wp-content\/uploads\/2025\/01\/IMG_1373-scaled.jpg 2560w, https:\/\/altgsgrebenstein.de\/wp-content\/uploads\/2025\/01\/IMG_1373-300x225.jpg 300w, https:\/\/altgsgrebenstein.de\/wp-content\/uploads\/2025\/01\/IMG_1373-1024x768.jpg 1024w, https:\/\/altgsgrebenstein.de\/wp-content\/uploads\/2025\/01\/IMG_1373-768x576.jpg 768w, https:\/\/altgsgrebenstein.de\/wp-content\/uploads\/2025\/01\/IMG_1373-1536x1152.jpg 1536w, https:\/\/altgsgrebenstein.de\/wp-content\/uploads\/2025\/01\/IMG_1373-2048x1536.jpg 2048w\" sizes=\"(max-width: 2560px) 100vw, 2560px\" \/><\/p>\n<p style=\"text-align: justify;\">Am 28.01.2025 bereicherten sodann drei Interpretinnen und Interpreten mit unterschiedlichen Instrumenten den Schulalltag im Rahmen einer weiteren Kulturpause. Angelockt vom Titel \u201eMusik in deinen Ohren\u201c fanden sich erneut gut 60 Zuh\u00f6rerinnen und Zuh\u00f6rer in der Neuen Aula ein und wurden zun\u00e4chst von Hanne M. Kunz (G6b) mit zwei St\u00fccken auf der Violine musikalisch begr\u00fc\u00dft. Hanne begann mit dem St\u00fcck \u201eAyer\u2019s Rock\u201c von Andy Rogers, kontrastiv gefolgt von einem heiteren Menuett des Barock-Komponisten Johann Sebastian Bach aus seiner zweiten Orchestersuite in b-moll (BWV 1067).<\/p>\n<table style=\"border-collapse: collapse; width: 100%;\">\n<tbody>\n<tr>\n<td style=\"width: 50%;\"><img decoding=\"async\" class=\"wp-image-17678 aligncenter\" src=\"http:\/\/altgsgrebenstein.de\/wp-content\/uploads\/2025\/01\/IMG_1371-scaled.jpg\" alt=\"\" width=\"243\" height=\"324\" srcset=\"https:\/\/altgsgrebenstein.de\/wp-content\/uploads\/2025\/01\/IMG_1371-scaled.jpg 1920w, https:\/\/altgsgrebenstein.de\/wp-content\/uploads\/2025\/01\/IMG_1371-225x300.jpg 225w, https:\/\/altgsgrebenstein.de\/wp-content\/uploads\/2025\/01\/IMG_1371-768x1024.jpg 768w, https:\/\/altgsgrebenstein.de\/wp-content\/uploads\/2025\/01\/IMG_1371-1152x1536.jpg 1152w, https:\/\/altgsgrebenstein.de\/wp-content\/uploads\/2025\/01\/IMG_1371-1536x2048.jpg 1536w\" sizes=\"(max-width: 243px) 100vw, 243px\" \/><\/td>\n<td style=\"width: 50%;\"><img decoding=\"async\" class=\"wp-image-17673 aligncenter\" src=\"http:\/\/altgsgrebenstein.de\/wp-content\/uploads\/2025\/01\/IMG_1372-scaled.jpg\" alt=\"\" width=\"224\" height=\"322\" srcset=\"https:\/\/altgsgrebenstein.de\/wp-content\/uploads\/2025\/01\/IMG_1372-scaled.jpg 1778w, https:\/\/altgsgrebenstein.de\/wp-content\/uploads\/2025\/01\/IMG_1372-208x300.jpg 208w, https:\/\/altgsgrebenstein.de\/wp-content\/uploads\/2025\/01\/IMG_1372-711x1024.jpg 711w, https:\/\/altgsgrebenstein.de\/wp-content\/uploads\/2025\/01\/IMG_1372-768x1106.jpg 768w, https:\/\/altgsgrebenstein.de\/wp-content\/uploads\/2025\/01\/IMG_1372-1067x1536.jpg 1067w, https:\/\/altgsgrebenstein.de\/wp-content\/uploads\/2025\/01\/IMG_1372-1422x2048.jpg 1422w\" sizes=\"(max-width: 224px) 100vw, 224px\" \/><\/td>\n<\/tr>\n<\/tbody>\n<\/table>\n<p style=\"text-align: justify;\">Nach Hanne trat als Gast von der benachbarten Burgberg-Grundschule Fabian Weidmann (4b) auf, der zun\u00e4chst leidenschaftlich das <em>Allegro<\/em> aus Jean-Baptiste Br\u00e9vals \u201eSonate\u201c in C-Dur auff\u00fchrte, bevor er seinem Cello die Kl\u00e4nge von Antonio Vivaldis \u201eSonate Nr. 6\u201c in b-Dur entlockte.<\/p>\n<table style=\"border-collapse: collapse; width: 100%;\">\n<tbody>\n<tr>\n<td style=\"width: 42.4152%;\"><img decoding=\"async\" class=\"wp-image-17674 aligncenter\" src=\"http:\/\/altgsgrebenstein.de\/wp-content\/uploads\/2025\/01\/IMG_1374-scaled.jpg\" alt=\"\" width=\"202\" height=\"278\" srcset=\"https:\/\/altgsgrebenstein.de\/wp-content\/uploads\/2025\/01\/IMG_1374-scaled.jpg 1857w, https:\/\/altgsgrebenstein.de\/wp-content\/uploads\/2025\/01\/IMG_1374-218x300.jpg 218w, https:\/\/altgsgrebenstein.de\/wp-content\/uploads\/2025\/01\/IMG_1374-743x1024.jpg 743w, https:\/\/altgsgrebenstein.de\/wp-content\/uploads\/2025\/01\/IMG_1374-768x1059.jpg 768w, https:\/\/altgsgrebenstein.de\/wp-content\/uploads\/2025\/01\/IMG_1374-1114x1536.jpg 1114w, https:\/\/altgsgrebenstein.de\/wp-content\/uploads\/2025\/01\/IMG_1374-1485x2048.jpg 1485w\" sizes=\"(max-width: 202px) 100vw, 202px\" \/><\/td>\n<td style=\"width: 57.5848%;\"><img decoding=\"async\" class=\"size-full wp-image-17675 aligncenter\" src=\"http:\/\/altgsgrebenstein.de\/wp-content\/uploads\/2025\/01\/IMG_1376-scaled.jpg\" alt=\"\" width=\"2560\" height=\"2043\" srcset=\"https:\/\/altgsgrebenstein.de\/wp-content\/uploads\/2025\/01\/IMG_1376-scaled.jpg 2560w, https:\/\/altgsgrebenstein.de\/wp-content\/uploads\/2025\/01\/IMG_1376-300x239.jpg 300w, https:\/\/altgsgrebenstein.de\/wp-content\/uploads\/2025\/01\/IMG_1376-1024x817.jpg 1024w, https:\/\/altgsgrebenstein.de\/wp-content\/uploads\/2025\/01\/IMG_1376-768x613.jpg 768w, https:\/\/altgsgrebenstein.de\/wp-content\/uploads\/2025\/01\/IMG_1376-1536x1226.jpg 1536w, https:\/\/altgsgrebenstein.de\/wp-content\/uploads\/2025\/01\/IMG_1376-2048x1635.jpg 2048w\" sizes=\"(max-width: 2560px) 100vw, 2560px\" \/><\/td>\n<\/tr>\n<\/tbody>\n<\/table>\n<p style=\"text-align: justify;\">Den Abschluss gestaltete Noemi J. Kunz (G7a), die auf dem Klavier das bekannte Pop-Lied \u201eAnother Love\u201c des britischen S\u00e4ngers und Liedtexters Tom Odell aus dem Jahre 2012 pr\u00e4sentierte. Mit ihrem Spiel gelang es Noemi einige Zuh\u00f6rerinnen zum spontanen Mitsummen zu bewegen und die Kulturpause stimmungsvoll und unter jubelndem Applaus zu beenden.<\/p>\n<p><img decoding=\"async\" class=\"alignnone size-full wp-image-17676\" src=\"http:\/\/altgsgrebenstein.de\/wp-content\/uploads\/2025\/01\/IMG_1377-scaled.jpg\" alt=\"\" width=\"1920\" height=\"2560\" srcset=\"https:\/\/altgsgrebenstein.de\/wp-content\/uploads\/2025\/01\/IMG_1377-scaled.jpg 1920w, https:\/\/altgsgrebenstein.de\/wp-content\/uploads\/2025\/01\/IMG_1377-225x300.jpg 225w, https:\/\/altgsgrebenstein.de\/wp-content\/uploads\/2025\/01\/IMG_1377-768x1024.jpg 768w, https:\/\/altgsgrebenstein.de\/wp-content\/uploads\/2025\/01\/IMG_1377-1152x1536.jpg 1152w, https:\/\/altgsgrebenstein.de\/wp-content\/uploads\/2025\/01\/IMG_1377-1536x2048.jpg 1536w\" sizes=\"(max-width: 1920px) 100vw, 1920px\" \/><\/p>\n<p style=\"text-align: justify;\">Allen vier aktiven Musikerinnen und Musikern der beiden Kulturpausen geb\u00fchrt ein Kompliment daf\u00fcr, dass sie sich mutig einer Auff\u00fchrungssituation gestellt haben und insbesondere auch ein Dank daf\u00fcr, dass sie das kulturelle Leben an der Heinrich-Grupe-Schule mit ihren Auftritten bereichert haben \u2013 gerne mehr davon!<\/p>\n","protected":false},"excerpt":{"rendered":"<p>Kaum hat das neue Jahr begonnen, zeigt sich die Heinrich-Grupe-Schule bereits wieder von ihrer musikalischen Seite: Gleich zwei Kulturpausen mit instrumentalem Schwerpunkt entf\u00fchrten die zahlreichen Zuh\u00f6rerinnen und Zuh\u00f6rer in den ersten Wochen nach den Weihnachtsferien in verschiedene Epochen und Genres. Zum Auftakt in die diesj\u00e4hrige Kulturpausensaison wurden bereits am 20.01.2025 unter dem Titel \u201eCellikatessen\u201c schwungvolle &hellip; <a href=\"https:\/\/altgsgrebenstein.de\/?p=17670\" class=\"more-link\"><span class=\"screen-reader-text\">Kulturpausenstart 2025: Mit Violine, Cello und Klavier ins neue Jahr<\/span> weiterlesen <span class=\"meta-nav\">&rarr;<\/span><\/a><\/p>\n","protected":false},"author":22,"featured_media":0,"comment_status":"closed","ping_status":"closed","sticky":false,"template":"","format":"standard","meta":{"saved_in_kubio":false,"footnotes":""},"categories":[1],"tags":[],"class_list":["post-17670","post","type-post","status-publish","format-standard","hentry","category-uncategorized"],"_links":{"self":[{"href":"https:\/\/altgsgrebenstein.de\/index.php?rest_route=\/wp\/v2\/posts\/17670","targetHints":{"allow":["GET"]}}],"collection":[{"href":"https:\/\/altgsgrebenstein.de\/index.php?rest_route=\/wp\/v2\/posts"}],"about":[{"href":"https:\/\/altgsgrebenstein.de\/index.php?rest_route=\/wp\/v2\/types\/post"}],"author":[{"embeddable":true,"href":"https:\/\/altgsgrebenstein.de\/index.php?rest_route=\/wp\/v2\/users\/22"}],"replies":[{"embeddable":true,"href":"https:\/\/altgsgrebenstein.de\/index.php?rest_route=%2Fwp%2Fv2%2Fcomments&post=17670"}],"version-history":[{"count":3,"href":"https:\/\/altgsgrebenstein.de\/index.php?rest_route=\/wp\/v2\/posts\/17670\/revisions"}],"predecessor-version":[{"id":17682,"href":"https:\/\/altgsgrebenstein.de\/index.php?rest_route=\/wp\/v2\/posts\/17670\/revisions\/17682"}],"wp:attachment":[{"href":"https:\/\/altgsgrebenstein.de\/index.php?rest_route=%2Fwp%2Fv2%2Fmedia&parent=17670"}],"wp:term":[{"taxonomy":"category","embeddable":true,"href":"https:\/\/altgsgrebenstein.de\/index.php?rest_route=%2Fwp%2Fv2%2Fcategories&post=17670"},{"taxonomy":"post_tag","embeddable":true,"href":"https:\/\/altgsgrebenstein.de\/index.php?rest_route=%2Fwp%2Fv2%2Ftags&post=17670"}],"curies":[{"name":"wp","href":"https:\/\/api.w.org\/{rel}","templated":true}]}}