{"id":17647,"date":"2025-01-20T15:39:28","date_gmt":"2025-01-20T14:39:28","guid":{"rendered":"http:\/\/altgsgrebenstein.de\/?p=17647"},"modified":"2025-01-28T11:05:40","modified_gmt":"2025-01-28T10:05:40","slug":"zertifizierung-der-fahrbegleiter","status":"publish","type":"post","link":"https:\/\/altgsgrebenstein.de\/?p=17647","title":{"rendered":"Zertifizierung der Fahrbegleiter"},"content":{"rendered":"<p>Wir sind stolz, dass am Mittwoch, den 15.01.25, in jahrelanger Tradition wieder eine Zertifizierung der Fahrbegleiter stattfinden konnte. 18 Sch\u00fclerinnen und Sch\u00fcler haben die Ausbildung in Theorie und Praxis zur Busbegleitung durch die KVG erfolgreich abgeschlossen.<\/p>\n<p>Die umfangreiche Ausbildung lehrte die Sch\u00fclerinnen und Sch\u00fcler, im Team Konfliktsituationen fr\u00fch zu erkennen und L\u00f6sungswege zu finden.<\/p>\n<p><a href=\"http:\/\/altgsgrebenstein.de\/?attachment_id=17650\" rel=\"attachment wp-att-17650\"><img decoding=\"async\" class=\"size-large wp-image-17650\" src=\"http:\/\/altgsgrebenstein.de\/wp-content\/uploads\/2025\/01\/DSC_9919-1024x678.jpg\" alt=\"\" width=\"604\" height=\"400\" srcset=\"https:\/\/altgsgrebenstein.de\/wp-content\/uploads\/2025\/01\/DSC_9919-1024x678.jpg 1024w, https:\/\/altgsgrebenstein.de\/wp-content\/uploads\/2025\/01\/DSC_9919-300x199.jpg 300w, https:\/\/altgsgrebenstein.de\/wp-content\/uploads\/2025\/01\/DSC_9919-768x509.jpg 768w, https:\/\/altgsgrebenstein.de\/wp-content\/uploads\/2025\/01\/DSC_9919-1536x1017.jpg 1536w, https:\/\/altgsgrebenstein.de\/wp-content\/uploads\/2025\/01\/DSC_9919-2048x1356.jpg 2048w\" sizes=\"(max-width: 604px) 100vw, 604px\" \/><\/a><\/p>\n<p>In einer gemeinsamen Feierstunde haben die Sch\u00fclerinnen und Sch\u00fcler ihre Ausbildungszertifikate und Ausweise von dem Fachbereichsleiter Schulen, Sport und Mobilit\u00e4t des Landkreises Kassel, Herrn Koch, und seiner Mitarbeiterin Frau Schr\u00f6der, dem Stellvertretenden Schulleiter Herr Salomon, dem Jugendkoordinator des Polizeipr\u00e4sidiums Nordhessen, Herrn Sahin, den Trainerinnen Frau Schaumburg und Frau Syla von der KVG und den Kontaktlehrkr\u00e4ften f\u00fcr die Busbegleiter an der Schule, Frau Schmidt und Herrn Lackner, erhalten.<\/p>\n<p><a href=\"http:\/\/altgsgrebenstein.de\/?attachment_id=17653\" rel=\"attachment wp-att-17653\"><img decoding=\"async\" class=\"size-large wp-image-17653\" src=\"http:\/\/altgsgrebenstein.de\/wp-content\/uploads\/2025\/01\/DSC_9921-1024x678.jpg\" alt=\"\" width=\"604\" height=\"400\" srcset=\"https:\/\/altgsgrebenstein.de\/wp-content\/uploads\/2025\/01\/DSC_9921-1024x678.jpg 1024w, https:\/\/altgsgrebenstein.de\/wp-content\/uploads\/2025\/01\/DSC_9921-300x199.jpg 300w, https:\/\/altgsgrebenstein.de\/wp-content\/uploads\/2025\/01\/DSC_9921-768x509.jpg 768w, https:\/\/altgsgrebenstein.de\/wp-content\/uploads\/2025\/01\/DSC_9921-1536x1017.jpg 1536w, https:\/\/altgsgrebenstein.de\/wp-content\/uploads\/2025\/01\/DSC_9921-2048x1356.jpg 2048w\" sizes=\"(max-width: 604px) 100vw, 604px\" \/><\/a><\/p>\n<p><a href=\"http:\/\/altgsgrebenstein.de\/?attachment_id=17651\" rel=\"attachment wp-att-17651\"><img decoding=\"async\" class=\"size-large wp-image-17651\" src=\"http:\/\/altgsgrebenstein.de\/wp-content\/uploads\/2025\/01\/DSC_9923-1024x678.jpg\" alt=\"\" width=\"604\" height=\"400\" srcset=\"https:\/\/altgsgrebenstein.de\/wp-content\/uploads\/2025\/01\/DSC_9923-1024x678.jpg 1024w, https:\/\/altgsgrebenstein.de\/wp-content\/uploads\/2025\/01\/DSC_9923-300x199.jpg 300w, https:\/\/altgsgrebenstein.de\/wp-content\/uploads\/2025\/01\/DSC_9923-768x509.jpg 768w, https:\/\/altgsgrebenstein.de\/wp-content\/uploads\/2025\/01\/DSC_9923-1536x1017.jpg 1536w, https:\/\/altgsgrebenstein.de\/wp-content\/uploads\/2025\/01\/DSC_9923-2048x1356.jpg 2048w\" sizes=\"(max-width: 604px) 100vw, 604px\" \/><\/a><\/p>\n<p><a href=\"http:\/\/altgsgrebenstein.de\/?attachment_id=17652\" rel=\"attachment wp-att-17652\"><img decoding=\"async\" class=\"wp-image-17652 size-large\" src=\"http:\/\/altgsgrebenstein.de\/wp-content\/uploads\/2025\/01\/DSC_9929-scaled-e1737383875508-1024x673.jpg\" alt=\"\" width=\"604\" height=\"397\" srcset=\"https:\/\/altgsgrebenstein.de\/wp-content\/uploads\/2025\/01\/DSC_9929-scaled-e1737383875508-1024x673.jpg 1024w, https:\/\/altgsgrebenstein.de\/wp-content\/uploads\/2025\/01\/DSC_9929-scaled-e1737383875508-300x197.jpg 300w, https:\/\/altgsgrebenstein.de\/wp-content\/uploads\/2025\/01\/DSC_9929-scaled-e1737383875508-768x505.jpg 768w, https:\/\/altgsgrebenstein.de\/wp-content\/uploads\/2025\/01\/DSC_9929-scaled-e1737383875508-1536x1009.jpg 1536w, https:\/\/altgsgrebenstein.de\/wp-content\/uploads\/2025\/01\/DSC_9929-scaled-e1737383875508-2048x1346.jpg 2048w\" sizes=\"(max-width: 604px) 100vw, 604px\" \/><\/a><\/p>\n<p>Einvernehmlich wurde von allen Rednerinnen und Rednern herausgestellt, wie wichtig es in der heutigen Zeit ist, Zivilcourage zu zeigen und sich f\u00fcr die Schulgemeinschaft einzusetzen und dabei Sch\u00fclerinnen und Sch\u00fclern in schwierigen Situationen beizustehen. Hilfreich hierbei sind die gelernten Techniken im selbstbewussten Auftreten, in Streitschlichtung und im Konfliktmanagement.<\/p>\n<p>Das \u00e4u\u00dferst gelungene festliche Rahmenprogramm gestalteten der Sch\u00fcler Frederik Weidmann (Cello), der von Frau Schmitt-Weidmann (Klavier) begleitet wurde, und die Tanz-AG der Jahrg\u00e4nge 5 und 6 unter Leitung von Herrn Parra.<\/p>\n<p><a href=\"http:\/\/altgsgrebenstein.de\/?attachment_id=17648\" rel=\"attachment wp-att-17648\"><img decoding=\"async\" class=\"size-large wp-image-17648\" src=\"http:\/\/altgsgrebenstein.de\/wp-content\/uploads\/2025\/01\/DSC_9913-1024x678.jpg\" alt=\"\" width=\"604\" height=\"400\" srcset=\"https:\/\/altgsgrebenstein.de\/wp-content\/uploads\/2025\/01\/DSC_9913-1024x678.jpg 1024w, https:\/\/altgsgrebenstein.de\/wp-content\/uploads\/2025\/01\/DSC_9913-300x199.jpg 300w, https:\/\/altgsgrebenstein.de\/wp-content\/uploads\/2025\/01\/DSC_9913-768x509.jpg 768w, https:\/\/altgsgrebenstein.de\/wp-content\/uploads\/2025\/01\/DSC_9913-1536x1017.jpg 1536w, https:\/\/altgsgrebenstein.de\/wp-content\/uploads\/2025\/01\/DSC_9913-2048x1356.jpg 2048w\" sizes=\"(max-width: 604px) 100vw, 604px\" \/><\/a><\/p>\n<p>&nbsp;<\/p>\n<p><a href=\"http:\/\/altgsgrebenstein.de\/?attachment_id=17649\" rel=\"attachment wp-att-17649\"><img decoding=\"async\" class=\"size-large wp-image-17649\" src=\"http:\/\/altgsgrebenstein.de\/wp-content\/uploads\/2025\/01\/DSC_9941-1024x678.jpg\" alt=\"\" width=\"604\" height=\"400\" srcset=\"https:\/\/altgsgrebenstein.de\/wp-content\/uploads\/2025\/01\/DSC_9941-1024x678.jpg 1024w, https:\/\/altgsgrebenstein.de\/wp-content\/uploads\/2025\/01\/DSC_9941-300x199.jpg 300w, https:\/\/altgsgrebenstein.de\/wp-content\/uploads\/2025\/01\/DSC_9941-768x509.jpg 768w, https:\/\/altgsgrebenstein.de\/wp-content\/uploads\/2025\/01\/DSC_9941-1536x1017.jpg 1536w, https:\/\/altgsgrebenstein.de\/wp-content\/uploads\/2025\/01\/DSC_9941-2048x1356.jpg 2048w\" sizes=\"(max-width: 604px) 100vw, 604px\" \/><\/a><\/p>\n<p>Wir gratulieren folgenden Sch\u00fclerinnen und Sch\u00fclern: Alessia Acker, Mia Bengs, Yves B\u00f6ttcher, Janik Bretthauer, Can Devecioglu, Luna R., Celine Engelbrecht, Lilly Graf, Malina Kanngie\u00dfer, Luana Krug, Michel Neumann, Lutz Poppe, Emma Rothenburg, Tareq Sanori, Ida Stein, Michelle St\u00fcmpert, Felizian Wiegel, Mattis Wollert.<\/p>\n<p><a href=\"http:\/\/altgsgrebenstein.de\/?attachment_id=17654\" rel=\"attachment wp-att-17654\"><img decoding=\"async\" class=\"aligncenter size-large wp-image-17654\" src=\"http:\/\/altgsgrebenstein.de\/wp-content\/uploads\/2025\/01\/DSC_9945-1024x577.jpg\" alt=\"\" width=\"604\" height=\"340\" srcset=\"https:\/\/altgsgrebenstein.de\/wp-content\/uploads\/2025\/01\/DSC_9945-1024x577.jpg 1024w, https:\/\/altgsgrebenstein.de\/wp-content\/uploads\/2025\/01\/DSC_9945-300x169.jpg 300w, https:\/\/altgsgrebenstein.de\/wp-content\/uploads\/2025\/01\/DSC_9945-768x433.jpg 768w, https:\/\/altgsgrebenstein.de\/wp-content\/uploads\/2025\/01\/DSC_9945-1536x866.jpg 1536w, https:\/\/altgsgrebenstein.de\/wp-content\/uploads\/2025\/01\/DSC_9945-2048x1155.jpg 2048w\" sizes=\"(max-width: 604px) 100vw, 604px\" \/><\/a><\/p>\n","protected":false},"excerpt":{"rendered":"<p>Wir sind stolz, dass am Mittwoch, den 15.01.25, in jahrelanger Tradition wieder eine Zertifizierung der Fahrbegleiter stattfinden konnte. 18 Sch\u00fclerinnen und Sch\u00fcler haben die Ausbildung in Theorie und Praxis zur Busbegleitung durch die KVG erfolgreich abgeschlossen. Die umfangreiche Ausbildung lehrte die Sch\u00fclerinnen und Sch\u00fcler, im Team Konfliktsituationen fr\u00fch zu erkennen und L\u00f6sungswege zu finden. In &hellip; <a href=\"https:\/\/altgsgrebenstein.de\/?p=17647\" class=\"more-link\"><span class=\"screen-reader-text\">Zertifizierung der Fahrbegleiter<\/span> weiterlesen <span class=\"meta-nav\">&rarr;<\/span><\/a><\/p>\n","protected":false},"author":28,"featured_media":0,"comment_status":"closed","ping_status":"closed","sticky":false,"template":"","format":"standard","meta":{"saved_in_kubio":false,"footnotes":""},"categories":[1],"tags":[],"class_list":["post-17647","post","type-post","status-publish","format-standard","hentry","category-uncategorized"],"_links":{"self":[{"href":"https:\/\/altgsgrebenstein.de\/index.php?rest_route=\/wp\/v2\/posts\/17647","targetHints":{"allow":["GET"]}}],"collection":[{"href":"https:\/\/altgsgrebenstein.de\/index.php?rest_route=\/wp\/v2\/posts"}],"about":[{"href":"https:\/\/altgsgrebenstein.de\/index.php?rest_route=\/wp\/v2\/types\/post"}],"author":[{"embeddable":true,"href":"https:\/\/altgsgrebenstein.de\/index.php?rest_route=\/wp\/v2\/users\/28"}],"replies":[{"embeddable":true,"href":"https:\/\/altgsgrebenstein.de\/index.php?rest_route=%2Fwp%2Fv2%2Fcomments&post=17647"}],"version-history":[{"count":4,"href":"https:\/\/altgsgrebenstein.de\/index.php?rest_route=\/wp\/v2\/posts\/17647\/revisions"}],"predecessor-version":[{"id":17669,"href":"https:\/\/altgsgrebenstein.de\/index.php?rest_route=\/wp\/v2\/posts\/17647\/revisions\/17669"}],"wp:attachment":[{"href":"https:\/\/altgsgrebenstein.de\/index.php?rest_route=%2Fwp%2Fv2%2Fmedia&parent=17647"}],"wp:term":[{"taxonomy":"category","embeddable":true,"href":"https:\/\/altgsgrebenstein.de\/index.php?rest_route=%2Fwp%2Fv2%2Fcategories&post=17647"},{"taxonomy":"post_tag","embeddable":true,"href":"https:\/\/altgsgrebenstein.de\/index.php?rest_route=%2Fwp%2Fv2%2Ftags&post=17647"}],"curies":[{"name":"wp","href":"https:\/\/api.w.org\/{rel}","templated":true}]}}