{"id":17616,"date":"2025-01-18T03:01:31","date_gmt":"2025-01-18T02:01:31","guid":{"rendered":"http:\/\/altgsgrebenstein.de\/?p=17616"},"modified":"2025-01-18T03:56:55","modified_gmt":"2025-01-18T02:56:55","slug":"der-klang-der-antarktis","status":"publish","type":"post","link":"https:\/\/altgsgrebenstein.de\/?p=17616","title":{"rendered":"Der Klang der Antarktis"},"content":{"rendered":"<p><img decoding=\"async\" class=\"alignnone size-full wp-image-17621\" src=\"http:\/\/altgsgrebenstein.de\/wp-content\/uploads\/2025\/01\/IMG_1102-scaled.jpg\" alt=\"\" width=\"2560\" height=\"1920\" srcset=\"https:\/\/altgsgrebenstein.de\/wp-content\/uploads\/2025\/01\/IMG_1102-scaled.jpg 2560w, https:\/\/altgsgrebenstein.de\/wp-content\/uploads\/2025\/01\/IMG_1102-300x225.jpg 300w, https:\/\/altgsgrebenstein.de\/wp-content\/uploads\/2025\/01\/IMG_1102-1024x768.jpg 1024w, https:\/\/altgsgrebenstein.de\/wp-content\/uploads\/2025\/01\/IMG_1102-768x576.jpg 768w, https:\/\/altgsgrebenstein.de\/wp-content\/uploads\/2025\/01\/IMG_1102-1536x1152.jpg 1536w, https:\/\/altgsgrebenstein.de\/wp-content\/uploads\/2025\/01\/IMG_1102-2048x1536.jpg 2048w\" sizes=\"(max-width: 2560px) 100vw, 2560px\" \/><\/p>\n<p style=\"text-align: justify;\">Nachdem bereits einige Tage zuvor erfolgreich eine <a href=\"http:\/\/altgsgrebenstein.de\/?p=17547\" target=\"_blank\" rel=\"noopener\">thematische Kulturpause zum Thema \u201eAntarktis\u201c<\/a> durchgef\u00fchrt werden konnte, erlebte das Konzept kurz vor den Weihnachtsferien eine Fortsetzung: Die Klasse G6b widmete sich im Musikunterricht ebenfalls dem s\u00fcdlichsten Kontinent und versuchte unter Anleitung ihres Lehrers Wilhelm Uebach die Antarktis in Partnerarbeit klanglich zu fassen. Ausgehend von unterschiedlichen Bildimpulsen f\u00fchlten sich die Lernenden dabei zun\u00e4chst in die ihnen unbekannte Welt ein und ergr\u00fcndeten die bildspezifische Atmosph\u00e4re, f\u00fcr die sie aufmerksam auf Bilddetails wie z.B. Tierspuren im Schnee achteten. Basierend auf ihren Beobachtungen war es sodann das Ziel der Sch\u00fclerinnen und Sch\u00fcler, ihre Eindr\u00fccke in Form von Musik und Kl\u00e4ngen zu verarbeiten und auszudr\u00fccken.<\/p>\n<table style=\"border-collapse: collapse; width: 100%;\">\n<tbody>\n<tr>\n<td style=\"width: 49.8358%;\"><img decoding=\"async\" class=\"alignnone size-full wp-image-17623\" src=\"http:\/\/altgsgrebenstein.de\/wp-content\/uploads\/2025\/01\/IMG_1099-scaled.jpg\" alt=\"\" width=\"2560\" height=\"1920\" srcset=\"https:\/\/altgsgrebenstein.de\/wp-content\/uploads\/2025\/01\/IMG_1099-scaled.jpg 2560w, https:\/\/altgsgrebenstein.de\/wp-content\/uploads\/2025\/01\/IMG_1099-300x225.jpg 300w, https:\/\/altgsgrebenstein.de\/wp-content\/uploads\/2025\/01\/IMG_1099-1024x768.jpg 1024w, https:\/\/altgsgrebenstein.de\/wp-content\/uploads\/2025\/01\/IMG_1099-768x576.jpg 768w, https:\/\/altgsgrebenstein.de\/wp-content\/uploads\/2025\/01\/IMG_1099-1536x1152.jpg 1536w, https:\/\/altgsgrebenstein.de\/wp-content\/uploads\/2025\/01\/IMG_1099-2048x1536.jpg 2048w\" sizes=\"(max-width: 2560px) 100vw, 2560px\" \/><\/td>\n<td style=\"width: 50.1642%;\"><img decoding=\"async\" class=\"alignnone size-full wp-image-17624\" src=\"http:\/\/altgsgrebenstein.de\/wp-content\/uploads\/2025\/01\/IMG_1100-scaled.jpg\" alt=\"\" width=\"2560\" height=\"1926\" srcset=\"https:\/\/altgsgrebenstein.de\/wp-content\/uploads\/2025\/01\/IMG_1100-scaled.jpg 2560w, https:\/\/altgsgrebenstein.de\/wp-content\/uploads\/2025\/01\/IMG_1100-300x226.jpg 300w, https:\/\/altgsgrebenstein.de\/wp-content\/uploads\/2025\/01\/IMG_1100-1024x771.jpg 1024w, https:\/\/altgsgrebenstein.de\/wp-content\/uploads\/2025\/01\/IMG_1100-768x578.jpg 768w, https:\/\/altgsgrebenstein.de\/wp-content\/uploads\/2025\/01\/IMG_1100-1536x1156.jpg 1536w, https:\/\/altgsgrebenstein.de\/wp-content\/uploads\/2025\/01\/IMG_1100-2048x1541.jpg 2048w\" sizes=\"(max-width: 2560px) 100vw, 2560px\" \/><\/td>\n<\/tr>\n<\/tbody>\n<\/table>\n<p style=\"text-align: justify;\">Mithilfe der Musikproduktions-App \u201e<em>GarageBand<\/em>\u201c verwandelte sich das Klassenzimmer dabei schnell in ein Tonstudio, sodass die Lernenden ohne umfangreiche Vorkenntnisse zu den Antarktisbildern Klangwelten erschaffen konnten, die sie mit der Vorlage assoziierten. F\u00fcr die Pr\u00e4sentationsphase arrangierte die Klasse in der neuen Aula schlie\u00dflich einen Rundgang, der die Besucherinnen und Besucher an mehreren Stationen dazu einlud, an iPads in die von den Lernenden erschaffenen Klangwelten einzutauchen und diese mit dem jeweils ausliegenden Bildimpuls zu vergleichen.<\/p>\n<p><img decoding=\"async\" class=\"alignnone size-full wp-image-17625\" src=\"http:\/\/altgsgrebenstein.de\/wp-content\/uploads\/2025\/01\/IMG_1095-scaled.jpg\" alt=\"\" width=\"2560\" height=\"1725\" srcset=\"https:\/\/altgsgrebenstein.de\/wp-content\/uploads\/2025\/01\/IMG_1095-scaled.jpg 2560w, https:\/\/altgsgrebenstein.de\/wp-content\/uploads\/2025\/01\/IMG_1095-300x202.jpg 300w, https:\/\/altgsgrebenstein.de\/wp-content\/uploads\/2025\/01\/IMG_1095-1024x690.jpg 1024w, https:\/\/altgsgrebenstein.de\/wp-content\/uploads\/2025\/01\/IMG_1095-768x518.jpg 768w, https:\/\/altgsgrebenstein.de\/wp-content\/uploads\/2025\/01\/IMG_1095-1536x1035.jpg 1536w, https:\/\/altgsgrebenstein.de\/wp-content\/uploads\/2025\/01\/IMG_1095-2048x1380.jpg 2048w\" sizes=\"(max-width: 2560px) 100vw, 2560px\" \/><\/p>\n<table style=\"border-collapse: collapse; width: 100%;\">\n<tbody>\n<tr>\n<td style=\"width: 59.106%;\"><img decoding=\"async\" class=\"alignnone size-full wp-image-17620\" src=\"http:\/\/altgsgrebenstein.de\/wp-content\/uploads\/2025\/01\/Elia-und-Max.jpg\" alt=\"\" width=\"1600\" height=\"800\" srcset=\"https:\/\/altgsgrebenstein.de\/wp-content\/uploads\/2025\/01\/Elia-und-Max.jpg 1600w, https:\/\/altgsgrebenstein.de\/wp-content\/uploads\/2025\/01\/Elia-und-Max-300x150.jpg 300w, https:\/\/altgsgrebenstein.de\/wp-content\/uploads\/2025\/01\/Elia-und-Max-1024x512.jpg 1024w, https:\/\/altgsgrebenstein.de\/wp-content\/uploads\/2025\/01\/Elia-und-Max-768x384.jpg 768w, https:\/\/altgsgrebenstein.de\/wp-content\/uploads\/2025\/01\/Elia-und-Max-1536x768.jpg 1536w\" sizes=\"(max-width: 1600px) 100vw, 1600px\" \/><\/td>\n<td style=\"width: 40.894%;\"><!--[if lt IE 9]><script>document.createElement('audio');<\/script><![endif]-->\n<audio class=\"wp-audio-shortcode\" id=\"audio-17616-1\" preload=\"none\" style=\"width: 100%;\" controls=\"controls\"><source type=\"audio\/mpeg\" src=\"http:\/\/altgsgrebenstein.de\/wp-content\/uploads\/2025\/01\/Elia-_-Max-Antarktis-3.mp3?_=1\" \/><a href=\"http:\/\/altgsgrebenstein.de\/wp-content\/uploads\/2025\/01\/Elia-_-Max-Antarktis-3.mp3\">http:\/\/altgsgrebenstein.de\/wp-content\/uploads\/2025\/01\/Elia-_-Max-Antarktis-3.mp3<\/a><\/audio><\/p>\n<p>&nbsp;<\/td>\n<\/tr>\n<tr>\n<td style=\"width: 59.106%;\"><img decoding=\"async\" class=\"alignnone size-full wp-image-17617\" src=\"http:\/\/altgsgrebenstein.de\/wp-content\/uploads\/2025\/01\/Lia-und-Hanne.jpg\" alt=\"\" width=\"2400\" height=\"1800\" srcset=\"https:\/\/altgsgrebenstein.de\/wp-content\/uploads\/2025\/01\/Lia-und-Hanne.jpg 2400w, https:\/\/altgsgrebenstein.de\/wp-content\/uploads\/2025\/01\/Lia-und-Hanne-300x225.jpg 300w, https:\/\/altgsgrebenstein.de\/wp-content\/uploads\/2025\/01\/Lia-und-Hanne-1024x768.jpg 1024w, https:\/\/altgsgrebenstein.de\/wp-content\/uploads\/2025\/01\/Lia-und-Hanne-768x576.jpg 768w, https:\/\/altgsgrebenstein.de\/wp-content\/uploads\/2025\/01\/Lia-und-Hanne-1536x1152.jpg 1536w, https:\/\/altgsgrebenstein.de\/wp-content\/uploads\/2025\/01\/Lia-und-Hanne-2048x1536.jpg 2048w\" sizes=\"(max-width: 2400px) 100vw, 2400px\" \/><\/td>\n<td style=\"width: 40.894%;\"><audio class=\"wp-audio-shortcode\" id=\"audio-17616-2\" preload=\"none\" style=\"width: 100%;\" controls=\"controls\"><source type=\"audio\/mpeg\" src=\"http:\/\/altgsgrebenstein.de\/wp-content\/uploads\/2025\/01\/Lina_Hanne-Antarktis-3.mp3?_=2\" \/><a href=\"http:\/\/altgsgrebenstein.de\/wp-content\/uploads\/2025\/01\/Lina_Hanne-Antarktis-3.mp3\">http:\/\/altgsgrebenstein.de\/wp-content\/uploads\/2025\/01\/Lina_Hanne-Antarktis-3.mp3<\/a><\/audio><\/td>\n<\/tr>\n<\/tbody>\n<\/table>\n<p style=\"text-align: justify;\">Gymnasialzweigleiter Dirk Weidmann, der sich den Entstehungsprozess von den Sch\u00fclerinnen und Sch\u00fclern vor Ort erkl\u00e4ren lie\u00df, lobte den kreativen Umgang mit neuen Medien, der bei den Lernenden offenbar den richtigen Nerv getroffen hat: \u201eDie modernen Medien erlauben hier einen individuellen Zugang zum Unterrichtsthema und laden die Sch\u00fclerinnen und Sch\u00fcler zum Experimentieren und anschlie\u00dfendem \u00dcberarbeiten ihrer Produkte ein. Wenn man sich mit der Klasse unterh\u00e4lt, merkt man, mit wie viel Begeisterung und Engagement dieses Projekt umgesetzt wurde \u2013 hierf\u00fcr bin ich allen Beteiligten sehr dankbar.\u201c<\/p>\n<p><img decoding=\"async\" class=\"alignnone size-full wp-image-17626\" src=\"http:\/\/altgsgrebenstein.de\/wp-content\/uploads\/2025\/01\/IMG_1097-1-scaled.jpg\" alt=\"\" width=\"1827\" height=\"2560\" srcset=\"https:\/\/altgsgrebenstein.de\/wp-content\/uploads\/2025\/01\/IMG_1097-1-scaled.jpg 1827w, https:\/\/altgsgrebenstein.de\/wp-content\/uploads\/2025\/01\/IMG_1097-1-214x300.jpg 214w, https:\/\/altgsgrebenstein.de\/wp-content\/uploads\/2025\/01\/IMG_1097-1-731x1024.jpg 731w, https:\/\/altgsgrebenstein.de\/wp-content\/uploads\/2025\/01\/IMG_1097-1-768x1076.jpg 768w, https:\/\/altgsgrebenstein.de\/wp-content\/uploads\/2025\/01\/IMG_1097-1-1096x1536.jpg 1096w, https:\/\/altgsgrebenstein.de\/wp-content\/uploads\/2025\/01\/IMG_1097-1-1461x2048.jpg 1461w\" sizes=\"(max-width: 1827px) 100vw, 1827px\" \/><\/p>\n<p style=\"text-align: justify;\">Als der Schulgong das Ende dieser Kulturpause einleitete, waren viele Besucherinnen und Besucher dar\u00fcber traurig, dass sie noch nicht alle Produkte angeh\u00f6rt hatten. Eine Sch\u00fclerin bemerkte zum Abschluss: \u201eIch m\u00f6chte noch nicht gehen!\u201c, und ihre Freundin erg\u00e4nzte: \u201eDas m\u00f6chte ich unbedingt selbst einmal ausprobieren!\u201c \u2013 Kann es ein sch\u00f6neres Lob f\u00fcr die Ergebnisse der Klasse geben?<\/p>\n<p>18.01.2025 \/ WD<\/p>\n","protected":false},"excerpt":{"rendered":"<p>Nachdem bereits einige Tage zuvor erfolgreich eine thematische Kulturpause zum Thema \u201eAntarktis\u201c durchgef\u00fchrt werden konnte, erlebte das Konzept kurz vor den Weihnachtsferien eine Fortsetzung: Die Klasse G6b widmete sich im Musikunterricht ebenfalls dem s\u00fcdlichsten Kontinent und versuchte unter Anleitung ihres Lehrers Wilhelm Uebach die Antarktis in Partnerarbeit klanglich zu fassen. Ausgehend von unterschiedlichen Bildimpulsen f\u00fchlten &hellip; <a href=\"https:\/\/altgsgrebenstein.de\/?p=17616\" class=\"more-link\"><span class=\"screen-reader-text\">Der Klang der Antarktis<\/span> weiterlesen <span class=\"meta-nav\">&rarr;<\/span><\/a><\/p>\n","protected":false},"author":22,"featured_media":0,"comment_status":"closed","ping_status":"closed","sticky":false,"template":"","format":"standard","meta":{"saved_in_kubio":false,"footnotes":""},"categories":[1],"tags":[],"class_list":["post-17616","post","type-post","status-publish","format-standard","hentry","category-uncategorized"],"_links":{"self":[{"href":"https:\/\/altgsgrebenstein.de\/index.php?rest_route=\/wp\/v2\/posts\/17616","targetHints":{"allow":["GET"]}}],"collection":[{"href":"https:\/\/altgsgrebenstein.de\/index.php?rest_route=\/wp\/v2\/posts"}],"about":[{"href":"https:\/\/altgsgrebenstein.de\/index.php?rest_route=\/wp\/v2\/types\/post"}],"author":[{"embeddable":true,"href":"https:\/\/altgsgrebenstein.de\/index.php?rest_route=\/wp\/v2\/users\/22"}],"replies":[{"embeddable":true,"href":"https:\/\/altgsgrebenstein.de\/index.php?rest_route=%2Fwp%2Fv2%2Fcomments&post=17616"}],"version-history":[{"count":10,"href":"https:\/\/altgsgrebenstein.de\/index.php?rest_route=\/wp\/v2\/posts\/17616\/revisions"}],"predecessor-version":[{"id":17636,"href":"https:\/\/altgsgrebenstein.de\/index.php?rest_route=\/wp\/v2\/posts\/17616\/revisions\/17636"}],"wp:attachment":[{"href":"https:\/\/altgsgrebenstein.de\/index.php?rest_route=%2Fwp%2Fv2%2Fmedia&parent=17616"}],"wp:term":[{"taxonomy":"category","embeddable":true,"href":"https:\/\/altgsgrebenstein.de\/index.php?rest_route=%2Fwp%2Fv2%2Fcategories&post=17616"},{"taxonomy":"post_tag","embeddable":true,"href":"https:\/\/altgsgrebenstein.de\/index.php?rest_route=%2Fwp%2Fv2%2Ftags&post=17616"}],"curies":[{"name":"wp","href":"https:\/\/api.w.org\/{rel}","templated":true}]}}