{"id":17597,"date":"2024-12-24T03:21:46","date_gmt":"2024-12-24T02:21:46","guid":{"rendered":"http:\/\/altgsgrebenstein.de\/?p=17597"},"modified":"2024-12-24T03:21:46","modified_gmt":"2024-12-24T02:21:46","slug":"lets-dance-premiere-fuer-die-erste-schuluebergreifende-kulturpause","status":"publish","type":"post","link":"https:\/\/altgsgrebenstein.de\/?p=17597","title":{"rendered":"\u201eLet\u2019s dance!\u201c: Premiere f\u00fcr die erste schul\u00fcbergreifende Kulturpause"},"content":{"rendered":"<p><img decoding=\"async\" class=\"alignnone size-full wp-image-17603\" src=\"http:\/\/altgsgrebenstein.de\/wp-content\/uploads\/2024\/12\/IMG_7828-scaled.jpg\" alt=\"\" width=\"2560\" height=\"1920\" srcset=\"https:\/\/altgsgrebenstein.de\/wp-content\/uploads\/2024\/12\/IMG_7828-scaled.jpg 2560w, https:\/\/altgsgrebenstein.de\/wp-content\/uploads\/2024\/12\/IMG_7828-300x225.jpg 300w, https:\/\/altgsgrebenstein.de\/wp-content\/uploads\/2024\/12\/IMG_7828-1024x768.jpg 1024w, https:\/\/altgsgrebenstein.de\/wp-content\/uploads\/2024\/12\/IMG_7828-768x576.jpg 768w, https:\/\/altgsgrebenstein.de\/wp-content\/uploads\/2024\/12\/IMG_7828-1536x1152.jpg 1536w, https:\/\/altgsgrebenstein.de\/wp-content\/uploads\/2024\/12\/IMG_7828-2048x1536.jpg 2048w\" sizes=\"(max-width: 2560px) 100vw, 2560px\" \/><\/p>\n<p style=\"text-align: justify;\">Nein, das Fernsehen und die gleichnamige Fernsehshow waren nicht zu Gast in der Heinrich-Grupe-Schule, als es in der vorletzten Schulwoche in der gut gef\u00fcllten Kulturhalle hie\u00df: \u201eLet\u2019s dance!\u201c Nachdem sie die Schulgemeinde bereits in der Vorweihnachtszeit mit einem fr\u00f6hlichen Videogru\u00df auf der Homepage erfreut hatten, er\u00f6ffnete die Tanz-AG der Jahrg\u00e4nge 5 und 6 unter Leitung von Jorge Parra die drittletzte Kulturpause dieses Jahres. Mit vielen akrobatischen Einlagen setzten sie zur Musik von \u201eI am what I am\u201c gekonnt k\u00fcnstlerische Akzente und \u00fcberzeugten auch bei ihrem zweiten Lied mit einer ansprechenden Choreographie.<\/p>\n<p><img decoding=\"async\" class=\"alignnone size-full wp-image-17604\" src=\"http:\/\/altgsgrebenstein.de\/wp-content\/uploads\/2024\/12\/IMG_7818-scaled.jpg\" alt=\"\" width=\"2560\" height=\"1511\" srcset=\"https:\/\/altgsgrebenstein.de\/wp-content\/uploads\/2024\/12\/IMG_7818-scaled.jpg 2560w, https:\/\/altgsgrebenstein.de\/wp-content\/uploads\/2024\/12\/IMG_7818-300x177.jpg 300w, https:\/\/altgsgrebenstein.de\/wp-content\/uploads\/2024\/12\/IMG_7818-1024x604.jpg 1024w, https:\/\/altgsgrebenstein.de\/wp-content\/uploads\/2024\/12\/IMG_7818-768x453.jpg 768w, https:\/\/altgsgrebenstein.de\/wp-content\/uploads\/2024\/12\/IMG_7818-1536x906.jpg 1536w, https:\/\/altgsgrebenstein.de\/wp-content\/uploads\/2024\/12\/IMG_7818-2048x1209.jpg 2048w\" sizes=\"(max-width: 2560px) 100vw, 2560px\" \/><\/p>\n<p><img decoding=\"async\" class=\"alignnone size-full wp-image-17601\" src=\"http:\/\/altgsgrebenstein.de\/wp-content\/uploads\/2024\/12\/IMG_7804-1-scaled.jpg\" alt=\"\" width=\"2560\" height=\"2038\" srcset=\"https:\/\/altgsgrebenstein.de\/wp-content\/uploads\/2024\/12\/IMG_7804-1-scaled.jpg 2560w, https:\/\/altgsgrebenstein.de\/wp-content\/uploads\/2024\/12\/IMG_7804-1-300x239.jpg 300w, https:\/\/altgsgrebenstein.de\/wp-content\/uploads\/2024\/12\/IMG_7804-1-1024x815.jpg 1024w, https:\/\/altgsgrebenstein.de\/wp-content\/uploads\/2024\/12\/IMG_7804-1-768x611.jpg 768w, https:\/\/altgsgrebenstein.de\/wp-content\/uploads\/2024\/12\/IMG_7804-1-1536x1223.jpg 1536w, https:\/\/altgsgrebenstein.de\/wp-content\/uploads\/2024\/12\/IMG_7804-1-2048x1630.jpg 2048w\" sizes=\"(max-width: 2560px) 100vw, 2560px\" \/><\/p>\n<p style=\"text-align: justify;\">Nachdem die HGS-Tanzgruppe von der B\u00fchne abgetreten war, erhielt die HGS zum ersten Mal Besuch von der Tanz-AG der nahegelegenen Burgberg-Schule. Unter der Leitung von ihrer Lehrerin Laura Schallert hatten die Grundsch\u00fclerinnen und -sch\u00fcler zwei T\u00e4nze zu prominenten St\u00fccken einstudiert und ergriffen die Chance, im Rahmen einer \u201eKulturpause\u201c vor einem gro\u00dfen Publikum ihr K\u00f6nnen unter Beweis zu stellen. Das Publikum zeigte sich begeistert von der Freude, welche von den Mitgliedern der Grundschul-Tanz-AG auf der B\u00fchne verspr\u00fcht wurde. Nachdem die Gruppe mit einer Performance zu Leslie Clios bekanntem Lied \u201eIch flieg\u2018 los\u201c thematisch in den Himmel gestartet war, ging es mit ihrem zweiten Auftritt \u201ezur See\u201c, indem sie den neuseel\u00e4ndischen Shanty-Song \u201eWellerman\u201c zur Auff\u00fchrung brachten. Hier wurden die Zuh\u00f6renden zum Abschluss dann auch zum Mitmachen animiert \u2013 ein Angebot, das viele Sch\u00fclerinnen und Sch\u00fcler im Sinne einer \u201ebewegten Pause\u201c gerne annahmen, sodass durch diese positive Erfahrung die Idee entstand, in Zukunft weitere \u201eMitmach-Kulturpausen\u201c zu konzipieren.<\/p>\n<p style=\"text-align: justify;\">Den beiden Tanz-AGs ein herzliches Dankesch\u00f6n f\u00fcr dieses gelungene Beispiel einer schul\u00fcbergreifenden Auff\u00fchrung &#8211; gerne mehr davon!<\/p>\n<p>22.12.2024 \/ WD<\/p>\n","protected":false},"excerpt":{"rendered":"<p>Nein, das Fernsehen und die gleichnamige Fernsehshow waren nicht zu Gast in der Heinrich-Grupe-Schule, als es in der vorletzten Schulwoche in der gut gef\u00fcllten Kulturhalle hie\u00df: \u201eLet\u2019s dance!\u201c Nachdem sie die Schulgemeinde bereits in der Vorweihnachtszeit mit einem fr\u00f6hlichen Videogru\u00df auf der Homepage erfreut hatten, er\u00f6ffnete die Tanz-AG der Jahrg\u00e4nge 5 und 6 unter Leitung &hellip; <a href=\"https:\/\/altgsgrebenstein.de\/?p=17597\" class=\"more-link\"><span class=\"screen-reader-text\">\u201eLet\u2019s dance!\u201c: Premiere f\u00fcr die erste schul\u00fcbergreifende Kulturpause<\/span> weiterlesen <span class=\"meta-nav\">&rarr;<\/span><\/a><\/p>\n","protected":false},"author":22,"featured_media":0,"comment_status":"closed","ping_status":"closed","sticky":false,"template":"","format":"standard","meta":{"saved_in_kubio":false,"footnotes":""},"categories":[1],"tags":[],"class_list":["post-17597","post","type-post","status-publish","format-standard","hentry","category-uncategorized"],"_links":{"self":[{"href":"https:\/\/altgsgrebenstein.de\/index.php?rest_route=\/wp\/v2\/posts\/17597","targetHints":{"allow":["GET"]}}],"collection":[{"href":"https:\/\/altgsgrebenstein.de\/index.php?rest_route=\/wp\/v2\/posts"}],"about":[{"href":"https:\/\/altgsgrebenstein.de\/index.php?rest_route=\/wp\/v2\/types\/post"}],"author":[{"embeddable":true,"href":"https:\/\/altgsgrebenstein.de\/index.php?rest_route=\/wp\/v2\/users\/22"}],"replies":[{"embeddable":true,"href":"https:\/\/altgsgrebenstein.de\/index.php?rest_route=%2Fwp%2Fv2%2Fcomments&post=17597"}],"version-history":[{"count":1,"href":"https:\/\/altgsgrebenstein.de\/index.php?rest_route=\/wp\/v2\/posts\/17597\/revisions"}],"predecessor-version":[{"id":17605,"href":"https:\/\/altgsgrebenstein.de\/index.php?rest_route=\/wp\/v2\/posts\/17597\/revisions\/17605"}],"wp:attachment":[{"href":"https:\/\/altgsgrebenstein.de\/index.php?rest_route=%2Fwp%2Fv2%2Fmedia&parent=17597"}],"wp:term":[{"taxonomy":"category","embeddable":true,"href":"https:\/\/altgsgrebenstein.de\/index.php?rest_route=%2Fwp%2Fv2%2Fcategories&post=17597"},{"taxonomy":"post_tag","embeddable":true,"href":"https:\/\/altgsgrebenstein.de\/index.php?rest_route=%2Fwp%2Fv2%2Ftags&post=17597"}],"curies":[{"name":"wp","href":"https:\/\/api.w.org\/{rel}","templated":true}]}}