{"id":17591,"date":"2024-12-21T14:23:25","date_gmt":"2024-12-21T13:23:25","guid":{"rendered":"http:\/\/altgsgrebenstein.de\/?p=17591"},"modified":"2024-12-24T03:24:25","modified_gmt":"2024-12-24T02:24:25","slug":"musikalisch-in-die-weihnachtsferien","status":"publish","type":"post","link":"https:\/\/altgsgrebenstein.de\/?p=17591","title":{"rendered":"Musikalisch in die Weihnachtsferien"},"content":{"rendered":"<p style=\"text-align: justify;\">Auch in diesem Jahr lud die HGS kurz vor Ferienbeginn in die Alte Aula ein, um sich mit der Unterst\u00fctzung von Musiklehrerin Wiebke H\u00fcner am letzten Schultag in vorweihnachtliche Stimmung zu singen. Die gut besuchte &#8222;Mitmach-Kulturpause&#8220; wurde mit einem Applaus und sch\u00f6nen Weihnachtsgr\u00fc\u00dfen beendet.<\/p>\n<p><a href=\"http:\/\/altgsgrebenstein.de\/?attachment_id=17593\" rel=\"attachment wp-att-17593\"><img decoding=\"async\" class=\"aligncenter size-large wp-image-17593\" src=\"http:\/\/altgsgrebenstein.de\/wp-content\/uploads\/2024\/12\/IMG_1103-1024x768.jpg\" alt=\"\" width=\"604\" height=\"453\" srcset=\"https:\/\/altgsgrebenstein.de\/wp-content\/uploads\/2024\/12\/IMG_1103-1024x768.jpg 1024w, https:\/\/altgsgrebenstein.de\/wp-content\/uploads\/2024\/12\/IMG_1103-300x225.jpg 300w, https:\/\/altgsgrebenstein.de\/wp-content\/uploads\/2024\/12\/IMG_1103-768x576.jpg 768w, https:\/\/altgsgrebenstein.de\/wp-content\/uploads\/2024\/12\/IMG_1103-1536x1152.jpg 1536w, https:\/\/altgsgrebenstein.de\/wp-content\/uploads\/2024\/12\/IMG_1103-2048x1536.jpg 2048w\" sizes=\"(max-width: 604px) 100vw, 604px\" \/><\/a> <a href=\"http:\/\/altgsgrebenstein.de\/?attachment_id=17594\" rel=\"attachment wp-att-17594\"><img decoding=\"async\" class=\"aligncenter size-large wp-image-17594\" src=\"http:\/\/altgsgrebenstein.de\/wp-content\/uploads\/2024\/12\/IMG_1104-708x1024.jpg\" alt=\"\" width=\"604\" height=\"874\" srcset=\"https:\/\/altgsgrebenstein.de\/wp-content\/uploads\/2024\/12\/IMG_1104-708x1024.jpg 708w, https:\/\/altgsgrebenstein.de\/wp-content\/uploads\/2024\/12\/IMG_1104-207x300.jpg 207w, https:\/\/altgsgrebenstein.de\/wp-content\/uploads\/2024\/12\/IMG_1104-768x1111.jpg 768w, https:\/\/altgsgrebenstein.de\/wp-content\/uploads\/2024\/12\/IMG_1104-1062x1536.jpg 1062w, https:\/\/altgsgrebenstein.de\/wp-content\/uploads\/2024\/12\/IMG_1104-1416x2048.jpg 1416w, https:\/\/altgsgrebenstein.de\/wp-content\/uploads\/2024\/12\/IMG_1104-scaled.jpg 1770w\" sizes=\"(max-width: 604px) 100vw, 604px\" \/><\/a><\/p>\n<p>Wir w\u00fcnschen allen Sch\u00fclerinnen und Sch\u00fclern sowie allen Angeh\u00f6rigen erholsame Weihnachtsferien und einen guten Jahreswechsel!<\/p>\n","protected":false},"excerpt":{"rendered":"<p>Auch in diesem Jahr lud die HGS kurz vor Ferienbeginn in die Alte Aula ein, um sich mit der Unterst\u00fctzung von Musiklehrerin Wiebke H\u00fcner am letzten Schultag in vorweihnachtliche Stimmung zu singen. Die gut besuchte &#8222;Mitmach-Kulturpause&#8220; wurde mit einem Applaus und sch\u00f6nen Weihnachtsgr\u00fc\u00dfen beendet. Wir w\u00fcnschen allen Sch\u00fclerinnen und Sch\u00fclern sowie allen Angeh\u00f6rigen erholsame Weihnachtsferien &hellip; <a href=\"https:\/\/altgsgrebenstein.de\/?p=17591\" class=\"more-link\"><span class=\"screen-reader-text\">Musikalisch in die Weihnachtsferien<\/span> weiterlesen <span class=\"meta-nav\">&rarr;<\/span><\/a><\/p>\n","protected":false},"author":28,"featured_media":0,"comment_status":"closed","ping_status":"closed","sticky":false,"template":"","format":"standard","meta":{"saved_in_kubio":false,"footnotes":""},"categories":[1],"tags":[],"class_list":["post-17591","post","type-post","status-publish","format-standard","hentry","category-uncategorized"],"_links":{"self":[{"href":"https:\/\/altgsgrebenstein.de\/index.php?rest_route=\/wp\/v2\/posts\/17591","targetHints":{"allow":["GET"]}}],"collection":[{"href":"https:\/\/altgsgrebenstein.de\/index.php?rest_route=\/wp\/v2\/posts"}],"about":[{"href":"https:\/\/altgsgrebenstein.de\/index.php?rest_route=\/wp\/v2\/types\/post"}],"author":[{"embeddable":true,"href":"https:\/\/altgsgrebenstein.de\/index.php?rest_route=\/wp\/v2\/users\/28"}],"replies":[{"embeddable":true,"href":"https:\/\/altgsgrebenstein.de\/index.php?rest_route=%2Fwp%2Fv2%2Fcomments&post=17591"}],"version-history":[{"count":3,"href":"https:\/\/altgsgrebenstein.de\/index.php?rest_route=\/wp\/v2\/posts\/17591\/revisions"}],"predecessor-version":[{"id":17607,"href":"https:\/\/altgsgrebenstein.de\/index.php?rest_route=\/wp\/v2\/posts\/17591\/revisions\/17607"}],"wp:attachment":[{"href":"https:\/\/altgsgrebenstein.de\/index.php?rest_route=%2Fwp%2Fv2%2Fmedia&parent=17591"}],"wp:term":[{"taxonomy":"category","embeddable":true,"href":"https:\/\/altgsgrebenstein.de\/index.php?rest_route=%2Fwp%2Fv2%2Fcategories&post=17591"},{"taxonomy":"post_tag","embeddable":true,"href":"https:\/\/altgsgrebenstein.de\/index.php?rest_route=%2Fwp%2Fv2%2Ftags&post=17591"}],"curies":[{"name":"wp","href":"https:\/\/api.w.org\/{rel}","templated":true}]}}