{"id":17562,"date":"2024-12-10T07:39:49","date_gmt":"2024-12-10T06:39:49","guid":{"rendered":"http:\/\/altgsgrebenstein.de\/?p=17562"},"modified":"2024-12-10T07:40:20","modified_gmt":"2024-12-10T06:40:20","slug":"der-neue-hgs-podcast-vorstellung-der-mint-und-der-spanisch-ag","status":"publish","type":"post","link":"https:\/\/altgsgrebenstein.de\/?p=17562","title":{"rendered":"Der neue HGS-Podcast: Vorstellung der Mint- und der Spanisch-AG"},"content":{"rendered":"<p>Hallo liebe Zuh\u00f6rer*innen,<\/p>\n<p>heute wollen wir Euch in unserem neuen Podcast zwei unserer AG-Angebote an der HGS vorstellen. Wir haben f\u00fcr Euch die Spanisch-AG und die MINT-AG interviewt, damit ihr Euch eine Vorstellung davon machen k\u00f6nnt, was dort so gemacht und erlebt wird.<\/p>\n<p>Gerne m\u00f6chten wir Euch nach und nach in unseren Podcastfolgen noch mehrere unserer interessanten AG-Angebote vorstellen. Seid gespannt und h\u00f6rt rein!<\/p>\n<!--[if lt IE 9]><script>document.createElement('audio');<\/script><![endif]-->\n<audio class=\"wp-audio-shortcode\" id=\"audio-17562-1\" preload=\"none\" style=\"width: 100%;\" controls=\"controls\"><source type=\"audio\/mpeg\" src=\"http:\/\/altgsgrebenstein.de\/wp-content\/uploads\/2024\/12\/PodcastMintSpanisch.mp3?_=1\" \/><a href=\"http:\/\/altgsgrebenstein.de\/wp-content\/uploads\/2024\/12\/PodcastMintSpanisch.mp3\">http:\/\/altgsgrebenstein.de\/wp-content\/uploads\/2024\/12\/PodcastMintSpanisch.mp3<\/a><\/audio>\n","protected":false},"excerpt":{"rendered":"<p>Hallo liebe Zuh\u00f6rer*innen, heute wollen wir Euch in unserem neuen Podcast zwei unserer AG-Angebote an der HGS vorstellen. Wir haben f\u00fcr Euch die Spanisch-AG und die MINT-AG interviewt, damit ihr Euch eine Vorstellung davon machen k\u00f6nnt, was dort so gemacht und erlebt wird. Gerne m\u00f6chten wir Euch nach und nach in unseren Podcastfolgen noch mehrere &hellip; <a href=\"https:\/\/altgsgrebenstein.de\/?p=17562\" class=\"more-link\"><span class=\"screen-reader-text\">Der neue HGS-Podcast: Vorstellung der Mint- und der Spanisch-AG<\/span> weiterlesen <span class=\"meta-nav\">&rarr;<\/span><\/a><\/p>\n","protected":false},"author":28,"featured_media":0,"comment_status":"closed","ping_status":"closed","sticky":false,"template":"","format":"standard","meta":{"saved_in_kubio":false,"footnotes":""},"categories":[1],"tags":[],"class_list":["post-17562","post","type-post","status-publish","format-standard","hentry","category-uncategorized"],"_links":{"self":[{"href":"https:\/\/altgsgrebenstein.de\/index.php?rest_route=\/wp\/v2\/posts\/17562","targetHints":{"allow":["GET"]}}],"collection":[{"href":"https:\/\/altgsgrebenstein.de\/index.php?rest_route=\/wp\/v2\/posts"}],"about":[{"href":"https:\/\/altgsgrebenstein.de\/index.php?rest_route=\/wp\/v2\/types\/post"}],"author":[{"embeddable":true,"href":"https:\/\/altgsgrebenstein.de\/index.php?rest_route=\/wp\/v2\/users\/28"}],"replies":[{"embeddable":true,"href":"https:\/\/altgsgrebenstein.de\/index.php?rest_route=%2Fwp%2Fv2%2Fcomments&post=17562"}],"version-history":[{"count":1,"href":"https:\/\/altgsgrebenstein.de\/index.php?rest_route=\/wp\/v2\/posts\/17562\/revisions"}],"predecessor-version":[{"id":17565,"href":"https:\/\/altgsgrebenstein.de\/index.php?rest_route=\/wp\/v2\/posts\/17562\/revisions\/17565"}],"wp:attachment":[{"href":"https:\/\/altgsgrebenstein.de\/index.php?rest_route=%2Fwp%2Fv2%2Fmedia&parent=17562"}],"wp:term":[{"taxonomy":"category","embeddable":true,"href":"https:\/\/altgsgrebenstein.de\/index.php?rest_route=%2Fwp%2Fv2%2Fcategories&post=17562"},{"taxonomy":"post_tag","embeddable":true,"href":"https:\/\/altgsgrebenstein.de\/index.php?rest_route=%2Fwp%2Fv2%2Ftags&post=17562"}],"curies":[{"name":"wp","href":"https:\/\/api.w.org\/{rel}","templated":true}]}}