{"id":17554,"date":"2024-12-08T07:59:38","date_gmt":"2024-12-08T06:59:38","guid":{"rendered":"http:\/\/altgsgrebenstein.de\/?p=17554"},"modified":"2024-12-08T07:59:38","modified_gmt":"2024-12-08T06:59:38","slug":"vorlesewettbewerb-der-6-klassen","status":"publish","type":"post","link":"https:\/\/altgsgrebenstein.de\/?p=17554","title":{"rendered":"Vorlesewettbewerb der 6. Klassen"},"content":{"rendered":"<p>Am 06.12.2024 fand in der 3. und 4. Stunde der Schulentscheid des bundesweiten Vorlesewettbewerbs 2024 statt. Dieser sei einer der gr\u00f6\u00dften bundesweiten Sch\u00fclerwettbewerben, mit j\u00e4hrlich rund 600.000 teilnehmenden Sch\u00fclerinnen und Sch\u00fclern, wie die Leiterin des Fachbereichs Deutsch, Nina Gilfert, in ihrer er\u00f6ffnenden Rede betonte. Sie zog den Vergleich, Lesen sei wie Kino im Kopf und eine Reise in unterschiedlichste Welten, dies w\u00fcrden auch die verschiedenen B\u00fccher zeigen, die die f\u00fcnf Klassensiegerinnen und Klassensieger der 6. Klassen beim Wettbewerb vorstellten.<\/p>\n<p>Nach einer musikalischen Er\u00f6ffnung der Veranstaltung durch Frederik Weidmann am Cello, der das Pr\u00e9lude aus der 3. Suite von J.S. Bach spielte, begr\u00fc\u00dfte Nina Gilfert die Jury, die aus dem Schulsieger des letzten Vorlesewettbewerbs, Frederik Weidmann, unserem Schulsprecher Noah Prei\u00df, der Realschulzweigleiterin Pia Seewald, dem Grebensteiner B\u00fcrgermeister Danny Sutor und der Deutschlehrerin Carmen Asmus bestand.<\/p>\n<p><img decoding=\"async\" class=\"size-medium wp-image-17558 aligncenter\" src=\"http:\/\/altgsgrebenstein.de\/wp-content\/uploads\/2024\/12\/IMG_6485-215x300.jpeg\" alt=\"\" width=\"215\" height=\"300\" srcset=\"https:\/\/altgsgrebenstein.de\/wp-content\/uploads\/2024\/12\/IMG_6485-215x300.jpeg 215w, https:\/\/altgsgrebenstein.de\/wp-content\/uploads\/2024\/12\/IMG_6485-736x1024.jpeg 736w, https:\/\/altgsgrebenstein.de\/wp-content\/uploads\/2024\/12\/IMG_6485-768x1069.jpeg 768w, https:\/\/altgsgrebenstein.de\/wp-content\/uploads\/2024\/12\/IMG_6485-1103x1536.jpeg 1103w, https:\/\/altgsgrebenstein.de\/wp-content\/uploads\/2024\/12\/IMG_6485-1471x2048.jpeg 1471w, https:\/\/altgsgrebenstein.de\/wp-content\/uploads\/2024\/12\/IMG_6485-scaled.jpeg 1839w\" sizes=\"(max-width: 215px) 100vw, 215px\" \/><\/p>\n<p>Die Jury hatte die schwere Aufgabe, die Klassensiegerinnen und Klassensieger beim Vorlesen einer selbst gew\u00e4hlten Textstelle und dem Lesen eines Fremdtextes nach bestimmten Kriterien zu bewerten, die die Sch\u00fclerinnen und Sch\u00fcler zuvor im Deutschunterricht erarbeitet und ge\u00fcbt hatten.<\/p>\n<p><img decoding=\"async\" class=\"size-medium wp-image-17555 aligncenter\" src=\"http:\/\/altgsgrebenstein.de\/wp-content\/uploads\/2024\/12\/image4-225x300.jpeg\" alt=\"\" width=\"225\" height=\"300\" srcset=\"https:\/\/altgsgrebenstein.de\/wp-content\/uploads\/2024\/12\/image4-225x300.jpeg 225w, https:\/\/altgsgrebenstein.de\/wp-content\/uploads\/2024\/12\/image4-768x1024.jpeg 768w, https:\/\/altgsgrebenstein.de\/wp-content\/uploads\/2024\/12\/image4-1152x1536.jpeg 1152w, https:\/\/altgsgrebenstein.de\/wp-content\/uploads\/2024\/12\/image4-1536x2048.jpeg 1536w, https:\/\/altgsgrebenstein.de\/wp-content\/uploads\/2024\/12\/image4-scaled.jpeg 1920w\" sizes=\"(max-width: 225px) 100vw, 225px\" \/><\/p>\n<p>Zun\u00e4chst las Johanna Juschkewitz (F6a) aus dem Buch \u201eDer kleine Wassermann\u201c von Ottfried Preu\u00dfler, anschlie\u00dfend Lia Peter (F6b) aus \u201eDas (un)geheimste Tagebuch der Welt\u201c von Anja Fr\u00f6hlich und dann Emely Meffert (F6c) aus dem Generationenroman \u201eKai zieht in den Krieg und kommt mit Opa zur\u00fcck\u201c von Zoran Drvenkar. Der Klassensieger der G6a, Hugo Hlawatschek, las aus dem Buch \u201eDie Schule der Magischen Tiere -Endlich Ferien mit Max und Muriel\u201c von Margit Auer und aus der G6b las Malte S\u00fcnder aus dem Buch \u201eLuzifer Junior &#8211; zu gut f\u00fcr die H\u00f6lle\u201c von Jochen Till.<\/p>\n<p>Anschlie\u00dfend k\u00fcndigte Nina Gilfert das Vorlesen des Fremdtextes an, den vorher keiner der Klassensiegerinnen und Klassensieger lesen durfte. Um sicherzustellen, dass alle die gleichen Vorraussetzungen zum Vorlesen haben, wurden alle Vorlesenden vor die T\u00fcr geschickt und lasen dann einzeln vor. Vorgelesen wurde aus dem Buch \u201eDie wundersame Winterreise der Selma Larsson\u201c von Erik Lindstr\u00f6m, in dem Selmas aufregende Reise zu ihrer Tante Maja beschrieben wird, um mit dieser Weihnachten zu feiern.<\/p>\n<p><img decoding=\"async\" class=\"size-medium wp-image-17556 aligncenter\" src=\"http:\/\/altgsgrebenstein.de\/wp-content\/uploads\/2024\/12\/image5-225x300.jpeg\" alt=\"\" width=\"225\" height=\"300\" srcset=\"https:\/\/altgsgrebenstein.de\/wp-content\/uploads\/2024\/12\/image5-225x300.jpeg 225w, https:\/\/altgsgrebenstein.de\/wp-content\/uploads\/2024\/12\/image5-768x1024.jpeg 768w, https:\/\/altgsgrebenstein.de\/wp-content\/uploads\/2024\/12\/image5-1152x1536.jpeg 1152w, https:\/\/altgsgrebenstein.de\/wp-content\/uploads\/2024\/12\/image5-1536x2048.jpeg 1536w, https:\/\/altgsgrebenstein.de\/wp-content\/uploads\/2024\/12\/image5-scaled.jpeg 1920w\" sizes=\"(max-width: 225px) 100vw, 225px\" \/><\/p>\n<p>Nachdem alle auch den Fremdtext sehr mitrei\u00dfend vorgelesen hatten, fiel der Jury die schwere Entscheidung zu, den Sieger bzw. die Siegerin auszuw\u00e4hlen.<\/p>\n<p>Bemerkenswert war die unfassbar starke Klassengemeinschaft der Klassen, die ihre Klassenkameraden mit Jubelschreien und selbst gestalteten Postern unterst\u00fctzten.<\/p>\n<p>Schlussendlich fiel die Entscheidung der Jury durch den Fremdtext auf Malte S\u00fcnder aus der G6b. Er habe vor allem durch das fast fehlerfreie Vorlesen des Fremdtextes \u00fcberzeugen k\u00f6nnen. Die Jury betonte jedoch, dass es schon bewundernswert sei, den Mut zu haben, vor knapp 100 Mitsch\u00fclerinnen und Mitsch\u00fclern vorzulesen und dass alle den Titel \u201eKlassensieger\u201c bzw. \u201eKlassensiegerin\u201c mit Stolz tragen k\u00f6nnen.<\/p>\n<p><img decoding=\"async\" class=\"size-medium wp-image-17557 aligncenter\" src=\"http:\/\/altgsgrebenstein.de\/wp-content\/uploads\/2024\/12\/image6-300x225.jpeg\" alt=\"\" width=\"300\" height=\"225\" srcset=\"https:\/\/altgsgrebenstein.de\/wp-content\/uploads\/2024\/12\/image6-300x225.jpeg 300w, https:\/\/altgsgrebenstein.de\/wp-content\/uploads\/2024\/12\/image6-1024x768.jpeg 1024w, https:\/\/altgsgrebenstein.de\/wp-content\/uploads\/2024\/12\/image6-768x576.jpeg 768w, https:\/\/altgsgrebenstein.de\/wp-content\/uploads\/2024\/12\/image6-1536x1152.jpeg 1536w, https:\/\/altgsgrebenstein.de\/wp-content\/uploads\/2024\/12\/image6-2048x1536.jpeg 2048w\" sizes=\"(max-width: 300px) 100vw, 300px\" \/><\/p>\n<p>Annika Faupel, G8a<\/p>\n","protected":false},"excerpt":{"rendered":"<p>Am 06.12.2024 fand in der 3. und 4. Stunde der Schulentscheid des bundesweiten Vorlesewettbewerbs 2024 statt. Dieser sei einer der gr\u00f6\u00dften bundesweiten Sch\u00fclerwettbewerben, mit j\u00e4hrlich rund 600.000 teilnehmenden Sch\u00fclerinnen und Sch\u00fclern, wie die Leiterin des Fachbereichs Deutsch, Nina Gilfert, in ihrer er\u00f6ffnenden Rede betonte. Sie zog den Vergleich, Lesen sei wie Kino im Kopf und &hellip; <a href=\"https:\/\/altgsgrebenstein.de\/?p=17554\" class=\"more-link\"><span class=\"screen-reader-text\">Vorlesewettbewerb der 6. Klassen<\/span> weiterlesen <span class=\"meta-nav\">&rarr;<\/span><\/a><\/p>\n","protected":false},"author":38,"featured_media":0,"comment_status":"closed","ping_status":"closed","sticky":false,"template":"","format":"standard","meta":{"saved_in_kubio":false,"footnotes":""},"categories":[1],"tags":[],"class_list":["post-17554","post","type-post","status-publish","format-standard","hentry","category-uncategorized"],"_links":{"self":[{"href":"https:\/\/altgsgrebenstein.de\/index.php?rest_route=\/wp\/v2\/posts\/17554","targetHints":{"allow":["GET"]}}],"collection":[{"href":"https:\/\/altgsgrebenstein.de\/index.php?rest_route=\/wp\/v2\/posts"}],"about":[{"href":"https:\/\/altgsgrebenstein.de\/index.php?rest_route=\/wp\/v2\/types\/post"}],"author":[{"embeddable":true,"href":"https:\/\/altgsgrebenstein.de\/index.php?rest_route=\/wp\/v2\/users\/38"}],"replies":[{"embeddable":true,"href":"https:\/\/altgsgrebenstein.de\/index.php?rest_route=%2Fwp%2Fv2%2Fcomments&post=17554"}],"version-history":[{"count":1,"href":"https:\/\/altgsgrebenstein.de\/index.php?rest_route=\/wp\/v2\/posts\/17554\/revisions"}],"predecessor-version":[{"id":17559,"href":"https:\/\/altgsgrebenstein.de\/index.php?rest_route=\/wp\/v2\/posts\/17554\/revisions\/17559"}],"wp:attachment":[{"href":"https:\/\/altgsgrebenstein.de\/index.php?rest_route=%2Fwp%2Fv2%2Fmedia&parent=17554"}],"wp:term":[{"taxonomy":"category","embeddable":true,"href":"https:\/\/altgsgrebenstein.de\/index.php?rest_route=%2Fwp%2Fv2%2Fcategories&post=17554"},{"taxonomy":"post_tag","embeddable":true,"href":"https:\/\/altgsgrebenstein.de\/index.php?rest_route=%2Fwp%2Fv2%2Ftags&post=17554"}],"curies":[{"name":"wp","href":"https:\/\/api.w.org\/{rel}","templated":true}]}}