{"id":17486,"date":"2024-12-02T14:37:00","date_gmt":"2024-12-02T13:37:00","guid":{"rendered":"http:\/\/altgsgrebenstein.de\/?p=17486"},"modified":"2024-12-17T07:33:23","modified_gmt":"2024-12-17T06:33:23","slug":"hgs-lesung-jakob-springfeld-unter-nazis-jung-ostdeutsch-gegen-rechts","status":"publish","type":"post","link":"https:\/\/altgsgrebenstein.de\/?p=17486","title":{"rendered":"HGS-Lesung: Jakob Springfeld \u201eUNTER NAZIS. JUNG, OSTDEUTSCH, GEGEN RECHTS\u201c"},"content":{"rendered":"<p>Gespannte Stille herrschte unter den 120 Sch\u00fclerinnen und Sch\u00fclern des Jahrgangs 10, als der 22-j\u00e4hrige Jakob Springfeld vom Aufwachsen im s\u00e4chsischen Zwickau erz\u00e4hlte.<\/p>\n<p><img decoding=\"async\" class=\"aligncenter size-large wp-image-17488\" src=\"http:\/\/altgsgrebenstein.de\/wp-content\/uploads\/2024\/12\/IMG_0950-1024x768.jpg\" alt=\"\" width=\"604\" height=\"453\" srcset=\"https:\/\/altgsgrebenstein.de\/wp-content\/uploads\/2024\/12\/IMG_0950-1024x768.jpg 1024w, https:\/\/altgsgrebenstein.de\/wp-content\/uploads\/2024\/12\/IMG_0950-300x225.jpg 300w, https:\/\/altgsgrebenstein.de\/wp-content\/uploads\/2024\/12\/IMG_0950-768x576.jpg 768w, https:\/\/altgsgrebenstein.de\/wp-content\/uploads\/2024\/12\/IMG_0950-1536x1152.jpg 1536w, https:\/\/altgsgrebenstein.de\/wp-content\/uploads\/2024\/12\/IMG_0950-2048x1536.jpg 2048w\" sizes=\"(max-width: 604px) 100vw, 604px\" \/><\/p>\n<p>\u201eIch habe eine unbeschwerte Kindheit mit Fu\u00dfball und Trompete spielen erlebt, eigentlich in einer \u201eBlase\u201c gelebt, ohne zu wissen, was in unserer Stadt \u00fcber Jahre passiert war\u201c. \u00a0Erst nach und nach habe er erfahren, was es mit dem NSU (Nationalsozialistischer Untergrund) in der 90.000 -Einwohnerstadt Zwickau auf sich hatte. Die NSU-Terroristen haben jahrelang unter den Zwickauern gelebt, sogar im selben Haus einer vietnamesischen Klassenkameradin. Die Zwickauer Sparkasse, die die NSU-Terroristen \u00fcberfallen hatten, lieferte das Geld f\u00fcr weitere Morde. Eine drastische und bedrohliche Schilderung am Beginn der Veranstaltung, aber eine wichtige.<\/p>\n<p><img decoding=\"async\" class=\"aligncenter size-large wp-image-17487\" src=\"http:\/\/altgsgrebenstein.de\/wp-content\/uploads\/2024\/12\/IMG_0949-746x1024.jpg\" alt=\"\" width=\"604\" height=\"829\" srcset=\"https:\/\/altgsgrebenstein.de\/wp-content\/uploads\/2024\/12\/IMG_0949-746x1024.jpg 746w, https:\/\/altgsgrebenstein.de\/wp-content\/uploads\/2024\/12\/IMG_0949-219x300.jpg 219w, https:\/\/altgsgrebenstein.de\/wp-content\/uploads\/2024\/12\/IMG_0949-768x1054.jpg 768w, https:\/\/altgsgrebenstein.de\/wp-content\/uploads\/2024\/12\/IMG_0949-1120x1536.jpg 1120w, https:\/\/altgsgrebenstein.de\/wp-content\/uploads\/2024\/12\/IMG_0949-1493x2048.jpg 1493w, https:\/\/altgsgrebenstein.de\/wp-content\/uploads\/2024\/12\/IMG_0949-scaled.jpg 1866w\" sizes=\"(max-width: 604px) 100vw, 604px\" \/><\/p>\n<p>Jakob Springfeld begr\u00fcndet sein Engagement gegen rechts, gegen Hass und Gewalt und f\u00fcr den Einsatz f\u00fcr Toleranz, Antisemitismus und Demokratie mit der ehrenamtlichen Arbeit seines Vaters. Er war 2015 in der Fl\u00fcchtlingshilfe t\u00e4tig und hier lernte Jakob Mustafa kennen. Die beiden Jungen wurden Freunde und der damals knapp dreizehnj\u00e4hrige Jakob erfuhr von den Dimensionen einer Flucht und vom Ankommen in einem neuen Land. Mustafas traumatische Erlebnisse von Gewalt, Verlust, \u00c4ngsten und Ausgrenzungen endeten nicht in Deutschland. Das alles setzte sich in Zwickau fort, was Jakob so nicht hinnehmen konnte und wollte. Hier begann sein Engagement.<\/p>\n<p>2020 schrieb er dann gemeinsam mit dem Journalisten Issio Ehrich das vorliegende Buch \u201eUNTER NAZIS\u201c. Es ist Jakobs ausf\u00fchrliche Lebensgeschichte, die von pers\u00f6nlichen Erlebnissen in Zwickau und in seinem Studienort Halle erz\u00e4hlt. Springfeld lenkt dabei den Blick auf Ereignisse der 90er Jahre, den rechten Terror des NSU und die aktuelle Entwicklung rund um die AFD.<\/p>\n<p>Immer wieder unterbricht Springfeld seine Lesung und erz\u00e4hlt direkt seine Sicht der Dinge. Er will Menschen treffen und mit ihnen ins Gespr\u00e4ch kommen, die \u201estillen\u201c Dulder aufrufen, sich zu engagieren. Springfeld wei\u00df, dass er keinen radikalen Rechten \u201eumdrehen\u201c kann, aber die vielen, die wissen, dass die Demokratie immer noch die beste Form des Regierens und Zusammenlebens ist, die will er mit seinem Buch wachr\u00fctteln und mit seinen Vortr\u00e4gen zum Engagement gegen die Anf\u00e4nge von Rassismus und Ausgrenzung aufrufen. Alle haben eine Verantwortung, ihre Stimme zu erheben. Er f\u00fchrt aus, dass die Anf\u00e4nge von Ausgrenzung oft nicht wahrgenommen werden. Alles beginne ganz still und leise. Oft denke man, bei uns doch nicht. Das alles sei ganz weit weg. Aber Rassismus und Ausgrenzung beginne bereits mit \u201elustigen\u201c Spr\u00fcchen im Klassenzimmer, die beim genauen Hinh\u00f6ren massiv ausgrenzend seien. Hier fordert Springfeld alle Sch\u00fclerinnen, Sch\u00fcler als auch Lehrende auf, wachsam zu sein und fr\u00fch anzufangen, etwas dagegen zu tun und somit mutig zu sein.<\/p>\n<p>Jakob Springfeld las und berichtete gut eine Stunde. Anschlie\u00dfend kam er mit den Sch\u00fclerinnen und Sch\u00fclern ins Gespr\u00e4ch. Die Frage, ob er Angst habe, bejahte er ohne Z\u00f6gern. Fast t\u00e4glich bekomme er Hassnachrichten und das Bedr\u00e4ngen von rechten Gruppen geh\u00f6re zu seinem Alltag. Eingebettet zu sein, in die gro\u00dfe Gruppe von Mitstreitern und Freunden, lie\u00dfe ihn das alles aushalten. Zudem wies er auf den VBRG (Verband der Beratungsstellen f\u00fcr Betroffene rechter Gewalt) hin. Dorthin k\u00f6nnen sich Betroffene wenden, um beraten und gesch\u00fctzt zu werden.<\/p>\n<p>Dass Rechtsradikalismus ein gesamteurop\u00e4isches Problem sei, sieht auch Springfeld. Er schl\u00e4gt vor, dass man sich hier auf seinen Bereich und in unserem Fall auf die Schule konzentrieren m\u00fcsse. Er spricht u.a. von Projekten zu entsprechenden Themen, von Diskussionsrunden, von Informationen zu Flucht und Vertreibung. So h\u00e4tten sie es auch damals in seiner Schulzeit getan.<\/p>\n<p>Eine Sch\u00fclerin wundert sich, dass trotz Informationen \u00fcber deren \u201eGesinnung\u201c viele Menschen die AFD w\u00e4hlten. Der Politikstudent Springfeld weist hier auf die \u201eeinfachen\u201c Antworten und L\u00f6sungen hin, die diese Partei anbietet. Einfache, unkomplizierte Antworten seien in dieser momentan aus gro\u00dfen Unsicherheiten bestehenden Welt beliebt. Er fordert deshalb alle auf, sich genau zu informieren und einfache L\u00f6sungen unbedingt zu hinterfragen.<\/p>\n<p><a href=\"http:\/\/altgsgrebenstein.de\/?attachment_id=17489\" rel=\"attachment wp-att-17489\"><img decoding=\"async\" class=\"aligncenter size-large wp-image-17489\" src=\"http:\/\/altgsgrebenstein.de\/wp-content\/uploads\/2024\/12\/SpringfeldJakob_c_Martin-Neuhof_4c-2-1024x751.jpg\" alt=\"\" width=\"604\" height=\"443\" srcset=\"https:\/\/altgsgrebenstein.de\/wp-content\/uploads\/2024\/12\/SpringfeldJakob_c_Martin-Neuhof_4c-2-1024x751.jpg 1024w, https:\/\/altgsgrebenstein.de\/wp-content\/uploads\/2024\/12\/SpringfeldJakob_c_Martin-Neuhof_4c-2-300x220.jpg 300w, https:\/\/altgsgrebenstein.de\/wp-content\/uploads\/2024\/12\/SpringfeldJakob_c_Martin-Neuhof_4c-2-768x563.jpg 768w, https:\/\/altgsgrebenstein.de\/wp-content\/uploads\/2024\/12\/SpringfeldJakob_c_Martin-Neuhof_4c-2-1536x1127.jpg 1536w, https:\/\/altgsgrebenstein.de\/wp-content\/uploads\/2024\/12\/SpringfeldJakob_c_Martin-Neuhof_4c-2-2048x1503.jpg 2048w\" sizes=\"(max-width: 604px) 100vw, 604px\" \/><\/a><\/p>\n<p>Am Ende der zweist\u00fcndigen Veranstaltung gab es viel Applaus und ca. 20 Sch\u00fclerinnen und Sch\u00fcler suchten noch das direkte Gespr\u00e4ch mit Jakob Springfeld. Vertieft werden kann die Thematik nun mit einer Reihe an B\u00fcchern zum Thema, welche die Sch\u00fclerb\u00fccherei auf einem <a href=\"http:\/\/altgsgrebenstein.de\/wp-content\/uploads\/2024\/12\/BA\u00bcchereiaushang-Thementisch-1-1.pdf\">themenbezogenen B\u00fcchertisch<\/a> zusammengestellt hat.<\/p>\n<p>Insgesamt war die Lesung eine wichtige Auftaktveranstaltung im Rahmen des Konzeptes \u201eSchule gegen Rassismus \u2013 Schule mit Courage\u201c. Gymnasialleiter Dirk Weidmann sagen wir an dieser Stelle &#8222;DANKE&#8220;: Er holte Jakob Springfeld zur Lesung an die HGS.<\/p>\n<p>RHB<\/p>\n","protected":false},"excerpt":{"rendered":"<p>Gespannte Stille herrschte unter den 120 Sch\u00fclerinnen und Sch\u00fclern des Jahrgangs 10, als der 22-j\u00e4hrige Jakob Springfeld vom Aufwachsen im s\u00e4chsischen Zwickau erz\u00e4hlte. \u201eIch habe eine unbeschwerte Kindheit mit Fu\u00dfball und Trompete spielen erlebt, eigentlich in einer \u201eBlase\u201c gelebt, ohne zu wissen, was in unserer Stadt \u00fcber Jahre passiert war\u201c. \u00a0Erst nach und nach habe &hellip; <a href=\"https:\/\/altgsgrebenstein.de\/?p=17486\" class=\"more-link\"><span class=\"screen-reader-text\">HGS-Lesung: Jakob Springfeld \u201eUNTER NAZIS. JUNG, OSTDEUTSCH, GEGEN RECHTS\u201c<\/span> weiterlesen <span class=\"meta-nav\">&rarr;<\/span><\/a><\/p>\n","protected":false},"author":28,"featured_media":0,"comment_status":"closed","ping_status":"closed","sticky":false,"template":"","format":"standard","meta":{"saved_in_kubio":false,"footnotes":""},"categories":[1],"tags":[],"class_list":["post-17486","post","type-post","status-publish","format-standard","hentry","category-uncategorized"],"_links":{"self":[{"href":"https:\/\/altgsgrebenstein.de\/index.php?rest_route=\/wp\/v2\/posts\/17486","targetHints":{"allow":["GET"]}}],"collection":[{"href":"https:\/\/altgsgrebenstein.de\/index.php?rest_route=\/wp\/v2\/posts"}],"about":[{"href":"https:\/\/altgsgrebenstein.de\/index.php?rest_route=\/wp\/v2\/types\/post"}],"author":[{"embeddable":true,"href":"https:\/\/altgsgrebenstein.de\/index.php?rest_route=\/wp\/v2\/users\/28"}],"replies":[{"embeddable":true,"href":"https:\/\/altgsgrebenstein.de\/index.php?rest_route=%2Fwp%2Fv2%2Fcomments&post=17486"}],"version-history":[{"count":6,"href":"https:\/\/altgsgrebenstein.de\/index.php?rest_route=\/wp\/v2\/posts\/17486\/revisions"}],"predecessor-version":[{"id":17589,"href":"https:\/\/altgsgrebenstein.de\/index.php?rest_route=\/wp\/v2\/posts\/17486\/revisions\/17589"}],"wp:attachment":[{"href":"https:\/\/altgsgrebenstein.de\/index.php?rest_route=%2Fwp%2Fv2%2Fmedia&parent=17486"}],"wp:term":[{"taxonomy":"category","embeddable":true,"href":"https:\/\/altgsgrebenstein.de\/index.php?rest_route=%2Fwp%2Fv2%2Fcategories&post=17486"},{"taxonomy":"post_tag","embeddable":true,"href":"https:\/\/altgsgrebenstein.de\/index.php?rest_route=%2Fwp%2Fv2%2Ftags&post=17486"}],"curies":[{"name":"wp","href":"https:\/\/api.w.org\/{rel}","templated":true}]}}