{"id":17452,"date":"2024-11-26T21:39:02","date_gmt":"2024-11-26T20:39:02","guid":{"rendered":"http:\/\/altgsgrebenstein.de\/?p=17452"},"modified":"2024-11-26T21:39:02","modified_gmt":"2024-11-26T20:39:02","slug":"500-neue-baeume-koennen-am-schaeferberg-wachsen","status":"publish","type":"post","link":"https:\/\/altgsgrebenstein.de\/?p=17452","title":{"rendered":"500 neue B\u00e4ume k\u00f6nnen am Sch\u00e4ferberg wachsen"},"content":{"rendered":"<p>Durchgefroren, verdreckt, trotzdem fr\u00f6hlich und vor allem stolz waren die<br \/>\nM\u00e4dchen und Jungen der Klassen H7 an einem au\u00dferschulischen Unterrichtstag<br \/>\nin der 2. Novemberh\u00e4lfte.<\/p>\n<p><img decoding=\"async\" class=\"alignnone size-medium wp-image-17455\" src=\"http:\/\/altgsgrebenstein.de\/wp-content\/uploads\/2024\/11\/Lukas_Milow-200x300.jpg\" alt=\"\" width=\"200\" height=\"300\" srcset=\"https:\/\/altgsgrebenstein.de\/wp-content\/uploads\/2024\/11\/Lukas_Milow-200x300.jpg 200w, https:\/\/altgsgrebenstein.de\/wp-content\/uploads\/2024\/11\/Lukas_Milow-684x1024.jpg 684w, https:\/\/altgsgrebenstein.de\/wp-content\/uploads\/2024\/11\/Lukas_Milow-768x1150.jpg 768w, https:\/\/altgsgrebenstein.de\/wp-content\/uploads\/2024\/11\/Lukas_Milow-1025x1536.jpg 1025w, https:\/\/altgsgrebenstein.de\/wp-content\/uploads\/2024\/11\/Lukas_Milow-1367x2048.jpg 1367w, https:\/\/altgsgrebenstein.de\/wp-content\/uploads\/2024\/11\/Lukas_Milow-scaled.jpg 1709w\" sizes=\"(max-width: 200px) 100vw, 200px\" \/>\u00a0 \u00a0 \u00a0 \u00a0 \u00a0 \u00a0 \u00a0 \u00a0 \u00a0 <img decoding=\"async\" class=\"alignnone size-medium wp-image-17454\" src=\"http:\/\/altgsgrebenstein.de\/wp-content\/uploads\/2024\/11\/Dominic_Sasha-200x300.jpg\" alt=\"\" width=\"200\" height=\"300\" srcset=\"https:\/\/altgsgrebenstein.de\/wp-content\/uploads\/2024\/11\/Dominic_Sasha-200x300.jpg 200w, https:\/\/altgsgrebenstein.de\/wp-content\/uploads\/2024\/11\/Dominic_Sasha-684x1024.jpg 684w, https:\/\/altgsgrebenstein.de\/wp-content\/uploads\/2024\/11\/Dominic_Sasha-768x1150.jpg 768w, https:\/\/altgsgrebenstein.de\/wp-content\/uploads\/2024\/11\/Dominic_Sasha-1025x1536.jpg 1025w, https:\/\/altgsgrebenstein.de\/wp-content\/uploads\/2024\/11\/Dominic_Sasha-1367x2048.jpg 1367w, https:\/\/altgsgrebenstein.de\/wp-content\/uploads\/2024\/11\/Dominic_Sasha-scaled.jpg 1709w\" sizes=\"(max-width: 200px) 100vw, 200px\" \/><\/p>\n<p>Immerhin konnten sie eine besondere Bilanz vorweisen: Gemeinsam mit ihren Klassenlehrkr\u00e4ften Sascha Lackner, Andreas K\u00f6bler, Eva Thiemann-G\u00f6ring und Susann Adam hatten sie 500 B\u00e4ume im Wald am Sch\u00e4ferberg Espenau gepflanzt. Revierf\u00f6rster Florian Horst begleitete die Klassen, gab ihnen einen \u00dcberblick \u00fcber das \u00d6kosystem Wald, das Alter der B\u00e4ume am Sch\u00e4ferberg, \u00fcber Baumkrankheiten und Aufgaben eines F\u00f6rsters.<\/p>\n<p><img decoding=\"async\" class=\"alignnone size-medium wp-image-17453\" src=\"http:\/\/altgsgrebenstein.de\/wp-content\/uploads\/2024\/11\/Baumalter-300x200.jpg\" alt=\"\" width=\"300\" height=\"200\" srcset=\"https:\/\/altgsgrebenstein.de\/wp-content\/uploads\/2024\/11\/Baumalter-300x200.jpg 300w, https:\/\/altgsgrebenstein.de\/wp-content\/uploads\/2024\/11\/Baumalter-1024x684.jpg 1024w, https:\/\/altgsgrebenstein.de\/wp-content\/uploads\/2024\/11\/Baumalter-768x513.jpg 768w, https:\/\/altgsgrebenstein.de\/wp-content\/uploads\/2024\/11\/Baumalter-1536x1025.jpg 1536w, https:\/\/altgsgrebenstein.de\/wp-content\/uploads\/2024\/11\/Baumalter-2048x1367.jpg 2048w\" sizes=\"(max-width: 300px) 100vw, 300px\" \/><\/p>\n<p>Nach einer kurzen Einweisung verteilten sich die Siebtkl\u00e4ssler im Gel\u00e4nde, um<br \/>\ngemeinsam mit ihren Lehrkr\u00e4ften junge Wei\u00dftannen und Spitzahorne an vorher<br \/>\ngekennzeichneten Fl\u00e4chen einzupflanzen. Obwohl es galt, die vielen Setzlinge<br \/>\ngewissenhaft einzupflanzen, war die Aufgabe bei Temperaturen knapp \u00fcber<br \/>\ndem Gefrierpunkt relativ z\u00fcgig erledigt. Dieser Praxistag erg\u00e4nzte die Eindr\u00fccke<br \/>\nder \u201eWaldausstellung\u201c im Naturkundemuseum Kassel, die die Grebensteiner im<br \/>\nSommer besucht hatten. F\u00fcr Lehrer Sascha Lackner, der den Pflanztag mit<br \/>\nF\u00f6rster Horst vorbereitet hatte, steht fest, dass es noch eine weitere Aktion<br \/>\ngeben soll: \u201eIm Fr\u00fchjahr werden wir wieder in den Wald gehen und uns mit<br \/>\ndessen Zustand auseinandersetzen.\u201c<br \/>\nFlorian Horst war \u00fcber die tatkr\u00e4ftige Unterst\u00fctzung so erfreut, dass er sich mit<br \/>\neinem Zuschuss f\u00fcr die Klassenkassen bedankte.<br \/>\n<span style=\"font-size: 10pt;\">\u00a0 \u00a0 \u00a0 \u00a0 \u00a0 \u00a0 \u00a0 \u00a0 \u00a0 \u00a0 \u00a0 \u00a0 \u00a0 \u00a0 \u00a0 \u00a0 \u00a0 \u00a0 \u00a0 \u00a0 \u00a0 \u00a0 \u00a0 \u00a0 \u00a0 \u00a0 \u00a0 \u00a0 \u00a0 \u00a0 \u00a0 \u00a0 \u00a0 \u00a0 \u00a0 \u00a0 \u00a0 \u00a0 \u00a0 \u00a0 \u00a0 \u00a0 \u00a0 \u00a0 \u00a0 \u00a0 \u00a0 \u00a0 \u00a0 \u00a0 \u00a0 \u00a0 \u00a0 \u00a0 \u00a0 \u00a0 \u00a0 \u00a0 \u00a0 \u00a0 \u00a0 \u00a0 \u00a0 \u00a0 \u00a0 \u00a0 \u00a0 \u00a0 \u00a0 \u00a0 \u00a0 \u00a0 \u00a0 \u00a0 \u00a0 \u00a0 \u00a0 \u00a0 \u00a0 \u00a0 \u00a0 \u00a0 \u00a0 \u00a0<\/span><span style=\"font-size: 10pt;\">Susann Adam<\/span><\/p>\n","protected":false},"excerpt":{"rendered":"<p>Durchgefroren, verdreckt, trotzdem fr\u00f6hlich und vor allem stolz waren die M\u00e4dchen und Jungen der Klassen H7 an einem au\u00dferschulischen Unterrichtstag in der 2. Novemberh\u00e4lfte. \u00a0 \u00a0 \u00a0 \u00a0 \u00a0 \u00a0 \u00a0 \u00a0 \u00a0 Immerhin konnten sie eine besondere Bilanz vorweisen: Gemeinsam mit ihren Klassenlehrkr\u00e4ften Sascha Lackner, Andreas K\u00f6bler, Eva Thiemann-G\u00f6ring und Susann Adam hatten sie &hellip; <a href=\"https:\/\/altgsgrebenstein.de\/?p=17452\" class=\"more-link\"><span class=\"screen-reader-text\">500 neue B\u00e4ume k\u00f6nnen am Sch\u00e4ferberg wachsen<\/span> weiterlesen <span class=\"meta-nav\">&rarr;<\/span><\/a><\/p>\n","protected":false},"author":25,"featured_media":0,"comment_status":"closed","ping_status":"closed","sticky":false,"template":"","format":"standard","meta":{"saved_in_kubio":false,"footnotes":""},"categories":[1],"tags":[],"class_list":["post-17452","post","type-post","status-publish","format-standard","hentry","category-uncategorized"],"_links":{"self":[{"href":"https:\/\/altgsgrebenstein.de\/index.php?rest_route=\/wp\/v2\/posts\/17452","targetHints":{"allow":["GET"]}}],"collection":[{"href":"https:\/\/altgsgrebenstein.de\/index.php?rest_route=\/wp\/v2\/posts"}],"about":[{"href":"https:\/\/altgsgrebenstein.de\/index.php?rest_route=\/wp\/v2\/types\/post"}],"author":[{"embeddable":true,"href":"https:\/\/altgsgrebenstein.de\/index.php?rest_route=\/wp\/v2\/users\/25"}],"replies":[{"embeddable":true,"href":"https:\/\/altgsgrebenstein.de\/index.php?rest_route=%2Fwp%2Fv2%2Fcomments&post=17452"}],"version-history":[{"count":2,"href":"https:\/\/altgsgrebenstein.de\/index.php?rest_route=\/wp\/v2\/posts\/17452\/revisions"}],"predecessor-version":[{"id":17457,"href":"https:\/\/altgsgrebenstein.de\/index.php?rest_route=\/wp\/v2\/posts\/17452\/revisions\/17457"}],"wp:attachment":[{"href":"https:\/\/altgsgrebenstein.de\/index.php?rest_route=%2Fwp%2Fv2%2Fmedia&parent=17452"}],"wp:term":[{"taxonomy":"category","embeddable":true,"href":"https:\/\/altgsgrebenstein.de\/index.php?rest_route=%2Fwp%2Fv2%2Fcategories&post=17452"},{"taxonomy":"post_tag","embeddable":true,"href":"https:\/\/altgsgrebenstein.de\/index.php?rest_route=%2Fwp%2Fv2%2Ftags&post=17452"}],"curies":[{"name":"wp","href":"https:\/\/api.w.org\/{rel}","templated":true}]}}